{"id":30975,"date":"2021-01-11T12:22:24","date_gmt":"2021-01-11T12:22:24","guid":{"rendered":"https:\/\/gazetaregionalna.com\/?p=30975"},"modified":"2021-01-11T12:23:40","modified_gmt":"2021-01-11T12:23:40","slug":"projekt-edukacyjny","status":"publish","type":"post","link":"https:\/\/gazetaregionalna.com\/?p=30975","title":{"rendered":"Wyr\u00f3\u017cnienie i nagroda za projekt edukacyjny \u201eWiklinowa zatoka \u2013 bobry s\u0105 w\u015br\u00f3d nas\u201d"},"content":{"rendered":"\n<h2 class=\"wp-block-heading\">Firma Cemex wyr\u00f3\u017cni\u0142a i nagrodzi\u0142a z\u0142o\u017cony przez grup\u0119 MARTENS projekt edukacyjny pod tytu\u0142em <strong>\u201eWiklinowa zatoka &#8211; bobry s\u0105 w\u015br\u00f3d nas\u201d<\/strong>.&nbsp; Projekt zwraca uwag\u0119 na znajduj\u0105ce si\u0119 w miejscowo\u015bci Aleksandria siedliska bobr\u00f3w, kt\u00f3re na nowo si\u0119 tu osiedlaj\u0105. <\/h2>\n\n\n\n<figure class=\"wp-block-image size-large\"><img decoding=\"async\" width=\"1024\" height=\"684\" data-src=\"https:\/\/gazetaregionalna.com\/wp-content\/uploads\/2021\/01\/justyna_janus-bobry-1024x684.jpg\" alt=\"\" class=\"wp-image-30979 lazyload\" data-srcset=\"https:\/\/gazetaregionalna.com\/wp-content\/uploads\/2021\/01\/justyna_janus-bobry-1024x684.jpg 1024w, https:\/\/gazetaregionalna.com\/wp-content\/uploads\/2021\/01\/justyna_janus-bobry-300x200.jpg 300w, https:\/\/gazetaregionalna.com\/wp-content\/uploads\/2021\/01\/justyna_janus-bobry-768x513.jpg 768w, https:\/\/gazetaregionalna.com\/wp-content\/uploads\/2021\/01\/justyna_janus-bobry-696x465.jpg 696w, https:\/\/gazetaregionalna.com\/wp-content\/uploads\/2021\/01\/justyna_janus-bobry-1068x713.jpg 1068w, https:\/\/gazetaregionalna.com\/wp-content\/uploads\/2021\/01\/justyna_janus-bobry-629x420.jpg 629w, https:\/\/gazetaregionalna.com\/wp-content\/uploads\/2021\/01\/justyna_janus-bobry.jpg 1200w\" data-sizes=\"(max-width: 1024px) 100vw, 1024px\" src=\"data:image\/svg+xml;base64,PHN2ZyB3aWR0aD0iMSIgaGVpZ2h0PSIxIiB4bWxucz0iaHR0cDovL3d3dy53My5vcmcvMjAwMC9zdmciPjwvc3ZnPg==\" style=\"--smush-placeholder-width: 1024px; --smush-placeholder-aspect-ratio: 1024\/684;\" \/><figcaption>Fot: Justyna Janus<\/figcaption><\/figure>\n\n\n\n<p>Po d\u0142ugich latach, na nowo na\nterenie Aleksandrii pojawiaj\u0105 si\u0119 gatunki zwierz\u0105t, kt\u00f3rych nie widziano w tych\nrejonach ze wzgl\u0119du na rolnictwo ma\u0142oobszarowe. Z biegiem czasu na terenie\nrolnym pojawiaj\u0105 si\u0119 drzewa, zmieniaj\u0105c krajobraz i daj\u0105c schronienie licznym i\ninteresuj\u0105cym gatunkom zwierz\u0105t.&nbsp;<\/p>\n\n\n\n<p>Jednym z takich\ngatunk\u00f3w, kt\u00f3ry dawno nie by\u0142 tutaj widoczny, a teraz nie spos\u00f3b nie zauwa\u017cy\u0107 efekt\u00f3w\njego \u017cerowania, jest b\u00f3br. W Aleksandrii znane s\u0105 co najmniej 3 jego siedliska\nwzd\u0142u\u017c cieku Trzepizurka \u2013 \u017babianka. <\/p>\n\n\n\n<figure class=\"wp-block-image size-large\"><img decoding=\"async\" width=\"601\" height=\"900\" data-src=\"https:\/\/gazetaregionalna.com\/wp-content\/uploads\/2021\/01\/justyna_janus-bobry2.jpg\" alt=\"\" class=\"wp-image-30980 lazyload\" data-srcset=\"https:\/\/gazetaregionalna.com\/wp-content\/uploads\/2021\/01\/justyna_janus-bobry2.jpg 601w, https:\/\/gazetaregionalna.com\/wp-content\/uploads\/2021\/01\/justyna_janus-bobry2-200x300.jpg 200w, https:\/\/gazetaregionalna.com\/wp-content\/uploads\/2021\/01\/justyna_janus-bobry2-280x420.jpg 280w\" data-sizes=\"(max-width: 601px) 100vw, 601px\" src=\"data:image\/svg+xml;base64,PHN2ZyB3aWR0aD0iMSIgaGVpZ2h0PSIxIiB4bWxucz0iaHR0cDovL3d3dy53My5vcmcvMjAwMC9zdmciPjwvc3ZnPg==\" style=\"--smush-placeholder-width: 601px; --smush-placeholder-aspect-ratio: 601\/900;\" \/><figcaption>Fot: Justyna Janus<\/figcaption><\/figure>\n\n\n\n<p>Dla przypomnienia b\u00f3br jest zwierz\u0119ciem, kt\u00f3ry nale\u017cy do gatunku ziemno-wodnego gryzonia, w Polsce cz\u0119\u015bciowo chronionego. Masa cia\u0142a doros\u0142ego osobnika dochodzi do 29&nbsp;kg, a d\u0142ugo\u015b\u0107 cia\u0142a do 110&nbsp;cm. Jest zwierz\u0119ciem silnie terytorialnym, rodzinnym i zasadniczo&nbsp;monogamicznym. Wiedzie nocny i skryty tryb \u017cycia. Pod wod\u0105 potrafi wytrzyma\u0107 bez przerwy nawet 15 minut. <\/p>\n\n\n\n<p>B\u00f3br jest gatunkiem\nprzystosowuj\u0105cym siedlisko do swoich potrzeb. Dzi\u0119ki wyj\u0105tkowo silnym siekaczom potrafi\u0105 \u015bci\u0105\u0107 bardzo grube drzewa, o\n\u015brednicy nawet do 1 m. Buduje \u017ceremie i tamy,\nsi\u0119gaj\u0105ce 60 cm wysoko\u015bci, spi\u0119trzaj\u0105ce wod\u0119 i zatrzymuj\u0105ce j\u0105 w \u015brodowisku. <\/p>\n\n\n\n<p>Na terenie Aleksandrii\ndzia\u0142alno\u015b\u0107 bobr\u00f3w wida\u0107 przy ul. Akacjowej, gdzie woda zala\u0142a obszar oko\u0142o 4,5\nha. &nbsp;<\/p>\n\n\n\n<p>Zwyci\u0119ski projekt zwr\u00f3ci\u0142\nuwag\u0119 mieszka\u0144c\u00f3w na osiedlenie si\u0119 bobr\u00f3w w ich miejscowo\u015bci oraz poszerzy\u0142\nwiedz\u0119, dotycz\u0105c\u0105 zagadnienia wp\u0142ywu dzia\u0142alno\u015bci tych gryzoni na \u015brodowisko, a tak\u017ce rozwijanie zainteresowa\u0144 przyrodniczych oraz\nekologicznych.<\/p>\n\n\n\n<p>We wsp\u00f3\u0142pracy i pod opiek\u0105\nmerytoryczn\u0105 pani Aleksandry Pacult St. Specjalisty ds. Ochrony \u015arodowiska i\nBior\u00f3\u017cnorodno\u015bci oraz pani Agnieszki Rutkowskiej cz\u0142onkini zarz\u0105du Fundacji &#8211;\nCemex \u201eBudujemy Przysz\u0142o\u015b\u0107\u201d zrealizowane zosta\u0142y do tej pory najwa\u017cniejsze\nza\u0142o\u017cenia projektu. &nbsp;<\/p>\n\n\n\n<p>Wkr\u00f3tce zostan\u0105 powieszone\ntablice informacyjne w okolicy siedliska bobr\u00f3w, przy ul. Stra\u017cackiej. Stan\u0105\nsi\u0119 one jednym z punkt\u00f3w edukacyjno &#8211; przyrodniczych, obok Pajdowej G\u00f3ry czy\nbagien Pohulanka (dojazd od ulicy Sosnowej), na \u015bcie\u017cce rowerowej biegn\u0105cej\nprzez Aleksandri\u0119. Natomiast uczniowie szko\u0142y w Aleksandrii mogli wzi\u0105\u0107 udzia\u0142\nw og\u0142oszonych dw\u00f3ch konkursach: plastycznym i prezentacji multimedialnej.<\/p>\n\n\n\n<figure class=\"wp-block-image size-large\"><img decoding=\"async\" width=\"1024\" height=\"739\" data-src=\"https:\/\/gazetaregionalna.com\/wp-content\/uploads\/2021\/01\/dawid_paulinski_kl.i.-1024x739.jpg\" alt=\"\" class=\"wp-image-30978 lazyload\" data-srcset=\"https:\/\/gazetaregionalna.com\/wp-content\/uploads\/2021\/01\/dawid_paulinski_kl.i.-1024x739.jpg 1024w, https:\/\/gazetaregionalna.com\/wp-content\/uploads\/2021\/01\/dawid_paulinski_kl.i.-300x217.jpg 300w, https:\/\/gazetaregionalna.com\/wp-content\/uploads\/2021\/01\/dawid_paulinski_kl.i.-768x554.jpg 768w, https:\/\/gazetaregionalna.com\/wp-content\/uploads\/2021\/01\/dawid_paulinski_kl.i.-324x235.jpg 324w, https:\/\/gazetaregionalna.com\/wp-content\/uploads\/2021\/01\/dawid_paulinski_kl.i.-696x502.jpg 696w, https:\/\/gazetaregionalna.com\/wp-content\/uploads\/2021\/01\/dawid_paulinski_kl.i.-1068x771.jpg 1068w, https:\/\/gazetaregionalna.com\/wp-content\/uploads\/2021\/01\/dawid_paulinski_kl.i.-582x420.jpg 582w, https:\/\/gazetaregionalna.com\/wp-content\/uploads\/2021\/01\/dawid_paulinski_kl.i..jpg 1200w\" data-sizes=\"(max-width: 1024px) 100vw, 1024px\" src=\"data:image\/svg+xml;base64,PHN2ZyB3aWR0aD0iMSIgaGVpZ2h0PSIxIiB4bWxucz0iaHR0cDovL3d3dy53My5vcmcvMjAwMC9zdmciPjwvc3ZnPg==\" style=\"--smush-placeholder-width: 1024px; --smush-placeholder-aspect-ratio: 1024\/739;\" \/><figcaption>Fot: Zesp\u00f3\u0142 Szkolno-Przedszkolny im. Jana Kochanowskiego w Aleksandrii (pierwsze miejsce w kategorii plastycznej &#8211; Dawid Pauli\u0144ski kl. I)<\/figcaption><\/figure>\n\n\n\n<p>Sw\u00f3j udzia\u0142 w projekcie mieli\ntak\u017ce nauczyciele oraz mieszka\u0144cy Aleksandrii: Pani Justyna Janus, kt\u00f3ra\nwykona\u0142a zdj\u0119cia, wykorzystane na tablicach i Pan Bogdan Maroszek, kt\u00f3ry sfilmowa\u0142\ndronem widok nad rozlewiskami. Filmy z przelot\u00f3w b\u0119dzie mo\u017cna obejrze\u0107 skanuj\u0105c\nQR kody, umieszczone na tablicach.<\/p>\n\n\n\n<p>Ze wzgl\u0119du na sytuacj\u0119\nepidemiologiczn\u0105, na wiosn\u0119 przesuni\u0119te zosta\u0142o oddanie tablic informacyjnych\noraz prelekcja dla uczni\u00f3w Szko\u0142y Podstawowej w Aleksandrii, kt\u00f3r\u0105 poprowadzi Szymon\nAnkowski, student Wydzia\u0142u Le\u015bnego uniwersytetu Rolniczego w Krakowie. W ramach\npracy in\u017cynierskiej planowane jest r\u00f3wnie\u017c badanie wp\u0142ywu obecno\u015bci bobr\u00f3w na\nczysto\u015b\u0107 w\u00f3d.<\/p>\n\n\n\n<p>Szczeg\u00f3lne podzi\u0119kowania nale\u017c\u0105 si\u0119 Fundacji Cemex \u2013 \u201eBudujemy Przysz\u0142o\u015b\u0107\u201d za przyznany grant na realizacj\u0119 dzia\u0142a\u0144 zaplanowanych w projekcie oraz ufundowanie nagr\u00f3d dla uczestnik\u00f3w konkurs\u00f3w.<\/p>\n\n\n\n<p>[post_gallery]<\/p>\n\n\n\n<p>Fot: Justyna Janus, praca plastyczna Aleksandra Bogus kl. IIb, Natalia Mi\u0105skiewicz kl. IIa<\/p>\n","protected":false},"excerpt":{"rendered":"<p>Firma Cemex wyr\u00f3\u017cni\u0142a i nagrodzi\u0142a z\u0142o\u017cony przez grup\u0119 MARTENS projekt edukacyjny pod tytu\u0142em \u201eWiklinowa zatoka &#8211; bobry s\u0105 w\u015br\u00f3d nas\u201d.&nbsp; Projekt zwraca uwag\u0119 na<\/p>\n","protected":false},"author":12,"featured_media":30982,"comment_status":"open","ping_status":"open","sticky":false,"template":"","format":"standard","meta":{"_monsterinsights_skip_tracking":false,"_monsterinsights_sitenote_active":false,"_monsterinsights_sitenote_note":"","_monsterinsights_sitenote_category":0,"_uf_show_specific_survey":0,"_uf_disable_surveys":false,"footnotes":""},"categories":[41,29,94,4,2],"tags":[1307,1309,1310,1308],"class_list":["post-30975","post","type-post","status-publish","format-standard","has-post-thumbnail","hentry","category-edukacja","category-ekologia","category-polecane","category-region","category-wiadomosci","tag-bobr","tag-firma-cemex","tag-grupa-martens","tag-projekt-edukacyjny"],"_links":{"self":[{"href":"https:\/\/gazetaregionalna.com\/index.php?rest_route=\/wp\/v2\/posts\/30975","targetHints":{"allow":["GET"]}}],"collection":[{"href":"https:\/\/gazetaregionalna.com\/index.php?rest_route=\/wp\/v2\/posts"}],"about":[{"href":"https:\/\/gazetaregionalna.com\/index.php?rest_route=\/wp\/v2\/types\/post"}],"author":[{"embeddable":true,"href":"https:\/\/gazetaregionalna.com\/index.php?rest_route=\/wp\/v2\/users\/12"}],"replies":[{"embeddable":true,"href":"https:\/\/gazetaregionalna.com\/index.php?rest_route=%2Fwp%2Fv2%2Fcomments&post=30975"}],"version-history":[{"count":3,"href":"https:\/\/gazetaregionalna.com\/index.php?rest_route=\/wp\/v2\/posts\/30975\/revisions"}],"predecessor-version":[{"id":30985,"href":"https:\/\/gazetaregionalna.com\/index.php?rest_route=\/wp\/v2\/posts\/30975\/revisions\/30985"}],"wp:featuredmedia":[{"embeddable":true,"href":"https:\/\/gazetaregionalna.com\/index.php?rest_route=\/wp\/v2\/media\/30982"}],"wp:attachment":[{"href":"https:\/\/gazetaregionalna.com\/index.php?rest_route=%2Fwp%2Fv2%2Fmedia&parent=30975"}],"wp:term":[{"taxonomy":"category","embeddable":true,"href":"https:\/\/gazetaregionalna.com\/index.php?rest_route=%2Fwp%2Fv2%2Fcategories&post=30975"},{"taxonomy":"post_tag","embeddable":true,"href":"https:\/\/gazetaregionalna.com\/index.php?rest_route=%2Fwp%2Fv2%2Ftags&post=30975"}],"curies":[{"name":"wp","href":"https:\/\/api.w.org\/{rel}","templated":true}]}}