{"id":30868,"date":"2021-01-10T08:53:11","date_gmt":"2021-01-10T08:53:11","guid":{"rendered":"https:\/\/gazetaregionalna.com\/?p=30868"},"modified":"2021-01-10T08:53:15","modified_gmt":"2021-01-10T08:53:15","slug":"przerwa-w-dostawie-pradu-82","status":"publish","type":"post","link":"https:\/\/gazetaregionalna.com\/?p=30868","title":{"rendered":"UWAGA! Przerwa w dostawie pr\u0105du w powiecie k\u0142obuckim!"},"content":{"rendered":"\n<h2 class=\"wp-block-heading\">Dystrybutor pr\u0105du\nplanuje przerw\u0119 w dostawie energii na najbli\u017csze 5 dni w powiecie k\u0142obuckim.<\/h2>\n\n\n\n<p>Brak\nw dostawie energii nast\u0105pi w gminie:<\/p>\n\n\n\n<p><strong>K\u0142obuck 24 stycznia 2021<\/strong>&nbsp;<strong>roku<\/strong>&nbsp;na\nulicy:<\/p>\n\n\n\n<ul class=\"wp-block-list\"><li>Iwanowice Du\u017ce, ul. Krzepicka od 55 i 60 do 83 i 92 od\ngodziny&nbsp;<strong>&nbsp;8:00&nbsp;<\/strong>do&nbsp;<strong>14:00<\/strong>.<\/li><\/ul>\n\n\n\n<p><strong>Krzepice 12 stycznia 2021<\/strong>&nbsp;<strong>roku<\/strong>&nbsp;na\nulicy:<\/p>\n\n\n\n<ul class=\"wp-block-list\"><li>ul. Dolna od 1 do 24, ul.\nCz\u0119stochowska 2A od godziny&nbsp;<strong>&nbsp;8:00&nbsp;<\/strong>do&nbsp;<strong>14:00<\/strong>.<\/li><\/ul>\n\n\n\n<p><strong>Lipie 14 stycznia 2021<\/strong>&nbsp;<strong>roku<\/strong>&nbsp;na\nulicy:<\/p>\n\n\n\n<ul class=\"wp-block-list\"><li>Wapiennik, ul. G\u0142\u00f3wna od 43 do\n47, ul. S\u0142oneczna od 48 do 59 od godziny&nbsp;<strong>9:00&nbsp;<\/strong>do&nbsp;<strong>12:00<\/strong>.<\/li><\/ul>\n\n\n\n<p><strong>Wr\u0119czyca Wielka 24 stycznia 2021<\/strong>&nbsp;<strong>roku<\/strong>&nbsp;na\nulicy:<\/p>\n\n\n\n<ul class=\"wp-block-list\"><li>ul. Malinowa od godziny&nbsp;<strong>&nbsp;8:00&nbsp;<\/strong>do&nbsp;<strong>14:00<\/strong>.<\/li><\/ul>\n\n\n\n<p>Dostawca pr\u0105du przeprasza za utrudnienia.<\/p>\n","protected":false},"excerpt":{"rendered":"<p>Dystrybutor pr\u0105du planuje przerw\u0119 w dostawie energii na najbli\u017csze 5 dni w powiecie k\u0142obuckim. Brak w dostawie energii nast\u0105pi w gminie: K\u0142obuck 24 stycznia<\/p>\n","protected":false},"author":12,"featured_media":30550,"comment_status":"open","ping_status":"open","sticky":false,"template":"","format":"standard","meta":{"_monsterinsights_skip_tracking":false,"_monsterinsights_sitenote_active":false,"_monsterinsights_sitenote_note":"","_monsterinsights_sitenote_category":0,"_uf_show_specific_survey":0,"_uf_disable_surveys":false,"footnotes":""},"categories":[94,27,2],"tags":[728,814],"class_list":["post-30868","post","type-post","status-publish","format-standard","has-post-thumbnail","hentry","category-polecane","category-klobuck-informacje","category-wiadomosci","tag-brak-pradu","tag-powiat-klobucki"],"_links":{"self":[{"href":"https:\/\/gazetaregionalna.com\/index.php?rest_route=\/wp\/v2\/posts\/30868","targetHints":{"allow":["GET"]}}],"collection":[{"href":"https:\/\/gazetaregionalna.com\/index.php?rest_route=\/wp\/v2\/posts"}],"about":[{"href":"https:\/\/gazetaregionalna.com\/index.php?rest_route=\/wp\/v2\/types\/post"}],"author":[{"embeddable":true,"href":"https:\/\/gazetaregionalna.com\/index.php?rest_route=\/wp\/v2\/users\/12"}],"replies":[{"embeddable":true,"href":"https:\/\/gazetaregionalna.com\/index.php?rest_route=%2Fwp%2Fv2%2Fcomments&post=30868"}],"version-history":[{"count":1,"href":"https:\/\/gazetaregionalna.com\/index.php?rest_route=\/wp\/v2\/posts\/30868\/revisions"}],"predecessor-version":[{"id":30869,"href":"https:\/\/gazetaregionalna.com\/index.php?rest_route=\/wp\/v2\/posts\/30868\/revisions\/30869"}],"wp:featuredmedia":[{"embeddable":true,"href":"https:\/\/gazetaregionalna.com\/index.php?rest_route=\/wp\/v2\/media\/30550"}],"wp:attachment":[{"href":"https:\/\/gazetaregionalna.com\/index.php?rest_route=%2Fwp%2Fv2%2Fmedia&parent=30868"}],"wp:term":[{"taxonomy":"category","embeddable":true,"href":"https:\/\/gazetaregionalna.com\/index.php?rest_route=%2Fwp%2Fv2%2Fcategories&post=30868"},{"taxonomy":"post_tag","embeddable":true,"href":"https:\/\/gazetaregionalna.com\/index.php?rest_route=%2Fwp%2Fv2%2Ftags&post=30868"}],"curies":[{"name":"wp","href":"https:\/\/api.w.org\/{rel}","templated":true}]}}