{"id":30832,"date":"2021-01-09T12:21:11","date_gmt":"2021-01-09T12:21:11","guid":{"rendered":"https:\/\/gazetaregionalna.com\/?p=30832"},"modified":"2021-01-09T12:21:13","modified_gmt":"2021-01-09T12:21:13","slug":"czasu-na-wymiane","status":"publish","type":"post","link":"https:\/\/gazetaregionalna.com\/?p=30832","title":{"rendered":"W 2020 roku prawie 1200 kontroli domowych piec\u00f3w. R\u00f3wnie\u017c coraz mniej czasu na wymian\u0119 starego kot\u0142a kopciucha!"},"content":{"rendered":"\n<h2 class=\"wp-block-heading\">W 2020 roku cz\u0119stochowska Stra\u017c Miejska na terenie\nCz\u0119stochowy przeprowadzi\u0142a ponad 1200 kontroli domowych kot\u0142owni. Takie\nkontrole s\u0105 szczeg\u00f3lnie bardzo wa\u017cne w sezonie grzewczym. R\u00f3wnie\u017c jest coraz\nmniej czasu na wymian\u0119 starego pieca w\u0119glowego kopciucha na nowy ekologiczny\nkocio\u0142.<\/h2>\n\n\n\n<p>Mimo \u0142agodnej zimy sezon grzewczy trwa i na dworze mo\u017cna wyczu\u0107 od wczesnych godzin porannych do p\u00f3\u017anych nocnych smr\u00f3d dymu wydobywaj\u0105cy si\u0119 z komin\u00f3w, dlatego Stra\u017c Miejska przypomina mieszka\u0144com Cz\u0119stochowy, \u017ce w domowych piecach grzewczych nie wolno spala\u0107 \u015bmieci (plastik, stare ubrania, lakierowane drewno), kt\u00f3re przyczyniaj\u0105 si\u0119 do powstania smogu. W 2020 roku stra\u017cnicy przeprowadzili dok\u0142adnie 1192 kontroli domowych kot\u0142owni na terenie Cz\u0119stochowy.<\/p>\n\n\n\n<p>Pomimo licznych komunikat\u00f3w, akcji spo\u0142ecznych i\nedukacyjnych dalej zdarzaj\u0105 si\u0119 osoby, kt\u00f3re nie przestrzegaj\u0105 przepis\u00f3w. Stra\u017c\nMiejska przypomina, \u017ce taki proceder jest karany grzywn\u0105 i doradza, by rozwa\u017cy\u0107\nwymian\u0119 starego pieca na nowy, bardziej ekologiczny lub zmieni\u0107 \u017ar\u00f3d\u0142o\nogrzewania. <\/p>\n\n\n\n<p>Na terenie Wojew\u00f3dztwa \u015al\u0105skiego i \u0141\u00f3dzkiego w 2017 roku\nwesz\u0142a w \u017cycie uchwa\u0142a antysmogowa. Wed\u0142ug niej zabrania si\u0119 palenia w domowych\nkot\u0142owniach m.in. mu\u0142em, flotem, w\u0119glem brunatnym czy mokrym drewnem.\nZobowi\u0105zuje ona r\u00f3wnie\u017c do wymiany starego pieca w ci\u0105gu pi\u0119ciu lat.<\/p>\n\n\n\n<p>Pierwszy termin wymiany up\u0142ywa z ko\u0144cem 2021 roku. Docelowo\ndopuszczone b\u0119d\u0105 w Wojew\u00f3dztwie \u015al\u0105skim wy\u0142\u0105cznie kot\u0142y spe\u0142niaj\u0105ce standard\nemisyjny co najmniej klasy 5 normy PN-EN 303\u20135:2012 oraz ECODESIGN, oraz piece\ni kominki spe\u0142niaj\u0105ce wymogi emisji, oraz sprawno\u015bci wg ekoprojektu, kt\u00f3rych\neksploatacja rozpocz\u0119\u0142a si\u0119 przed 1 wrze\u015bnia 2017 r., w Wojew\u00f3dztwie \u0141\u00f3dzkim\nobowi\u0105zuj\u0105 te same standardy, ale piec\u00f3w, kt\u00f3rych eksploatacj\u0119 rozpocz\u0119to przed 1 maja 2018.<\/p>\n\n\n\n<p>Zanim jednak zostanie wymieniony piec, warto pomy\u015ble\u0107 o zmianie na lepszy gatunkowo opa\u0142 oraz zmieni\u0107 \u015brodek transportu na rower, gdy warunki atmosferyczne na to pozwol\u0105. Na pewno b\u0119dzie to z po\u017cytkiem dla \u015brodowiska i otoczenia.<\/p>\n\n\n\n<figure class=\"wp-block-image size-large is-resized\"><img decoding=\"async\" data-src=\"https:\/\/gazetaregionalna.com\/wp-content\/uploads\/2021\/01\/tabela-wymiany-piec\u00f3w.png\" alt=\"\" class=\"wp-image-30835 lazyload\" width=\"697\" height=\"620\" data-srcset=\"https:\/\/gazetaregionalna.com\/wp-content\/uploads\/2021\/01\/tabela-wymiany-piec\u00f3w.png 753w, https:\/\/gazetaregionalna.com\/wp-content\/uploads\/2021\/01\/tabela-wymiany-piec\u00f3w-300x267.png 300w, https:\/\/gazetaregionalna.com\/wp-content\/uploads\/2021\/01\/tabela-wymiany-piec\u00f3w-696x619.png 696w, https:\/\/gazetaregionalna.com\/wp-content\/uploads\/2021\/01\/tabela-wymiany-piec\u00f3w-472x420.png 472w\" data-sizes=\"(max-width: 697px) 100vw, 697px\" src=\"data:image\/svg+xml;base64,PHN2ZyB3aWR0aD0iMSIgaGVpZ2h0PSIxIiB4bWxucz0iaHR0cDovL3d3dy53My5vcmcvMjAwMC9zdmciPjwvc3ZnPg==\" style=\"--smush-placeholder-width: 697px; --smush-placeholder-aspect-ratio: 697\/620;\" \/><figcaption>Fot: gov.pl<\/figcaption><\/figure>\n","protected":false},"excerpt":{"rendered":"<p>W 2020 roku cz\u0119stochowska Stra\u017c Miejska na terenie Cz\u0119stochowy przeprowadzi\u0142a ponad 1200 kontroli domowych kot\u0142owni. Takie kontrole s\u0105 szczeg\u00f3lnie bardzo wa\u017cne w sezonie grzewczym.<\/p>\n","protected":false},"author":12,"featured_media":10615,"comment_status":"open","ping_status":"open","sticky":false,"template":"","format":"standard","meta":{"_monsterinsights_skip_tracking":false,"_monsterinsights_sitenote_active":false,"_monsterinsights_sitenote_note":"","_monsterinsights_sitenote_category":0,"_uf_show_specific_survey":0,"_uf_disable_surveys":false,"footnotes":""},"categories":[94,3,27,25,26,28,2],"tags":[1286,1285],"class_list":["post-30832","post","type-post","status-publish","format-standard","has-post-thumbnail","hentry","category-polecane","category-czestochowa-informacje","category-klobuck-informacje","category-lubliniec","category-myszkow","category-radomsko","category-wiadomosci","tag-kontrola-strazy-miejskiej","tag-wymiana-starych-piecow"],"_links":{"self":[{"href":"https:\/\/gazetaregionalna.com\/index.php?rest_route=\/wp\/v2\/posts\/30832","targetHints":{"allow":["GET"]}}],"collection":[{"href":"https:\/\/gazetaregionalna.com\/index.php?rest_route=\/wp\/v2\/posts"}],"about":[{"href":"https:\/\/gazetaregionalna.com\/index.php?rest_route=\/wp\/v2\/types\/post"}],"author":[{"embeddable":true,"href":"https:\/\/gazetaregionalna.com\/index.php?rest_route=\/wp\/v2\/users\/12"}],"replies":[{"embeddable":true,"href":"https:\/\/gazetaregionalna.com\/index.php?rest_route=%2Fwp%2Fv2%2Fcomments&post=30832"}],"version-history":[{"count":2,"href":"https:\/\/gazetaregionalna.com\/index.php?rest_route=\/wp\/v2\/posts\/30832\/revisions"}],"predecessor-version":[{"id":30836,"href":"https:\/\/gazetaregionalna.com\/index.php?rest_route=\/wp\/v2\/posts\/30832\/revisions\/30836"}],"wp:featuredmedia":[{"embeddable":true,"href":"https:\/\/gazetaregionalna.com\/index.php?rest_route=\/wp\/v2\/media\/10615"}],"wp:attachment":[{"href":"https:\/\/gazetaregionalna.com\/index.php?rest_route=%2Fwp%2Fv2%2Fmedia&parent=30832"}],"wp:term":[{"taxonomy":"category","embeddable":true,"href":"https:\/\/gazetaregionalna.com\/index.php?rest_route=%2Fwp%2Fv2%2Fcategories&post=30832"},{"taxonomy":"post_tag","embeddable":true,"href":"https:\/\/gazetaregionalna.com\/index.php?rest_route=%2Fwp%2Fv2%2Ftags&post=30832"}],"curies":[{"name":"wp","href":"https:\/\/api.w.org\/{rel}","templated":true}]}}