{"id":30805,"date":"2021-01-09T09:21:09","date_gmt":"2021-01-09T09:21:09","guid":{"rendered":"https:\/\/gazetaregionalna.com\/?p=30805"},"modified":"2021-01-09T09:21:11","modified_gmt":"2021-01-09T09:21:11","slug":"wystawa-2","status":"publish","type":"post","link":"https:\/\/gazetaregionalna.com\/?p=30805","title":{"rendered":"Wystawa \u201e1000-lecia\u201d w Ratuszu"},"content":{"rendered":"\n<h2 class=\"wp-block-heading\">W cz\u0119stochowskim Ratuszu przygotowano ekspozycj\u0119 po\u015bwi\u0119con\u0105 dziejom dzielnicy Cz\u0119stochowy \u2013 \u201e1000-lecie\u201d. Ze wzgl\u0119du na ci\u0105gle panuj\u0105cy re\u017cim sanitarny, na chwil\u0119 obecn\u0105 wystawa nie jest dost\u0119pna dla zwiedzaj\u0105cych, ale gdy tylko regulacje zwi\u0105zane z pandemi\u0105 na to pozwol\u0105, b\u0119dzie mo\u017cna j\u0105 ogl\u0105da\u0107 ,,na \u017cywo\u201d w Muzeum Cz\u0119stochowskim.<\/h2>\n\n\n\n<figure class=\"wp-block-image size-large\"><img decoding=\"async\" width=\"1024\" height=\"614\" data-src=\"https:\/\/gazetaregionalna.com\/wp-content\/uploads\/2021\/01\/wystawa-1000-lecia-1-1024x614.jpg\" alt=\"\" class=\"wp-image-30809 lazyload\" data-srcset=\"https:\/\/gazetaregionalna.com\/wp-content\/uploads\/2021\/01\/wystawa-1000-lecia-1-1024x614.jpg 1024w, https:\/\/gazetaregionalna.com\/wp-content\/uploads\/2021\/01\/wystawa-1000-lecia-1-300x180.jpg 300w, https:\/\/gazetaregionalna.com\/wp-content\/uploads\/2021\/01\/wystawa-1000-lecia-1-768x461.jpg 768w, https:\/\/gazetaregionalna.com\/wp-content\/uploads\/2021\/01\/wystawa-1000-lecia-1-1536x922.jpg 1536w, https:\/\/gazetaregionalna.com\/wp-content\/uploads\/2021\/01\/wystawa-1000-lecia-1-696x418.jpg 696w, https:\/\/gazetaregionalna.com\/wp-content\/uploads\/2021\/01\/wystawa-1000-lecia-1-1068x641.jpg 1068w, https:\/\/gazetaregionalna.com\/wp-content\/uploads\/2021\/01\/wystawa-1000-lecia-1-700x420.jpg 700w, https:\/\/gazetaregionalna.com\/wp-content\/uploads\/2021\/01\/wystawa-1000-lecia-1.jpg 1200w\" data-sizes=\"(max-width: 1024px) 100vw, 1024px\" src=\"data:image\/svg+xml;base64,PHN2ZyB3aWR0aD0iMSIgaGVpZ2h0PSIxIiB4bWxucz0iaHR0cDovL3d3dy53My5vcmcvMjAwMC9zdmciPjwvc3ZnPg==\" style=\"--smush-placeholder-width: 1024px; --smush-placeholder-aspect-ratio: 1024\/614;\" \/><figcaption>Fot: Jacek \u015aliwczy\u0144ski <\/figcaption><\/figure>\n\n\n\n<p>To ju\u017c kolejna tego typu wystawa organizowana w Ratuszu, kt\u00f3ra jest po\u015bwi\u0119cona historii cz\u0119stochowskich dzielnic. W 2019 roku Muzeum zaprasza\u0142o bowiem na ekspozycj\u0119 po\u015bwi\u0119con\u0105 Rakowowi.<\/p>\n\n\n\n<p>Obecna wystawa \u201e1000-lecie. Z dziej\u00f3w cz\u0119stochowskiej\ndzielnicy\u201d jest wsp\u00f3\u0142organizowana z Archiwum Pa\u0144stwowym w Cz\u0119stochowie,\na jej przygotowanie trwa\u0142o p\u00f3\u0142 roku. Zgromadzone materia\u0142y zebrano z\nrozmaitych&nbsp; \u017ar\u00f3de\u0142 \u2013 wi\u0119kszo\u015b\u0107 z Dzia\u0142u Historii Muzeum Cz\u0119stochowskiego\nczy O\u015brodka Dokumentacji Dziej\u00f3w Cz\u0119stochowy (r\u00f3wnie\u017c dzia\u0142aj\u0105cego w\nstrukturach Muzeum). Plany czy maszynopisy pozyskano z Archiwum Pa\u0144stwowego \u2013\nwsp\u00f3\u0142autora wystawy. Skorzystano tak\u017ce z zasob\u00f3w Biblioteki Publicznej im. dr.\nW. Biega\u0144skiego, Antykwarni \u201eNiezale\u017cna\u201d Zbigniewa Biernackiego, archiwum\nSp\u00f3\u0142dzielni Mieszkaniowej \u201eNasza Praca\u201d oraz zbior\u00f3w prywatnych.<\/p>\n\n\n\n<p>Kuratorem obecnej wystawy jest znawca Cz\u0119stochowy, dr Juliusz S\u0119towski. Mo\u017cna na niej prze\u015bledzi\u0107 zmiany w zabudowie na obszarze Tysi\u0105clecia, do 1960 roku nosz\u0105cego nazw\u0119 Zawady. Zgromadzone archiwalia, fotografie, plany, dokumenty z pocz\u0105tk\u00f3w XIX do lat 80. XX w. ukazuj\u0105 dawne \u017cycie w tej dzielnicy i takie ciekawostki dla m\u0142odszego pokolenia jak chod\u017amy koszary wojskowe\u00a0 czy gospodarstwa ogrodnicze rodzin Zawad\u00f3w, Hoffman\u00f3w, Jastrz\u0119bskich i Szczeci\u0144skich, kt\u00f3re tutaj funkcjonowa\u0142y.<\/p>\n\n\n\n<p>Na ekspozycji mo\u017cna prze\u015bledzi\u0107 zmiany w zabudowie, chod\u017amy powstaj\u0105ce tam drogi, wznoszony w szczerym polu szpital im. Or\u0142owskiego czy miejsca o warto\u015bci zabytkowej \u2013 jak willa Hoffmanna.\u00a0<\/p>\n\n\n\n<figure class=\"wp-block-image size-large\"><img decoding=\"async\" width=\"1024\" height=\"614\" data-src=\"https:\/\/gazetaregionalna.com\/wp-content\/uploads\/2021\/01\/wystawa-1000-lecia-4-1024x614.jpg\" alt=\"\" class=\"wp-image-30812 lazyload\" data-srcset=\"https:\/\/gazetaregionalna.com\/wp-content\/uploads\/2021\/01\/wystawa-1000-lecia-4-1024x614.jpg 1024w, https:\/\/gazetaregionalna.com\/wp-content\/uploads\/2021\/01\/wystawa-1000-lecia-4-300x180.jpg 300w, https:\/\/gazetaregionalna.com\/wp-content\/uploads\/2021\/01\/wystawa-1000-lecia-4-768x461.jpg 768w, https:\/\/gazetaregionalna.com\/wp-content\/uploads\/2021\/01\/wystawa-1000-lecia-4-1536x922.jpg 1536w, https:\/\/gazetaregionalna.com\/wp-content\/uploads\/2021\/01\/wystawa-1000-lecia-4-696x418.jpg 696w, https:\/\/gazetaregionalna.com\/wp-content\/uploads\/2021\/01\/wystawa-1000-lecia-4-1068x641.jpg 1068w, https:\/\/gazetaregionalna.com\/wp-content\/uploads\/2021\/01\/wystawa-1000-lecia-4-700x420.jpg 700w, https:\/\/gazetaregionalna.com\/wp-content\/uploads\/2021\/01\/wystawa-1000-lecia-4.jpg 1200w\" data-sizes=\"(max-width: 1024px) 100vw, 1024px\" src=\"data:image\/svg+xml;base64,PHN2ZyB3aWR0aD0iMSIgaGVpZ2h0PSIxIiB4bWxucz0iaHR0cDovL3d3dy53My5vcmcvMjAwMC9zdmciPjwvc3ZnPg==\" style=\"--smush-placeholder-width: 1024px; --smush-placeholder-aspect-ratio: 1024\/614;\" \/><figcaption>Fot: Jacek \u015aliwczy\u0144ski<\/figcaption><\/figure>\n\n\n\n<p>Poza dokumentami archiwalnymi s\u0105 te\u017c fotografie z okresu\nPRL-u&nbsp; m.in. w postaci ,,Kroniki Miasta Cz\u0119stochowy\u201d, Kroniki budowy\nPromenady XXX-lecia\u201d \u2013 czy pami\u0105tki, np. w postaci cegie\u0142ki na budow\u0119 ko\u015bcio\u0142a\n\u015bw. Wojciecha Biskupa M\u0119czennika, kt\u00f3rego budowa wi\u0105za\u0142a si\u0119 ze\nsprzeciwem \u00f3wczesnych w\u0142adz.<\/p>\n\n\n\n<p>Na fotografiach mo\u017cna odnale\u017a\u0107 charakterystyczne dla\nTysi\u0105clecia budowle, takie jak np. cztery wie\u017cowce wybudowane wzd\u0142u\u017c dzisiejszej\nal. Armii Krajowej, dawn\u0105 restauracj\u0119 i kawiarni\u0119 ,,Adria\u201d, biurowiec \u201eKomobex\u201d\nczy wielki blok mieszkalny \u201emr\u00f3wkowiec\u201d i klub \u201ePolitechnik\u201d. <\/p>\n\n\n\n<p>To\nwszystko, po z\u0142agodzeniu lub zdj\u0119ciu obostrze\u0144 przez Rz\u0105d, czeka na\nzwiedzaj\u0105cych od 31.12.2020 roku do 30.05.2021 roku w Cz\u0119stochowskim Muzeum w\nRatuszu. <\/p>\n\n\n\n<figure class=\"wp-block-image size-large\"><img decoding=\"async\" width=\"708\" height=\"1024\" data-src=\"https:\/\/gazetaregionalna.com\/wp-content\/uploads\/2021\/01\/vademecum-dzielnicy-tysi\u0105clecie-708x1024.jpg\" alt=\"\" class=\"wp-image-30808 lazyload\" data-srcset=\"https:\/\/gazetaregionalna.com\/wp-content\/uploads\/2021\/01\/vademecum-dzielnicy-tysi\u0105clecie-708x1024.jpg 708w, https:\/\/gazetaregionalna.com\/wp-content\/uploads\/2021\/01\/vademecum-dzielnicy-tysi\u0105clecie-207x300.jpg 207w, https:\/\/gazetaregionalna.com\/wp-content\/uploads\/2021\/01\/vademecum-dzielnicy-tysi\u0105clecie-768x1111.jpg 768w, https:\/\/gazetaregionalna.com\/wp-content\/uploads\/2021\/01\/vademecum-dzielnicy-tysi\u0105clecie-1062x1536.jpg 1062w, https:\/\/gazetaregionalna.com\/wp-content\/uploads\/2021\/01\/vademecum-dzielnicy-tysi\u0105clecie-696x1006.jpg 696w, https:\/\/gazetaregionalna.com\/wp-content\/uploads\/2021\/01\/vademecum-dzielnicy-tysi\u0105clecie-1068x1544.jpg 1068w, https:\/\/gazetaregionalna.com\/wp-content\/uploads\/2021\/01\/vademecum-dzielnicy-tysi\u0105clecie-290x420.jpg 290w, https:\/\/gazetaregionalna.com\/wp-content\/uploads\/2021\/01\/vademecum-dzielnicy-tysi\u0105clecie.jpg 1106w\" data-sizes=\"(max-width: 708px) 100vw, 708px\" src=\"data:image\/svg+xml;base64,PHN2ZyB3aWR0aD0iMSIgaGVpZ2h0PSIxIiB4bWxucz0iaHR0cDovL3d3dy53My5vcmcvMjAwMC9zdmciPjwvc3ZnPg==\" style=\"--smush-placeholder-width: 708px; --smush-placeholder-aspect-ratio: 708\/1024;\" \/><figcaption>Fot: Muzeum Cz\u0119stochowskie<\/figcaption><\/figure>\n\n\n\n<p>Przy okazji wystawy powsta\u0142o tak\u017ce ,,Vademecum Tysi\u0105clecia\u201d, czyli publikacja zawieraj\u0105ca kilkadziesi\u0105t najciekawszych zdj\u0119\u0107 z opisami.<\/p>\n\n\n\n<p>[post_gallery]<\/p>\n\n\n\n<p>Fot: Jacek \u015aliwczy\u0144ski<\/p>\n","protected":false},"excerpt":{"rendered":"<p>W cz\u0119stochowskim Ratuszu przygotowano ekspozycj\u0119 po\u015bwi\u0119con\u0105 dziejom dzielnicy Cz\u0119stochowy \u2013 \u201e1000-lecie\u201d. Ze wzgl\u0119du na ci\u0105gle panuj\u0105cy re\u017cim sanitarny, na chwil\u0119 obecn\u0105 wystawa nie jest<\/p>\n","protected":false},"author":12,"featured_media":30807,"comment_status":"open","ping_status":"open","sticky":false,"template":"","format":"standard","meta":{"_monsterinsights_skip_tracking":false,"_monsterinsights_sitenote_active":false,"_monsterinsights_sitenote_note":"","_monsterinsights_sitenote_category":0,"_uf_show_specific_survey":0,"_uf_disable_surveys":false,"footnotes":""},"categories":[12,3,321,94,2],"tags":[136,1277,1278],"class_list":["post-30805","post","type-post","status-publish","format-standard","has-post-thumbnail","hentry","category-kultura-i-rozrywka","category-czestochowa-informacje","category-historia","category-polecane","category-wiadomosci","tag-muzeum-czestochowskie","tag-ratusz-czestochowski","tag-wystawa-1000-lecia"],"_links":{"self":[{"href":"https:\/\/gazetaregionalna.com\/index.php?rest_route=\/wp\/v2\/posts\/30805","targetHints":{"allow":["GET"]}}],"collection":[{"href":"https:\/\/gazetaregionalna.com\/index.php?rest_route=\/wp\/v2\/posts"}],"about":[{"href":"https:\/\/gazetaregionalna.com\/index.php?rest_route=\/wp\/v2\/types\/post"}],"author":[{"embeddable":true,"href":"https:\/\/gazetaregionalna.com\/index.php?rest_route=\/wp\/v2\/users\/12"}],"replies":[{"embeddable":true,"href":"https:\/\/gazetaregionalna.com\/index.php?rest_route=%2Fwp%2Fv2%2Fcomments&post=30805"}],"version-history":[{"count":2,"href":"https:\/\/gazetaregionalna.com\/index.php?rest_route=\/wp\/v2\/posts\/30805\/revisions"}],"predecessor-version":[{"id":30817,"href":"https:\/\/gazetaregionalna.com\/index.php?rest_route=\/wp\/v2\/posts\/30805\/revisions\/30817"}],"wp:featuredmedia":[{"embeddable":true,"href":"https:\/\/gazetaregionalna.com\/index.php?rest_route=\/wp\/v2\/media\/30807"}],"wp:attachment":[{"href":"https:\/\/gazetaregionalna.com\/index.php?rest_route=%2Fwp%2Fv2%2Fmedia&parent=30805"}],"wp:term":[{"taxonomy":"category","embeddable":true,"href":"https:\/\/gazetaregionalna.com\/index.php?rest_route=%2Fwp%2Fv2%2Fcategories&post=30805"},{"taxonomy":"post_tag","embeddable":true,"href":"https:\/\/gazetaregionalna.com\/index.php?rest_route=%2Fwp%2Fv2%2Ftags&post=30805"}],"curies":[{"name":"wp","href":"https:\/\/api.w.org\/{rel}","templated":true}]}}