{"id":30543,"date":"2021-01-03T11:05:18","date_gmt":"2021-01-03T11:05:18","guid":{"rendered":"https:\/\/gazetaregionalna.com\/?p=30543"},"modified":"2021-01-03T11:05:20","modified_gmt":"2021-01-03T11:05:20","slug":"w-czestochowie-mozesz-dac-choince-drugie-zycie","status":"publish","type":"post","link":"https:\/\/gazetaregionalna.com\/?p=30543","title":{"rendered":"W Cz\u0119stochowie mo\u017cesz da\u0107 choince drugie \u017cycie"},"content":{"rendered":"\n<h2 class=\"wp-block-heading\">W Cz\u0119stochowie mo\u017cesz da\u0107 choince drugie \u017cycie. Chodzi o bo\u017conarodzeniowe drzewka w doniczkach. Zostan\u0105 one posadzone wiosn\u0105 na terenie miasta.<\/h2>\n\n\n\n<p>Akcja\ntrwa do 9 stycznia. Zorganizowali j\u0105: Fundacja Rething Cz\u0119stochowa,\nLepszy Klimat \u2013 Sklep Charytatywny  Fundacji Rething oraz\nCz\u0119stochowski Alarm Smogowy.<\/p>\n\n\n\n<p>Choinki przyjmuje sklep przy ul. Szymanowskiego 1 w Cz\u0119stochowie. Zostawi\u0107 mo\u017cna wy\u0142\u0105cznie te drzewka, kt\u00f3re przebywa\u0142y w ogrzewanych pomieszczeniach nie d\u0142u\u017cej ni\u017c 3 tygodnie, z dala od \u017ar\u00f3d\u0142a ciep\u0142a i by\u0142y regularnie podlewane. Tylko takie bowiem mo\u017cna b\u0119dzie przesadzi\u0107 do gruntu. <\/p>\n\n\n\n<p>Z tego wzgl\u0119du organizator akcji zastrzega sobie prawo do odm\u00f3wienia przyj\u0119cia choinek, kt\u00f3rych stan uniemo\u017cliwi\u0142by ich przechowanie do wiosny do czasu sadzenia, na przyk\u0142ad wysuszonych, z uszkodzon\u0105 bry\u0142\u0105 korzeniow\u0105 lub takich, kt\u00f3re wypu\u015bci\u0142y wiosenne p\u0119dy.  <\/p>\n\n\n\n<p>(fot.pixabay)<\/p>\n","protected":false},"excerpt":{"rendered":"<p>W Cz\u0119stochowie mo\u017cesz da\u0107 choince drugie \u017cycie. Chodzi o bo\u017conarodzeniowe drzewka w doniczkach. Zostan\u0105 one posadzone wiosn\u0105 na terenie miasta. Akcja trwa do 9<\/p>\n","protected":false},"author":7,"featured_media":30546,"comment_status":"open","ping_status":"open","sticky":false,"template":"","format":"standard","meta":{"_monsterinsights_skip_tracking":false,"_monsterinsights_sitenote_active":false,"_monsterinsights_sitenote_note":"","_monsterinsights_sitenote_category":0,"_uf_show_specific_survey":0,"_uf_disable_surveys":false,"footnotes":""},"categories":[94,3,2],"tags":[],"class_list":["post-30543","post","type-post","status-publish","format-standard","has-post-thumbnail","hentry","category-polecane","category-czestochowa-informacje","category-wiadomosci"],"_links":{"self":[{"href":"https:\/\/gazetaregionalna.com\/index.php?rest_route=\/wp\/v2\/posts\/30543","targetHints":{"allow":["GET"]}}],"collection":[{"href":"https:\/\/gazetaregionalna.com\/index.php?rest_route=\/wp\/v2\/posts"}],"about":[{"href":"https:\/\/gazetaregionalna.com\/index.php?rest_route=\/wp\/v2\/types\/post"}],"author":[{"embeddable":true,"href":"https:\/\/gazetaregionalna.com\/index.php?rest_route=\/wp\/v2\/users\/7"}],"replies":[{"embeddable":true,"href":"https:\/\/gazetaregionalna.com\/index.php?rest_route=%2Fwp%2Fv2%2Fcomments&post=30543"}],"version-history":[{"count":3,"href":"https:\/\/gazetaregionalna.com\/index.php?rest_route=\/wp\/v2\/posts\/30543\/revisions"}],"predecessor-version":[{"id":30547,"href":"https:\/\/gazetaregionalna.com\/index.php?rest_route=\/wp\/v2\/posts\/30543\/revisions\/30547"}],"wp:featuredmedia":[{"embeddable":true,"href":"https:\/\/gazetaregionalna.com\/index.php?rest_route=\/wp\/v2\/media\/30546"}],"wp:attachment":[{"href":"https:\/\/gazetaregionalna.com\/index.php?rest_route=%2Fwp%2Fv2%2Fmedia&parent=30543"}],"wp:term":[{"taxonomy":"category","embeddable":true,"href":"https:\/\/gazetaregionalna.com\/index.php?rest_route=%2Fwp%2Fv2%2Fcategories&post=30543"},{"taxonomy":"post_tag","embeddable":true,"href":"https:\/\/gazetaregionalna.com\/index.php?rest_route=%2Fwp%2Fv2%2Ftags&post=30543"}],"curies":[{"name":"wp","href":"https:\/\/api.w.org\/{rel}","templated":true}]}}