{"id":30534,"date":"2021-01-03T10:34:37","date_gmt":"2021-01-03T10:34:37","guid":{"rendered":"https:\/\/gazetaregionalna.com\/?p=30534"},"modified":"2021-01-03T10:35:33","modified_gmt":"2021-01-03T10:35:33","slug":"na-dworcu-pkp-w-lublincu-pojawily-sie-herby-gmin-powiatu-lublinieckiego","status":"publish","type":"post","link":"https:\/\/gazetaregionalna.com\/?p=30534","title":{"rendered":"Przy dworcu PKP w Lubli\u0144cu pojawi\u0142y si\u0119 herby gmin powiatu lublinieckiego"},"content":{"rendered":"\n<h2 class=\"wp-block-heading\">Przy dworcu PKP w Lubli\u0144cu pojawi\u0142y si\u0119 herby gmin powiatu lublinieckiego. Umieszczono je na \u015bcianie g\u0142\u00f3wnej strefy Park &amp; Ride.<\/h2>\n\n\n\n<p> <code>[post_gallery]<\/code> <\/p>\n\n\n\n<p>Obok zegara i napisu \u201eLubliniec\u201d umieszczono herby wszystkich gmin wchodz\u0105cych w sk\u0142ad powiatu lublinieckiego.  Jak informuje Lubliniec, jest to symboliczny wyraz wsp\u00f3\u0142pracy samorz\u0105d\u00f3w w ramach projektu centr\u00f3w przesiadkowych dofinansowanych ze \u015brodk\u00f3w unijnych.  <\/p>\n\n\n\n<p>(Fot. UM Lubliniec)<\/p>\n","protected":false},"excerpt":{"rendered":"<p>Przy dworcu PKP w Lubli\u0144cu pojawi\u0142y si\u0119 herby gmin powiatu lublinieckiego. Umieszczono je na \u015bcianie g\u0142\u00f3wnej strefy Park &amp; Ride. [post_gallery] Obok zegara i<\/p>\n","protected":false},"author":7,"featured_media":30538,"comment_status":"open","ping_status":"open","sticky":false,"template":"","format":"standard","meta":{"_monsterinsights_skip_tracking":false,"_monsterinsights_sitenote_active":false,"_monsterinsights_sitenote_note":"","_monsterinsights_sitenote_category":0,"_uf_show_specific_survey":0,"_uf_disable_surveys":false,"footnotes":""},"categories":[94,25,2],"tags":[],"class_list":["post-30534","post","type-post","status-publish","format-standard","has-post-thumbnail","hentry","category-polecane","category-lubliniec","category-wiadomosci"],"_links":{"self":[{"href":"https:\/\/gazetaregionalna.com\/index.php?rest_route=\/wp\/v2\/posts\/30534","targetHints":{"allow":["GET"]}}],"collection":[{"href":"https:\/\/gazetaregionalna.com\/index.php?rest_route=\/wp\/v2\/posts"}],"about":[{"href":"https:\/\/gazetaregionalna.com\/index.php?rest_route=\/wp\/v2\/types\/post"}],"author":[{"embeddable":true,"href":"https:\/\/gazetaregionalna.com\/index.php?rest_route=\/wp\/v2\/users\/7"}],"replies":[{"embeddable":true,"href":"https:\/\/gazetaregionalna.com\/index.php?rest_route=%2Fwp%2Fv2%2Fcomments&post=30534"}],"version-history":[{"count":4,"href":"https:\/\/gazetaregionalna.com\/index.php?rest_route=\/wp\/v2\/posts\/30534\/revisions"}],"predecessor-version":[{"id":30541,"href":"https:\/\/gazetaregionalna.com\/index.php?rest_route=\/wp\/v2\/posts\/30534\/revisions\/30541"}],"wp:featuredmedia":[{"embeddable":true,"href":"https:\/\/gazetaregionalna.com\/index.php?rest_route=\/wp\/v2\/media\/30538"}],"wp:attachment":[{"href":"https:\/\/gazetaregionalna.com\/index.php?rest_route=%2Fwp%2Fv2%2Fmedia&parent=30534"}],"wp:term":[{"taxonomy":"category","embeddable":true,"href":"https:\/\/gazetaregionalna.com\/index.php?rest_route=%2Fwp%2Fv2%2Fcategories&post=30534"},{"taxonomy":"post_tag","embeddable":true,"href":"https:\/\/gazetaregionalna.com\/index.php?rest_route=%2Fwp%2Fv2%2Ftags&post=30534"}],"curies":[{"name":"wp","href":"https:\/\/api.w.org\/{rel}","templated":true}]}}