{"id":30530,"date":"2021-01-03T10:08:37","date_gmt":"2021-01-03T10:08:37","guid":{"rendered":"https:\/\/gazetaregionalna.com\/?p=30530"},"modified":"2021-01-03T10:08:39","modified_gmt":"2021-01-03T10:08:39","slug":"jasnogorski-klasztor-reaguje-na-film-antyszczepionkowcow-w-ktorym-wykorzystano-wizerunek-sanktuarium","status":"publish","type":"post","link":"https:\/\/gazetaregionalna.com\/?p=30530","title":{"rendered":"Jasnog\u00f3rski klasztor reaguje na film antyszczepionkowc\u00f3w, w kt\u00f3rym wykorzystano wizerunek sanktuarium"},"content":{"rendered":"\n<h2 class=\"wp-block-heading\">Jasnog\u00f3rski klasztor reaguje na film antyszczepionkowc\u00f3w, w kt\u00f3rym wykorzystano wizerunek sanktuarium. Wydano o\u015bwiadczenie, w kt\u00f3rym Jasna G\u00f3ra odcina si\u0119 od tego obrazu i zapowiada kroki prawne.<\/h2>\n\n\n\n<ul class=\"wp-block-list\"><li>&#8211; <em>Klasztor jasnog\u00f3rski informuje z przykro\u015bci\u0105, \u017ce na portalach spo\u0142eczno\u015bciowych po raz kolejny pojawi\u0142 si\u0119 film, w kt\u00f3rym bezprawnie u\u017cyto nagrania telewizyjnego z kaplicy Matki Bo\u017cej, podk\u0142adaj\u0105c g\u0142os osoby nam nieznanej <\/em>\u2013 napisano w o\u015bwiadczeniu.  &#8211; <em>Jest to z\u0142amanie prawa, nadu\u017cycie wizerunku i zachowanie niegodziwe. W \u017cadnym wypadku nie identyfikujemy si\u0119 z tre\u015bciami, kt\u00f3re zosta\u0142y w ten nieuczciwy spos\u00f3b przekazane przez autor\u00f3w tej manipulacji.<\/em> <em>Prosimy o nierozpowszechnianie nieuczciwych tre\u015bci. Podejmujemy niezb\u0119dne kroki prawne. <br><\/em><br>Chodzi o film,  kt\u00f3ry pojawi\u0142 si\u0119 niedawno na kanale YouTube, w kt\u00f3rym wykorzystano nagranie z jasnog\u00f3rskiej Kaplicy Matki Bo\u017cej, a pod\u0142o\u017cony pod obraz g\u0142os komentowa\u0142 kwestie dotycz\u0105ce szczepie\u0144. Obraz znikn\u0105\u0142 z internetu, mimo to sanktuarium podj\u0105\u0142 w tej sprawie kroki prawne. Jak poda\u0142a w komunikacie PAP, Jasna G\u00f3ra mimo usuni\u0119cia filmu postanowi\u0142a oficjalnie zareagowa\u0107, aby jednoznacznie odci\u0105\u0107 si\u0119 od przekazywanych w tym obrazie tre\u015bci, a tak\u017ce by zapobiec podobnym sytuacjom w przysz\u0142o\u015bci.  Spraw\u0119 ewentualnych dalszych krok\u00f3w analizuj\u0105 prawnicy.<\/li><\/ul>\n","protected":false},"excerpt":{"rendered":"<p>Jasnog\u00f3rski klasztor reaguje na film antyszczepionkowc\u00f3w, w kt\u00f3rym wykorzystano wizerunek sanktuarium. Wydano o\u015bwiadczenie, w kt\u00f3rym Jasna G\u00f3ra odcina si\u0119 od tego obrazu i zapowiada<\/p>\n","protected":false},"author":7,"featured_media":30533,"comment_status":"open","ping_status":"open","sticky":false,"template":"","format":"standard","meta":{"_monsterinsights_skip_tracking":false,"_monsterinsights_sitenote_active":false,"_monsterinsights_sitenote_note":"","_monsterinsights_sitenote_category":0,"_uf_show_specific_survey":0,"_uf_disable_surveys":false,"footnotes":""},"categories":[94,3,2],"tags":[],"class_list":["post-30530","post","type-post","status-publish","format-standard","has-post-thumbnail","hentry","category-polecane","category-czestochowa-informacje","category-wiadomosci"],"_links":{"self":[{"href":"https:\/\/gazetaregionalna.com\/index.php?rest_route=\/wp\/v2\/posts\/30530","targetHints":{"allow":["GET"]}}],"collection":[{"href":"https:\/\/gazetaregionalna.com\/index.php?rest_route=\/wp\/v2\/posts"}],"about":[{"href":"https:\/\/gazetaregionalna.com\/index.php?rest_route=\/wp\/v2\/types\/post"}],"author":[{"embeddable":true,"href":"https:\/\/gazetaregionalna.com\/index.php?rest_route=\/wp\/v2\/users\/7"}],"replies":[{"embeddable":true,"href":"https:\/\/gazetaregionalna.com\/index.php?rest_route=%2Fwp%2Fv2%2Fcomments&post=30530"}],"version-history":[{"count":2,"href":"https:\/\/gazetaregionalna.com\/index.php?rest_route=\/wp\/v2\/posts\/30530\/revisions"}],"predecessor-version":[{"id":30532,"href":"https:\/\/gazetaregionalna.com\/index.php?rest_route=\/wp\/v2\/posts\/30530\/revisions\/30532"}],"wp:featuredmedia":[{"embeddable":true,"href":"https:\/\/gazetaregionalna.com\/index.php?rest_route=\/wp\/v2\/media\/30533"}],"wp:attachment":[{"href":"https:\/\/gazetaregionalna.com\/index.php?rest_route=%2Fwp%2Fv2%2Fmedia&parent=30530"}],"wp:term":[{"taxonomy":"category","embeddable":true,"href":"https:\/\/gazetaregionalna.com\/index.php?rest_route=%2Fwp%2Fv2%2Fcategories&post=30530"},{"taxonomy":"post_tag","embeddable":true,"href":"https:\/\/gazetaregionalna.com\/index.php?rest_route=%2Fwp%2Fv2%2Ftags&post=30530"}],"curies":[{"name":"wp","href":"https:\/\/api.w.org\/{rel}","templated":true}]}}