{"id":30466,"date":"2021-01-01T10:57:25","date_gmt":"2021-01-01T10:57:25","guid":{"rendered":"https:\/\/gazetaregionalna.com\/?p=30466"},"modified":"2021-01-01T10:58:55","modified_gmt":"2021-01-01T10:58:55","slug":"od-2-stycznia-mieszkancy-lublinca-moga-elektronicznie-przesylac-wnioski-na-dofinansowanie-proekologicznych-zadan","status":"publish","type":"post","link":"https:\/\/gazetaregionalna.com\/?p=30466","title":{"rendered":"Od 2 stycznia mieszka\u0144cy Lubli\u0144ca mog\u0105 elektronicznie przesy\u0142a\u0107 wnioski na dofinansowanie proekologicznych zada\u0144"},"content":{"rendered":"\n<h2 class=\"wp-block-heading\"> Od 2 stycznia  mieszka\u0144cy Lubli\u0144ca mog\u0105 elektronicznie przesy\u0142a\u0107 wnioski na dofinansowanie proekologicznych zada\u0144. Chodzi o modernizacj\u0119 \u017ar\u00f3de\u0142 ciep\u0142a w budynkach i lokalach mieszkalnych oraz termomodernizacj\u0119 budynk\u00f3w.<\/h2>\n\n\n\n<figure class=\"wp-block-image size-large\"><img decoding=\"async\" width=\"940\" height=\"788\" data-src=\"https:\/\/gazetaregionalna.com\/wp-content\/uploads\/2021\/01\/dotacje-lubliniec.png\" alt=\"\" class=\"wp-image-30469 lazyload\" data-srcset=\"https:\/\/gazetaregionalna.com\/wp-content\/uploads\/2021\/01\/dotacje-lubliniec.png 940w, https:\/\/gazetaregionalna.com\/wp-content\/uploads\/2021\/01\/dotacje-lubliniec-300x251.png 300w, https:\/\/gazetaregionalna.com\/wp-content\/uploads\/2021\/01\/dotacje-lubliniec-768x644.png 768w, https:\/\/gazetaregionalna.com\/wp-content\/uploads\/2021\/01\/dotacje-lubliniec-696x583.png 696w, https:\/\/gazetaregionalna.com\/wp-content\/uploads\/2021\/01\/dotacje-lubliniec-501x420.png 501w\" data-sizes=\"(max-width: 940px) 100vw, 940px\" src=\"data:image\/svg+xml;base64,PHN2ZyB3aWR0aD0iMSIgaGVpZ2h0PSIxIiB4bWxucz0iaHR0cDovL3d3dy53My5vcmcvMjAwMC9zdmciPjwvc3ZnPg==\" style=\"--smush-placeholder-width: 940px; --smush-placeholder-aspect-ratio: 940\/788;\" \/><\/figure>\n\n\n\n<p><br> Z dofinansowania mog\u0105 skorzysta\u0107 mieszka\u0144cy gminy Lubliniec. Wnioski nale\u017cy sk\u0142ada\u0107 drog\u0105 elektroniczn\u0105 za pomoc\u0105 elektronicznej skrzynki podawczej przez platform\u0119 SEKAP lub ePUAP.<\/p>\n\n\n\n<p><br> Jak informuje lubliniecki samorz\u0105d,  pisma w formie elektronicznej mog\u0105 by\u0107 sk\u0142adane r\u00f3wnie\u017c przez Pe\u0142nomocnik\u00f3w Wnioskodawcy. W\u00f3wczas do wniosku nale\u017cy za\u0142\u0105czy\u0107 podpisane przez w\u0142a\u015bciciela nieruchomo\u015bci pe\u0142nomocnictwo, kt\u00f3rego wz\u00f3r mo\u017cna pobra\u0107 ze strony internetowej UM w Lubli\u0144cu.<\/p>\n\n\n\n<p><br> Wszelkich informacji w tych sprawach udziela Referat ds. \u015arodowiska i Klimatu UM w Lubli\u0144cu tel.(34) 353 01 00 wew. 172 lub 173.<\/p>\n\n\n\n<p><br> Szczeg\u00f3\u0142y i instrukcja dotycz\u0105ca sk\u0142adania wniosk\u00f3w znajduj\u0105 na stronie:<\/p>\n\n\n\n<p><a href=\"https:\/\/lubliniec.eu\/index.php\/jakosc-powietrza\/54-jakosc-powietrza\/dofinansowanie-do-wymiany-pieca-i-termomodernizacji-program-gminny\" target=\"_blank\" rel=\"noopener\">https:\/\/lubliniec.eu\/index.php\/jakosc-powietrza\/54-jakosc-powietrza\/dofinansowanie-do-wymiany-pieca-i-termomodernizacji-program-gminny<\/a><\/p>\n","protected":false},"excerpt":{"rendered":"<p>Od 2 stycznia mieszka\u0144cy Lubli\u0144ca mog\u0105 elektronicznie przesy\u0142a\u0107 wnioski na dofinansowanie proekologicznych zada\u0144. Chodzi o modernizacj\u0119 \u017ar\u00f3de\u0142 ciep\u0142a w budynkach i lokalach mieszkalnych oraz<\/p>\n","protected":false},"author":7,"featured_media":30471,"comment_status":"open","ping_status":"open","sticky":false,"template":"","format":"standard","meta":{"_monsterinsights_skip_tracking":false,"_monsterinsights_sitenote_active":false,"_monsterinsights_sitenote_note":"","_monsterinsights_sitenote_category":0,"_uf_show_specific_survey":0,"_uf_disable_surveys":false,"footnotes":""},"categories":[29,25,94,2],"tags":[],"class_list":["post-30466","post","type-post","status-publish","format-standard","has-post-thumbnail","hentry","category-ekologia","category-lubliniec","category-polecane","category-wiadomosci"],"_links":{"self":[{"href":"https:\/\/gazetaregionalna.com\/index.php?rest_route=\/wp\/v2\/posts\/30466","targetHints":{"allow":["GET"]}}],"collection":[{"href":"https:\/\/gazetaregionalna.com\/index.php?rest_route=\/wp\/v2\/posts"}],"about":[{"href":"https:\/\/gazetaregionalna.com\/index.php?rest_route=\/wp\/v2\/types\/post"}],"author":[{"embeddable":true,"href":"https:\/\/gazetaregionalna.com\/index.php?rest_route=\/wp\/v2\/users\/7"}],"replies":[{"embeddable":true,"href":"https:\/\/gazetaregionalna.com\/index.php?rest_route=%2Fwp%2Fv2%2Fcomments&post=30466"}],"version-history":[{"count":4,"href":"https:\/\/gazetaregionalna.com\/index.php?rest_route=\/wp\/v2\/posts\/30466\/revisions"}],"predecessor-version":[{"id":30472,"href":"https:\/\/gazetaregionalna.com\/index.php?rest_route=\/wp\/v2\/posts\/30466\/revisions\/30472"}],"wp:featuredmedia":[{"embeddable":true,"href":"https:\/\/gazetaregionalna.com\/index.php?rest_route=\/wp\/v2\/media\/30471"}],"wp:attachment":[{"href":"https:\/\/gazetaregionalna.com\/index.php?rest_route=%2Fwp%2Fv2%2Fmedia&parent=30466"}],"wp:term":[{"taxonomy":"category","embeddable":true,"href":"https:\/\/gazetaregionalna.com\/index.php?rest_route=%2Fwp%2Fv2%2Fcategories&post=30466"},{"taxonomy":"post_tag","embeddable":true,"href":"https:\/\/gazetaregionalna.com\/index.php?rest_route=%2Fwp%2Fv2%2Ftags&post=30466"}],"curies":[{"name":"wp","href":"https:\/\/api.w.org\/{rel}","templated":true}]}}