{"id":30412,"date":"2020-12-31T14:47:16","date_gmt":"2020-12-31T14:47:16","guid":{"rendered":"https:\/\/gazetaregionalna.com\/?p=30412"},"modified":"2020-12-31T14:47:18","modified_gmt":"2020-12-31T14:47:18","slug":"azs-17","status":"publish","type":"post","link":"https:\/\/gazetaregionalna.com\/?p=30412","title":{"rendered":"Wygrana siatkarzy AZS-u Cz\u0119stochowa w sparingu z B\u0119dzinem"},"content":{"rendered":"\n<p>Siatkarze Forma AZS Cz\u0119stochowa pokonali w meczu kontrolnym 2-ligowy Wie-Druk MKS B\u0119dzin 3:2.<\/p>\n\n\n\n<p>Siatkarze Forma AZS Cz\u0119stochowa sw\u00f3j ostatni mecz w 1 lidze \u015bl\u0105skiej rozegrali 19 grudnia. Podopieczni trenera Roberta Szczerbaniuka okres \u015bwi\u0105teczno-noworoczny wykorzystuj\u0105 na treningi i gry kontrolne. W \u015brod\u0119 w Hali Polonia AZS rozegra\u0142 sparing z graj\u0105cym w 2 lidze og\u00f3lnopolskiej Wie-Druk MKS B\u0119dzin. AZS zaprezentowa\u0142 si\u0119 jak na lidera 1-ligi \u015bl\u0105skiej przysta\u0142o. Cz\u0119stochowianie pokonali wy\u017cej notowanych rywali i wygrali 3:2.  <\/p>\n\n\n\n<figure class=\"wp-block-gallery columns-3 is-cropped wp-block-gallery-1 is-layout-flex wp-block-gallery-is-layout-flex\"><ul class=\"blocks-gallery-grid\"><li class=\"blocks-gallery-item\"><figure><img decoding=\"async\" width=\"1024\" height=\"683\" data-src=\"https:\/\/gazetaregionalna.com\/wp-content\/uploads\/2020\/12\/AZS-Bedzin-6-1024x683.jpg\" alt=\"\" data-id=\"30409\" data-full-url=\"https:\/\/gazetaregionalna.com\/wp-content\/uploads\/2020\/12\/AZS-Bedzin-6.jpg\" data-link=\"https:\/\/gazetaregionalna.com\/azs-bedzin-6\/\" class=\"wp-image-30409 lazyload\" data-srcset=\"https:\/\/gazetaregionalna.com\/wp-content\/uploads\/2020\/12\/AZS-Bedzin-6-1024x683.jpg 1024w, https:\/\/gazetaregionalna.com\/wp-content\/uploads\/2020\/12\/AZS-Bedzin-6-300x200.jpg 300w, https:\/\/gazetaregionalna.com\/wp-content\/uploads\/2020\/12\/AZS-Bedzin-6-768x512.jpg 768w, https:\/\/gazetaregionalna.com\/wp-content\/uploads\/2020\/12\/AZS-Bedzin-6-1536x1024.jpg 1536w, https:\/\/gazetaregionalna.com\/wp-content\/uploads\/2020\/12\/AZS-Bedzin-6-696x464.jpg 696w, https:\/\/gazetaregionalna.com\/wp-content\/uploads\/2020\/12\/AZS-Bedzin-6-1068x712.jpg 1068w, https:\/\/gazetaregionalna.com\/wp-content\/uploads\/2020\/12\/AZS-Bedzin-6-630x420.jpg 630w, https:\/\/gazetaregionalna.com\/wp-content\/uploads\/2020\/12\/AZS-Bedzin-6.jpg 1200w\" data-sizes=\"(max-width: 1024px) 100vw, 1024px\" src=\"data:image\/svg+xml;base64,PHN2ZyB3aWR0aD0iMSIgaGVpZ2h0PSIxIiB4bWxucz0iaHR0cDovL3d3dy53My5vcmcvMjAwMC9zdmciPjwvc3ZnPg==\" style=\"--smush-placeholder-width: 1024px; --smush-placeholder-aspect-ratio: 1024\/683;\" \/><\/figure><\/li><li class=\"blocks-gallery-item\"><figure><img decoding=\"async\" width=\"1024\" height=\"683\" data-src=\"https:\/\/gazetaregionalna.com\/wp-content\/uploads\/2020\/12\/AZS-Bedzin-1-1024x683.jpg\" alt=\"\" data-id=\"30402\" data-full-url=\"https:\/\/gazetaregionalna.com\/wp-content\/uploads\/2020\/12\/AZS-Bedzin-1.jpg\" data-link=\"https:\/\/gazetaregionalna.com\/azs-bedzin-1\/\" class=\"wp-image-30402 lazyload\" data-srcset=\"https:\/\/gazetaregionalna.com\/wp-content\/uploads\/2020\/12\/AZS-Bedzin-1-1024x683.jpg 1024w, https:\/\/gazetaregionalna.com\/wp-content\/uploads\/2020\/12\/AZS-Bedzin-1-300x200.jpg 300w, https:\/\/gazetaregionalna.com\/wp-content\/uploads\/2020\/12\/AZS-Bedzin-1-768x512.jpg 768w, https:\/\/gazetaregionalna.com\/wp-content\/uploads\/2020\/12\/AZS-Bedzin-1-1536x1024.jpg 1536w, https:\/\/gazetaregionalna.com\/wp-content\/uploads\/2020\/12\/AZS-Bedzin-1-696x464.jpg 696w, https:\/\/gazetaregionalna.com\/wp-content\/uploads\/2020\/12\/AZS-Bedzin-1-1068x712.jpg 1068w, https:\/\/gazetaregionalna.com\/wp-content\/uploads\/2020\/12\/AZS-Bedzin-1-630x420.jpg 630w, https:\/\/gazetaregionalna.com\/wp-content\/uploads\/2020\/12\/AZS-Bedzin-1.jpg 1200w\" data-sizes=\"(max-width: 1024px) 100vw, 1024px\" src=\"data:image\/svg+xml;base64,PHN2ZyB3aWR0aD0iMSIgaGVpZ2h0PSIxIiB4bWxucz0iaHR0cDovL3d3dy53My5vcmcvMjAwMC9zdmciPjwvc3ZnPg==\" style=\"--smush-placeholder-width: 1024px; --smush-placeholder-aspect-ratio: 1024\/683;\" \/><\/figure><\/li><li class=\"blocks-gallery-item\"><figure><img decoding=\"async\" width=\"1024\" height=\"683\" data-src=\"https:\/\/gazetaregionalna.com\/wp-content\/uploads\/2020\/12\/AZS-Bedzin-3-1024x683.jpg\" alt=\"\" data-id=\"30405\" data-full-url=\"https:\/\/gazetaregionalna.com\/wp-content\/uploads\/2020\/12\/AZS-Bedzin-3.jpg\" data-link=\"https:\/\/gazetaregionalna.com\/azs-bedzin-3\/\" class=\"wp-image-30405 lazyload\" data-srcset=\"https:\/\/gazetaregionalna.com\/wp-content\/uploads\/2020\/12\/AZS-Bedzin-3-1024x683.jpg 1024w, https:\/\/gazetaregionalna.com\/wp-content\/uploads\/2020\/12\/AZS-Bedzin-3-300x200.jpg 300w, https:\/\/gazetaregionalna.com\/wp-content\/uploads\/2020\/12\/AZS-Bedzin-3-768x512.jpg 768w, https:\/\/gazetaregionalna.com\/wp-content\/uploads\/2020\/12\/AZS-Bedzin-3-1536x1024.jpg 1536w, https:\/\/gazetaregionalna.com\/wp-content\/uploads\/2020\/12\/AZS-Bedzin-3-696x464.jpg 696w, https:\/\/gazetaregionalna.com\/wp-content\/uploads\/2020\/12\/AZS-Bedzin-3-1068x712.jpg 1068w, https:\/\/gazetaregionalna.com\/wp-content\/uploads\/2020\/12\/AZS-Bedzin-3-630x420.jpg 630w, https:\/\/gazetaregionalna.com\/wp-content\/uploads\/2020\/12\/AZS-Bedzin-3.jpg 1200w\" data-sizes=\"(max-width: 1024px) 100vw, 1024px\" src=\"data:image\/svg+xml;base64,PHN2ZyB3aWR0aD0iMSIgaGVpZ2h0PSIxIiB4bWxucz0iaHR0cDovL3d3dy53My5vcmcvMjAwMC9zdmciPjwvc3ZnPg==\" style=\"--smush-placeholder-width: 1024px; --smush-placeholder-aspect-ratio: 1024\/683;\" \/><\/figure><\/li><li class=\"blocks-gallery-item\"><figure><img decoding=\"async\" width=\"1024\" height=\"683\" data-src=\"https:\/\/gazetaregionalna.com\/wp-content\/uploads\/2020\/12\/AZS-Bedzin-4-1024x683.jpg\" alt=\"\" data-id=\"30406\" data-full-url=\"https:\/\/gazetaregionalna.com\/wp-content\/uploads\/2020\/12\/AZS-Bedzin-4.jpg\" data-link=\"https:\/\/gazetaregionalna.com\/azs-bedzin-4\/\" class=\"wp-image-30406 lazyload\" data-srcset=\"https:\/\/gazetaregionalna.com\/wp-content\/uploads\/2020\/12\/AZS-Bedzin-4-1024x683.jpg 1024w, https:\/\/gazetaregionalna.com\/wp-content\/uploads\/2020\/12\/AZS-Bedzin-4-300x200.jpg 300w, https:\/\/gazetaregionalna.com\/wp-content\/uploads\/2020\/12\/AZS-Bedzin-4-768x512.jpg 768w, https:\/\/gazetaregionalna.com\/wp-content\/uploads\/2020\/12\/AZS-Bedzin-4-1536x1024.jpg 1536w, https:\/\/gazetaregionalna.com\/wp-content\/uploads\/2020\/12\/AZS-Bedzin-4-696x464.jpg 696w, https:\/\/gazetaregionalna.com\/wp-content\/uploads\/2020\/12\/AZS-Bedzin-4-1068x712.jpg 1068w, https:\/\/gazetaregionalna.com\/wp-content\/uploads\/2020\/12\/AZS-Bedzin-4-630x420.jpg 630w, https:\/\/gazetaregionalna.com\/wp-content\/uploads\/2020\/12\/AZS-Bedzin-4.jpg 1200w\" data-sizes=\"(max-width: 1024px) 100vw, 1024px\" src=\"data:image\/svg+xml;base64,PHN2ZyB3aWR0aD0iMSIgaGVpZ2h0PSIxIiB4bWxucz0iaHR0cDovL3d3dy53My5vcmcvMjAwMC9zdmciPjwvc3ZnPg==\" style=\"--smush-placeholder-width: 1024px; --smush-placeholder-aspect-ratio: 1024\/683;\" \/><\/figure><\/li><\/ul><\/figure>\n\n\n\n<p>Warto odnotowa\u0107, \u017ce trenerem go\u015bci by\u0142 Rafa\u0142 Legie\u0144 znany z wyst\u0119p\u00f3w w przesz\u0142o\u015bci m.in. w P\u0142omieniu Sosnowiec.  <\/p>\n\n\n\n<figure class=\"wp-block-image size-large\"><img decoding=\"async\" width=\"1024\" height=\"683\" data-src=\"https:\/\/gazetaregionalna.com\/wp-content\/uploads\/2020\/12\/AZS-Bedzin-5-1024x683.jpg\" alt=\"\" class=\"wp-image-30408 lazyload\" data-srcset=\"https:\/\/gazetaregionalna.com\/wp-content\/uploads\/2020\/12\/AZS-Bedzin-5-1024x683.jpg 1024w, https:\/\/gazetaregionalna.com\/wp-content\/uploads\/2020\/12\/AZS-Bedzin-5-300x200.jpg 300w, https:\/\/gazetaregionalna.com\/wp-content\/uploads\/2020\/12\/AZS-Bedzin-5-768x512.jpg 768w, https:\/\/gazetaregionalna.com\/wp-content\/uploads\/2020\/12\/AZS-Bedzin-5-1536x1024.jpg 1536w, https:\/\/gazetaregionalna.com\/wp-content\/uploads\/2020\/12\/AZS-Bedzin-5-696x464.jpg 696w, https:\/\/gazetaregionalna.com\/wp-content\/uploads\/2020\/12\/AZS-Bedzin-5-1068x712.jpg 1068w, https:\/\/gazetaregionalna.com\/wp-content\/uploads\/2020\/12\/AZS-Bedzin-5-630x420.jpg 630w, https:\/\/gazetaregionalna.com\/wp-content\/uploads\/2020\/12\/AZS-Bedzin-5.jpg 1200w\" data-sizes=\"(max-width: 1024px) 100vw, 1024px\" src=\"data:image\/svg+xml;base64,PHN2ZyB3aWR0aD0iMSIgaGVpZ2h0PSIxIiB4bWxucz0iaHR0cDovL3d3dy53My5vcmcvMjAwMC9zdmciPjwvc3ZnPg==\" style=\"--smush-placeholder-width: 1024px; --smush-placeholder-aspect-ratio: 1024\/683;\" \/><\/figure>\n\n\n\n<p>Foto: Gazeta Regionalna <\/p>\n","protected":false},"excerpt":{"rendered":"<p>Siatkarze Forma AZS Cz\u0119stochowa pokonali w meczu kontrolnym 2-ligowy Wie-Druk MKS B\u0119dzin 3:2. Siatkarze Forma AZS Cz\u0119stochowa sw\u00f3j ostatni mecz w 1 lidze \u015bl\u0105skiej<\/p>\n","protected":false},"author":15,"featured_media":30403,"comment_status":"open","ping_status":"open","sticky":false,"template":"","format":"standard","meta":{"_monsterinsights_skip_tracking":false,"_monsterinsights_sitenote_active":false,"_monsterinsights_sitenote_note":"","_monsterinsights_sitenote_category":0,"_uf_show_specific_survey":0,"_uf_disable_surveys":false,"footnotes":""},"categories":[5,8],"tags":[],"class_list":["post-30412","post","type-post","status-publish","format-standard","has-post-thumbnail","hentry","category-sport","category-siatkowka"],"_links":{"self":[{"href":"https:\/\/gazetaregionalna.com\/index.php?rest_route=\/wp\/v2\/posts\/30412","targetHints":{"allow":["GET"]}}],"collection":[{"href":"https:\/\/gazetaregionalna.com\/index.php?rest_route=\/wp\/v2\/posts"}],"about":[{"href":"https:\/\/gazetaregionalna.com\/index.php?rest_route=\/wp\/v2\/types\/post"}],"author":[{"embeddable":true,"href":"https:\/\/gazetaregionalna.com\/index.php?rest_route=\/wp\/v2\/users\/15"}],"replies":[{"embeddable":true,"href":"https:\/\/gazetaregionalna.com\/index.php?rest_route=%2Fwp%2Fv2%2Fcomments&post=30412"}],"version-history":[{"count":1,"href":"https:\/\/gazetaregionalna.com\/index.php?rest_route=\/wp\/v2\/posts\/30412\/revisions"}],"predecessor-version":[{"id":30414,"href":"https:\/\/gazetaregionalna.com\/index.php?rest_route=\/wp\/v2\/posts\/30412\/revisions\/30414"}],"wp:featuredmedia":[{"embeddable":true,"href":"https:\/\/gazetaregionalna.com\/index.php?rest_route=\/wp\/v2\/media\/30403"}],"wp:attachment":[{"href":"https:\/\/gazetaregionalna.com\/index.php?rest_route=%2Fwp%2Fv2%2Fmedia&parent=30412"}],"wp:term":[{"taxonomy":"category","embeddable":true,"href":"https:\/\/gazetaregionalna.com\/index.php?rest_route=%2Fwp%2Fv2%2Fcategories&post=30412"},{"taxonomy":"post_tag","embeddable":true,"href":"https:\/\/gazetaregionalna.com\/index.php?rest_route=%2Fwp%2Fv2%2Ftags&post=30412"}],"curies":[{"name":"wp","href":"https:\/\/api.w.org\/{rel}","templated":true}]}}