{"id":30370,"date":"2020-12-31T09:50:52","date_gmt":"2020-12-31T09:50:52","guid":{"rendered":"https:\/\/gazetaregionalna.com\/?p=30370"},"modified":"2020-12-31T11:48:21","modified_gmt":"2020-12-31T11:48:21","slug":"uciekli-z-czestochowskiego-szpitala-chociaz-byli-zakazeni-koronawirusem","status":"publish","type":"post","link":"https:\/\/gazetaregionalna.com\/?p=30370","title":{"rendered":"Uciekli z cz\u0119stochowskiego szpitala chocia\u017c byli zaka\u017ceni koronawirusem"},"content":{"rendered":"\n<h2 class=\"wp-block-heading\"> Uciekli z cz\u0119stochowskiego szpitala chocia\u017c byli zaka\u017ceni koronawirusem. Dwaj pacjenci ze zdiagnozowanym COVID-19 bez zgody lekarzy opu\u015bcili lecznic\u0119. M\u0119\u017cczyzn odnalaz\u0142a policji i odwioz\u0142a na oddzia\u0142y, z kt\u00f3rych uciekli.  Gdy wyzdrowiej\u0105, mog\u0105 us\u0142ysze\u0107 zarzut sprowadzenia niebezpiecze\u0144stwa dla \u017cycia i zdrowia innych os\u00f3b.<\/h2>\n\n\n\n<p><br> Cz\u0119stochowski szpital samowolnie opu\u015bci\u0142 72-letni cz\u0119stochowianin oraz 45-letni mieszkaniec powiatu cz\u0119stochowskiego. Zdarzenia te mia\u0142y miejsce w poniedzia\u0142ek i \u015brod\u0119.<\/p>\n\n\n\n<figure class=\"wp-block-image size-large\"><img decoding=\"async\" width=\"667\" height=\"426\" data-src=\"https:\/\/gazetaregionalna.com\/wp-content\/uploads\/2020\/12\/ucieczka1.jpg\" alt=\"\" class=\"wp-image-30374 lazyload\" data-srcset=\"https:\/\/gazetaregionalna.com\/wp-content\/uploads\/2020\/12\/ucieczka1.jpg 667w, https:\/\/gazetaregionalna.com\/wp-content\/uploads\/2020\/12\/ucieczka1-300x192.jpg 300w, https:\/\/gazetaregionalna.com\/wp-content\/uploads\/2020\/12\/ucieczka1-658x420.jpg 658w\" data-sizes=\"(max-width: 667px) 100vw, 667px\" src=\"data:image\/svg+xml;base64,PHN2ZyB3aWR0aD0iMSIgaGVpZ2h0PSIxIiB4bWxucz0iaHR0cDovL3d3dy53My5vcmcvMjAwMC9zdmciPjwvc3ZnPg==\" style=\"--smush-placeholder-width: 667px; --smush-placeholder-aspect-ratio: 667\/426;\" \/><\/figure>\n\n\n\n<p><br> W poniedzia\u0142ek, 72-latek w z\u0142ym stanie zdrowia i zaka\u017cony koronawirusem uciek\u0142 ze szpitala do swojego mieszkania. Za uciekinierem ruszy\u0142a policja. Chocia\u017c m\u0119\u017cczyzna udawa\u0142, \u017ce nikogo nie ma w mieszkaniu, funkcjonariusze nie dali si\u0119 na to nabra\u0107. Wezwali na pomoc stra\u017cak\u00f3w, kt\u00f3rzy sprawdzili  mieszkanie znajduj\u0105ce si\u0119 na 3 pi\u0119trze, a nast\u0119pnie wywa\u017cyli drzwi do lokalu. Policjanci zachowuj\u0105c wszelkie zasady sanitarne weszli do mieszkania znajduj\u0105cego si\u0119 w centrum Cz\u0119stochowy i odnale\u017ali tam poszukiwanego. Starszy m\u0119\u017cczyzna zosta\u0142 odwieziony do szpitala.<\/p>\n\n\n\n<p><br> Wczoraj natomiast ze szpitala uciek\u0142 r\u00f3wnie\u017c zaka\u017cony koronawirusem 45-latek. Mieszkaniec powiatu cz\u0119stochowskiego od tygodnia przebywa\u0142 na oddziale zaka\u017anym. Pacjent tak\u017ce postanowi\u0142 wyj\u015b\u0107 ze szpitala bez zgody lekarza i uda\u0107 si\u0119 do domu. Wys\u0142any na poszukiwanie uciekiniera patrol policji odnalaz\u0142 go na przystanku autobusowym. 45-latek zosta\u0142 odtransportowany na oddzia\u0142, z kt\u00f3rego uciek\u0142.<\/p>\n\n\n\n<p><br> Policja pod nadzorem prokuratury wszcz\u0119\u0142a wzgl\u0119dem obu m\u0119\u017cczyzn \u015bledztwo pod k\u0105tem sprowadzenia niebezpiecze\u0144stwa dla \u017cycia i zdrowia innych os\u00f3b. Za to przest\u0119pstwo grozi do 8 lat wi\u0119zienia.<\/p>\n","protected":false},"excerpt":{"rendered":"<p>Uciekli z cz\u0119stochowskiego szpitala chocia\u017c byli zaka\u017ceni koronawirusem. Dwaj pacjenci ze zdiagnozowanym COVID-19 bez zgody lekarzy opu\u015bcili lecznic\u0119. M\u0119\u017cczyzn odnalaz\u0142a policji i odwioz\u0142a na<\/p>\n","protected":false},"author":7,"featured_media":30375,"comment_status":"open","ping_status":"open","sticky":false,"template":"","format":"standard","meta":{"_monsterinsights_skip_tracking":false,"_monsterinsights_sitenote_active":false,"_monsterinsights_sitenote_note":"","_monsterinsights_sitenote_category":0,"_uf_show_specific_survey":0,"_uf_disable_surveys":false,"footnotes":""},"categories":[94,3,2],"tags":[],"class_list":["post-30370","post","type-post","status-publish","format-standard","has-post-thumbnail","hentry","category-polecane","category-czestochowa-informacje","category-wiadomosci"],"_links":{"self":[{"href":"https:\/\/gazetaregionalna.com\/index.php?rest_route=\/wp\/v2\/posts\/30370","targetHints":{"allow":["GET"]}}],"collection":[{"href":"https:\/\/gazetaregionalna.com\/index.php?rest_route=\/wp\/v2\/posts"}],"about":[{"href":"https:\/\/gazetaregionalna.com\/index.php?rest_route=\/wp\/v2\/types\/post"}],"author":[{"embeddable":true,"href":"https:\/\/gazetaregionalna.com\/index.php?rest_route=\/wp\/v2\/users\/7"}],"replies":[{"embeddable":true,"href":"https:\/\/gazetaregionalna.com\/index.php?rest_route=%2Fwp%2Fv2%2Fcomments&post=30370"}],"version-history":[{"count":5,"href":"https:\/\/gazetaregionalna.com\/index.php?rest_route=\/wp\/v2\/posts\/30370\/revisions"}],"predecessor-version":[{"id":30377,"href":"https:\/\/gazetaregionalna.com\/index.php?rest_route=\/wp\/v2\/posts\/30370\/revisions\/30377"}],"wp:featuredmedia":[{"embeddable":true,"href":"https:\/\/gazetaregionalna.com\/index.php?rest_route=\/wp\/v2\/media\/30375"}],"wp:attachment":[{"href":"https:\/\/gazetaregionalna.com\/index.php?rest_route=%2Fwp%2Fv2%2Fmedia&parent=30370"}],"wp:term":[{"taxonomy":"category","embeddable":true,"href":"https:\/\/gazetaregionalna.com\/index.php?rest_route=%2Fwp%2Fv2%2Fcategories&post=30370"},{"taxonomy":"post_tag","embeddable":true,"href":"https:\/\/gazetaregionalna.com\/index.php?rest_route=%2Fwp%2Fv2%2Ftags&post=30370"}],"curies":[{"name":"wp","href":"https:\/\/api.w.org\/{rel}","templated":true}]}}