{"id":30179,"date":"2020-12-29T08:44:39","date_gmt":"2020-12-29T08:44:39","guid":{"rendered":"https:\/\/gazetaregionalna.com\/?p=30179"},"modified":"2020-12-29T08:44:41","modified_gmt":"2020-12-29T08:44:41","slug":"dostales-nietrafiony-prezent-mozesz-go-odstapic-potrzebujacemu-apeluje-jasna-gora","status":"publish","type":"post","link":"https:\/\/gazetaregionalna.com\/?p=30179","title":{"rendered":"Dosta\u0142e\u015b nietrafiony prezent? Mo\u017cesz go odst\u0105pi\u0107 potrzebuj\u0105cemu &#8211; apeluje Jasna G\u00f3ra"},"content":{"rendered":"\n<h2 class=\"wp-block-heading\">Dosta\u0142e\u015b nietrafiony prezent? Mo\u017cesz go odst\u0105pi\u0107 potrzebuj\u0105cemu &#8211; apeluje Jasna G\u00f3ra.<\/h2>\n\n\n\n<p>Kolejny raz ruszy\u0142a akcja pod has\u0142em &#8222;Nietrafiony prezent&#8221;. Niepotrzebne, \u017ale dobrane upominki \u015bwi\u0105teczne mo\u017cna zostawia\u0107 w Jasnog\u00f3rskim Punkcie Charytatywnym lub Fundacji Ufam Tobie. Stamt\u0105d pow\u0119druj\u0105 do potrzebuj\u0105cych, kt\u00f3rym z pewno\u015bci\u0105 sprawi\u0105 rado\u015b\u0107.<\/p>\n\n\n\n<p> Jak informuje Biuro Prasowe Jasnej G\u00f3ry, akcja zosta\u0142a zainicjowana w 2011 roku przez jednego z czytelnik\u00f3w tygodnika &#8222;Niedziela&#8221;, kt\u00f3ry zaproponowa\u0142, aby ka\u017cdy, kto znalaz\u0142 pod choink\u0105 niechciany prezent odda\u0142 go innym.<br> Idea ta zainspirowa\u0142a osoby prowadz\u0105ce Jasnog\u00f3rski Punkt Charytatywny do zorganizowania kolejnej akcji, maj\u0105cej na celu pozyskanie dar\u00f3w dla potrzebuj\u0105cych. <\/p>\n\n\n\n<p>&#8211;<em>Przez kolejnych 8 lat otrzymywali oni podarunki nie tylko z Cz\u0119stochowy, ale z ca\u0142ej Polski <\/em>&#8211; przekazuje Biuro Prasowe Jasnej G\u00f3ry.<em> &#8211; W zesz\u0142ym roku musieli jednak wycofa\u0107 si\u0119 z tej akcji i w ten spos\u00f3b dzia\u0142anie to podj\u0119\u0142a dzia\u0142aj\u0105ca przy cz\u0119stochowskim Sanktuarium Mi\u0142osierdzia Bo\u017cego Fundacja ufam Tobie.<\/em><\/p>\n\n\n\n<p><br> W tym roku obie te instytucje wsp\u00f3lnie prowadz\u0105 zbi\u00f3rk\u0119 niechcianych prezent\u00f3w. Podarunki, kt\u00f3rych nie potrzebujemy lub nie chcemy mo\u017cna przesy\u0142a\u0107 zar\u00f3wno do Jasnog\u00f3rskiego Punktu Charytatywnego, jak i do Fundacji ufam Tobie.<\/p>\n\n\n\n<p><br> Nietrafione prezenty mo\u017cna wysy\u0142a\u0107 na adres:<br> Jasnog\u00f3rski Punkt Charytatywny<br> ul. \u015bw. Barbary 6<br> 42-200 Cz\u0119stochowa<\/p>\n\n\n\n<p>lub<\/p>\n\n\n\n<p>Fundacja ufam Tobie<br> ul. o. Kordeckiego 49<br> 42-200 Cz\u0119stochowa<br> Uwaga, na przesy\u0142ce musi si\u0119 znale\u017a\u0107 dopisek: \u201eNietrafione prezenty\u201d.<\/p>\n\n\n\n<p>(zdj\u0119cie ilustracyjne pixabay)<\/p>\n","protected":false},"excerpt":{"rendered":"<p>Dosta\u0142e\u015b nietrafiony prezent? Mo\u017cesz go odst\u0105pi\u0107 potrzebuj\u0105cemu &#8211; apeluje Jasna G\u00f3ra. Kolejny raz ruszy\u0142a akcja pod has\u0142em &#8222;Nietrafiony prezent&#8221;. Niepotrzebne, \u017ale dobrane upominki \u015bwi\u0105teczne<\/p>\n","protected":false},"author":7,"featured_media":30183,"comment_status":"open","ping_status":"open","sticky":false,"template":"","format":"standard","meta":{"_monsterinsights_skip_tracking":false,"_monsterinsights_sitenote_active":false,"_monsterinsights_sitenote_note":"","_monsterinsights_sitenote_category":0,"_uf_show_specific_survey":0,"_uf_disable_surveys":false,"footnotes":""},"categories":[94,3,2],"tags":[],"class_list":["post-30179","post","type-post","status-publish","format-standard","has-post-thumbnail","hentry","category-polecane","category-czestochowa-informacje","category-wiadomosci"],"_links":{"self":[{"href":"https:\/\/gazetaregionalna.com\/index.php?rest_route=\/wp\/v2\/posts\/30179","targetHints":{"allow":["GET"]}}],"collection":[{"href":"https:\/\/gazetaregionalna.com\/index.php?rest_route=\/wp\/v2\/posts"}],"about":[{"href":"https:\/\/gazetaregionalna.com\/index.php?rest_route=\/wp\/v2\/types\/post"}],"author":[{"embeddable":true,"href":"https:\/\/gazetaregionalna.com\/index.php?rest_route=\/wp\/v2\/users\/7"}],"replies":[{"embeddable":true,"href":"https:\/\/gazetaregionalna.com\/index.php?rest_route=%2Fwp%2Fv2%2Fcomments&post=30179"}],"version-history":[{"count":4,"href":"https:\/\/gazetaregionalna.com\/index.php?rest_route=\/wp\/v2\/posts\/30179\/revisions"}],"predecessor-version":[{"id":30184,"href":"https:\/\/gazetaregionalna.com\/index.php?rest_route=\/wp\/v2\/posts\/30179\/revisions\/30184"}],"wp:featuredmedia":[{"embeddable":true,"href":"https:\/\/gazetaregionalna.com\/index.php?rest_route=\/wp\/v2\/media\/30183"}],"wp:attachment":[{"href":"https:\/\/gazetaregionalna.com\/index.php?rest_route=%2Fwp%2Fv2%2Fmedia&parent=30179"}],"wp:term":[{"taxonomy":"category","embeddable":true,"href":"https:\/\/gazetaregionalna.com\/index.php?rest_route=%2Fwp%2Fv2%2Fcategories&post=30179"},{"taxonomy":"post_tag","embeddable":true,"href":"https:\/\/gazetaregionalna.com\/index.php?rest_route=%2Fwp%2Fv2%2Ftags&post=30179"}],"curies":[{"name":"wp","href":"https:\/\/api.w.org\/{rel}","templated":true}]}}