{"id":30174,"date":"2020-12-29T08:19:54","date_gmt":"2020-12-29T08:19:54","guid":{"rendered":"https:\/\/gazetaregionalna.com\/?p=30174"},"modified":"2020-12-29T08:21:46","modified_gmt":"2020-12-29T08:21:46","slug":"napadali-na-banki-i-poczty-zostali-zatrzymaniu-przez-czestochowska-policje-i-grozi-im-do-12-lat-wiezienia","status":"publish","type":"post","link":"https:\/\/gazetaregionalna.com\/?p=30174","title":{"rendered":"Napadali na banki i poczty. Zostali zatrzymaniu przez cz\u0119stochowsk\u0105 policj\u0119 i grozi im do 12 lat wi\u0119zienia"},"content":{"rendered":"\n<h2 class=\"wp-block-heading\">Napadali na banki i poczty. Zostali zatrzymaniu przez cz\u0119stochowsk\u0105 policj\u0119 i grozi im do 12 lat wi\u0119zienia.<\/h2>\n\n\n\n<p>Do s\u0105du trafi\u0142 akt oskar\u017cenia przeciwko 6 m\u0119\u017cczyznom, kt\u00f3rzy napadali na plac\u00f3wki bankowe i pocztowe oraz dokonali kradzie\u017cy bankomatu. Bandyci zostali uj\u0119ci w czerwcu tego roku.<\/p>\n\n\n\n<p><br> M\u0119\u017cczy\u017ani wpadli, gdy 26 czerwca pr\u00f3bowali okra\u015b\u0107 plac\u00f3wk\u0119 bankow\u0105 w cz\u0119stochowskiej dzielnicy P\u00f3\u0142noc. Tego dnia do banku wesz\u0142o dw\u00f3ch zamaskowanych m\u0119\u017cczyzn, trzymaj\u0105cych w d\u0142oniach siekier\u0119 oraz pistolet. Chcieli sterroryzowa\u0107 pracownik\u00f3w bankowych i za\u017c\u0105da\u0107 wydania got\u00f3wki. Znajduj\u0105ce si\u0119 w \u015brodku dwie osoby obroni\u0142y si\u0119 przed napastnikami u\u017cywaj\u0105c mi\u0119dzy innymi krzese\u0142. Zaskoczeni tak\u0105 postaw\u0105, bandyci uciekli.  Wsiedli do zaparkowanego w pobli\u017cu samochodu prowadzonego przez ich kompana. Daleko jednak nie odjechali, bo zawiadomiona o zdarzeniu policja cz\u0119stochowska uj\u0119\u0142a ich kilka minut p\u00f3\u017aniej.<\/p>\n\n\n\n<p><br> W trakcie \u015bledztwa wysz\u0142o na jaw, \u017ce zatrzymani maj\u0105 na swoim koncie tak\u017ce inne napady. Ustalono, \u017ce w kwietniu i w maju napadli na plac\u00f3wk\u0119 bankow\u0105 i dwie plac\u00f3wki pocztowe w Cz\u0119stochowie i na terenie powiatu paj\u0119cza\u0144skiego. Poza tym pi\u0119\u0107 lat wcze\u015bniej, w sierpniu 2015 roku usi\u0142owali r\u00f3wnie\u017c ukra\u015b\u0107 bankomat. Przypi\u0119li do bankomatu liny i u\u017cywaj\u0105c samochodu pr\u00f3bowali go wyrwa\u0107. Ta operacja nie powiod\u0142a si\u0119, bo lina nie wytrzyma\u0142a obci\u0105\u017cenia.<br> Jak podaje Komenda Miejska Policji w Cz\u0119stochowie, to nie zniech\u0119ci\u0142o  przest\u0119pc\u00f3w. Dwa tygodnie p\u00f3\u017aniej uda\u0142o im si\u0119 ukra\u015b\u0107 bankomat, w kt\u00f3rym znajdowa\u0142y si\u0119 pieni\u0105dze w kwocie oko\u0142o 400.000 z\u0142. Sprawcy wyrwali bankomat z pod\u0142o\u017ca, pos\u0142uguj\u0105c si\u0119 linami i skradzionym samochodem dostawczym, kt\u00f3ry nast\u0119pnie spalili na terenie powiatu cz\u0119stochowskiego. <\/p>\n\n\n\n<p>Oskar\u017ceni, kt\u00f3rzy teraz stan\u0105 przed s\u0105dem, to mieszka\u0144cy Cz\u0119stochowy i okolic w wieku od 30 do 43 lat. Wi\u0119kszo\u015b\u0107 z nich by\u0142a w przesz\u0142o\u015bci karana. Za pope\u0142nione przest\u0119pstwa grozi im  do 12 lat pozbawienia wolno\u015bci.<\/p>\n","protected":false},"excerpt":{"rendered":"<p>Napadali na banki i poczty. Zostali zatrzymaniu przez cz\u0119stochowsk\u0105 policj\u0119 i grozi im do 12 lat wi\u0119zienia. Do s\u0105du trafi\u0142 akt oskar\u017cenia przeciwko 6<\/p>\n","protected":false},"author":7,"featured_media":0,"comment_status":"open","ping_status":"open","sticky":false,"template":"","format":"standard","meta":{"_monsterinsights_skip_tracking":false,"_monsterinsights_sitenote_active":false,"_monsterinsights_sitenote_note":"","_monsterinsights_sitenote_category":0,"_uf_show_specific_survey":0,"_uf_disable_surveys":false,"footnotes":""},"categories":[94,3,2],"tags":[],"class_list":["post-30174","post","type-post","status-publish","format-standard","hentry","category-polecane","category-czestochowa-informacje","category-wiadomosci"],"_links":{"self":[{"href":"https:\/\/gazetaregionalna.com\/index.php?rest_route=\/wp\/v2\/posts\/30174","targetHints":{"allow":["GET"]}}],"collection":[{"href":"https:\/\/gazetaregionalna.com\/index.php?rest_route=\/wp\/v2\/posts"}],"about":[{"href":"https:\/\/gazetaregionalna.com\/index.php?rest_route=\/wp\/v2\/types\/post"}],"author":[{"embeddable":true,"href":"https:\/\/gazetaregionalna.com\/index.php?rest_route=\/wp\/v2\/users\/7"}],"replies":[{"embeddable":true,"href":"https:\/\/gazetaregionalna.com\/index.php?rest_route=%2Fwp%2Fv2%2Fcomments&post=30174"}],"version-history":[{"count":4,"href":"https:\/\/gazetaregionalna.com\/index.php?rest_route=\/wp\/v2\/posts\/30174\/revisions"}],"predecessor-version":[{"id":30178,"href":"https:\/\/gazetaregionalna.com\/index.php?rest_route=\/wp\/v2\/posts\/30174\/revisions\/30178"}],"wp:attachment":[{"href":"https:\/\/gazetaregionalna.com\/index.php?rest_route=%2Fwp%2Fv2%2Fmedia&parent=30174"}],"wp:term":[{"taxonomy":"category","embeddable":true,"href":"https:\/\/gazetaregionalna.com\/index.php?rest_route=%2Fwp%2Fv2%2Fcategories&post=30174"},{"taxonomy":"post_tag","embeddable":true,"href":"https:\/\/gazetaregionalna.com\/index.php?rest_route=%2Fwp%2Fv2%2Ftags&post=30174"}],"curies":[{"name":"wp","href":"https:\/\/api.w.org\/{rel}","templated":true}]}}