{"id":30167,"date":"2020-12-28T20:49:06","date_gmt":"2020-12-28T20:49:06","guid":{"rendered":"https:\/\/gazetaregionalna.com\/?p=30167"},"modified":"2020-12-28T20:49:07","modified_gmt":"2020-12-28T20:49:07","slug":"tablety","status":"publish","type":"post","link":"https:\/\/gazetaregionalna.com\/?p=30167","title":{"rendered":"Tablety dla Szk\u00f3\u0142 z Gminy \u017barki"},"content":{"rendered":"\n<h2 class=\"wp-block-heading\">Do Szk\u00f3\u0142 w gminie \u017barki tu\u017c przed \u015bwi\u0119tami trafi\u0142o 125 nowych\ntablet\u00f3w, kt\u00f3re maj\u0105 wspom\u00f3c nauk\u0119 zdaln\u0105.<\/h2>\n\n\n\n<figure class=\"wp-block-image size-large\"><img decoding=\"async\" width=\"333\" height=\"551\" data-src=\"https:\/\/gazetaregionalna.com\/wp-content\/uploads\/2020\/12\/tablety-1.png\" alt=\"\" class=\"wp-image-30169 lazyload\" data-srcset=\"https:\/\/gazetaregionalna.com\/wp-content\/uploads\/2020\/12\/tablety-1.png 333w, https:\/\/gazetaregionalna.com\/wp-content\/uploads\/2020\/12\/tablety-1-181x300.png 181w, https:\/\/gazetaregionalna.com\/wp-content\/uploads\/2020\/12\/tablety-1-254x420.png 254w\" data-sizes=\"(max-width: 333px) 100vw, 333px\" src=\"data:image\/svg+xml;base64,PHN2ZyB3aWR0aD0iMSIgaGVpZ2h0PSIxIiB4bWxucz0iaHR0cDovL3d3dy53My5vcmcvMjAwMC9zdmciPjwvc3ZnPg==\" style=\"--smush-placeholder-width: 333px; --smush-placeholder-aspect-ratio: 333\/551;\" \/><figcaption>Fot: Gmina \u017barki<\/figcaption><\/figure>\n\n\n\n<p>Zakup nowego sprz\u0119tu by\u0142 mo\u017cliwy dzi\u0119ki dofinansowaniu w\nramach projektu \u201eZdalna Szko\u0142a +\u201d. Fundusze w wysoko\u015bci 75&nbsp;000 tys. z\u0142 Gmina\n\u017barki otrzyma\u0142a ze \u015brodk\u00f3w &nbsp;Europejskiego\nFunduszu Rozwoju Regionalnego w ramach Programu Operacyjnego Polska Cyfrowa na\nlata 2014-2020, reszt\u0119 pozyskano z gminnego bud\u017cetu.<\/p>\n\n\n\n<p>&#8211; <em>\u201eZ gminnego bud\u017cetu\nprzeznaczono na ten cel 6 125 z\u0142\u201d<\/em> \u2013 informuje Jakub Grabowski, zast\u0119pca\nburmistrza Miasta i Gminy \u017barki.<\/p>\n\n\n\n<p>Tablety s\u0105 kupowane przez Gmin\u0119, a nast\u0119pnie wypo\u017cyczane przez ni\u0105 uczniom lub nauczycielom, kt\u00f3rzy najbardziej ich potrzebuj\u0105.\u00a0<\/p>\n\n\n\n<figure class=\"wp-block-image size-large\"><img decoding=\"async\" width=\"368\" height=\"519\" data-src=\"https:\/\/gazetaregionalna.com\/wp-content\/uploads\/2020\/12\/tablety-2.png\" alt=\"\" class=\"wp-image-30170 lazyload\" data-srcset=\"https:\/\/gazetaregionalna.com\/wp-content\/uploads\/2020\/12\/tablety-2.png 368w, https:\/\/gazetaregionalna.com\/wp-content\/uploads\/2020\/12\/tablety-2-213x300.png 213w, https:\/\/gazetaregionalna.com\/wp-content\/uploads\/2020\/12\/tablety-2-298x420.png 298w\" data-sizes=\"(max-width: 368px) 100vw, 368px\" src=\"data:image\/svg+xml;base64,PHN2ZyB3aWR0aD0iMSIgaGVpZ2h0PSIxIiB4bWxucz0iaHR0cDovL3d3dy53My5vcmcvMjAwMC9zdmciPjwvc3ZnPg==\" style=\"--smush-placeholder-width: 368px; --smush-placeholder-aspect-ratio: 368\/519;\" \/><figcaption>Fot: Gmina \u017barki<\/figcaption><\/figure>\n","protected":false},"excerpt":{"rendered":"<p>Do Szk\u00f3\u0142 w gminie \u017barki tu\u017c przed \u015bwi\u0119tami trafi\u0142o 125 nowych tablet\u00f3w, kt\u00f3re maj\u0105 wspom\u00f3c nauk\u0119 zdaln\u0105. Zakup nowego sprz\u0119tu by\u0142 mo\u017cliwy dzi\u0119ki dofinansowaniu<\/p>\n","protected":false},"author":12,"featured_media":30171,"comment_status":"open","ping_status":"open","sticky":false,"template":"","format":"standard","meta":{"_monsterinsights_skip_tracking":false,"_monsterinsights_sitenote_active":false,"_monsterinsights_sitenote_note":"","_monsterinsights_sitenote_category":0,"_uf_show_specific_survey":0,"_uf_disable_surveys":false,"footnotes":""},"categories":[41,26,94,2],"tags":[],"class_list":["post-30167","post","type-post","status-publish","format-standard","has-post-thumbnail","hentry","category-edukacja","category-myszkow","category-polecane","category-wiadomosci"],"_links":{"self":[{"href":"https:\/\/gazetaregionalna.com\/index.php?rest_route=\/wp\/v2\/posts\/30167","targetHints":{"allow":["GET"]}}],"collection":[{"href":"https:\/\/gazetaregionalna.com\/index.php?rest_route=\/wp\/v2\/posts"}],"about":[{"href":"https:\/\/gazetaregionalna.com\/index.php?rest_route=\/wp\/v2\/types\/post"}],"author":[{"embeddable":true,"href":"https:\/\/gazetaregionalna.com\/index.php?rest_route=\/wp\/v2\/users\/12"}],"replies":[{"embeddable":true,"href":"https:\/\/gazetaregionalna.com\/index.php?rest_route=%2Fwp%2Fv2%2Fcomments&post=30167"}],"version-history":[{"count":2,"href":"https:\/\/gazetaregionalna.com\/index.php?rest_route=\/wp\/v2\/posts\/30167\/revisions"}],"predecessor-version":[{"id":30172,"href":"https:\/\/gazetaregionalna.com\/index.php?rest_route=\/wp\/v2\/posts\/30167\/revisions\/30172"}],"wp:featuredmedia":[{"embeddable":true,"href":"https:\/\/gazetaregionalna.com\/index.php?rest_route=\/wp\/v2\/media\/30171"}],"wp:attachment":[{"href":"https:\/\/gazetaregionalna.com\/index.php?rest_route=%2Fwp%2Fv2%2Fmedia&parent=30167"}],"wp:term":[{"taxonomy":"category","embeddable":true,"href":"https:\/\/gazetaregionalna.com\/index.php?rest_route=%2Fwp%2Fv2%2Fcategories&post=30167"},{"taxonomy":"post_tag","embeddable":true,"href":"https:\/\/gazetaregionalna.com\/index.php?rest_route=%2Fwp%2Fv2%2Ftags&post=30167"}],"curies":[{"name":"wp","href":"https:\/\/api.w.org\/{rel}","templated":true}]}}