{"id":30093,"date":"2020-12-28T00:04:21","date_gmt":"2020-12-28T00:04:21","guid":{"rendered":"https:\/\/gazetaregionalna.com\/?p=30093"},"modified":"2020-12-28T00:04:23","modified_gmt":"2020-12-28T00:04:23","slug":"sylwester","status":"publish","type":"post","link":"https:\/\/gazetaregionalna.com\/?p=30093","title":{"rendered":"Sylwester 2020 bez godziny policyjnej, ale jest apel o nieprzemieszczanie si\u0119"},"content":{"rendered":"\n<h2 class=\"wp-block-heading\">Podczas konferencji prasowej Premier Mateusz Morawiecki odpowiada\u0142\nna pytania dotycz\u0105ce tegorocznych obostrze\u0144 w sylwestra 2020. Godzina policyjna\nnie zostanie wdro\u017cona.<\/h2>\n\n\n\n<p>Z powodu koronawirusa sylwester w tym roku b\u0119dzie znacznie\ninny ni\u017c w poprzednich latach. By pandemia nie rozprzestrzenia\u0142a si\u0119, Rz\u0105d planowa\u0142\nwprowadzi\u0107 obostrzenia, kt\u00f3re mia\u0142y obowi\u0105zywa\u0107 w sylwestrow\u0105 noc, czyli:<\/p>\n\n\n\n<ul class=\"wp-block-list\"><li>Godzina policyjna obowi\u0105zuj\u0105ca od godziny 19:00\ndo 6:00 w Nowy Rok;<\/li><li>Zakaz sprzeda\u017cy fajerwerk\u00f3w.<\/li><\/ul>\n\n\n\n<p>27 grudnia 2020 roku podczas konferencji prasowej Premier\nMateusz Morawiecki pytany o tegoroczne obostrzenia, kt\u00f3re mia\u0142y by\u0107 wdro\u017cone w sylwestra\n2020 podkre\u015bli\u0142, \u017ce nie zostan\u0105 one wprowadzone w \u017cycie.<\/p>\n\n\n\n<p>Aby mo\u017cliwe by\u0142o wprowadzenie godziny policyjnej, potrzebna\njest zgoda prezydenta na\nwdro\u017cenie stanu wyj\u0105tkowego na terenie pa\u0144stwa, kt\u00f3ry na chwil\u0119 obecn\u0105 nie jest\nkonieczny.<\/p>\n\n\n\n<p>&#8211; <em>\u201eUwa\u017camy, \u017ce dzi\u015b nie jest to niezb\u0119dne. Ustawa o stanie zagro\u017cenia epidemicznego daje nam niemal wszystkie instrumenty, poza w\u0142a\u015bnie godzin\u0105 policyjn\u0105\u201d <\/em>&#8211; zaznaczy\u0142 premier Morawiecki.<\/p>\n\n\n\n<p>&nbsp;&#8211; <em>\u201eMy godziny policyjnej nie wdra\u017camy\u201d<\/em> &#8211;\npodkre\u015bli\u0142.<\/p>\n\n\n\n<p>Kolejne obostrzenie, kt\u00f3rym rz\u0105d chcia\u0142 zmniejszy\u0107\ntransmisj\u0119 koronawirusa, by\u0142 zakaz sprzeda\u017cy fajerwerk\u00f3w. T\u0142umaczono go obaw\u0105\nprzed wzrostem zaka\u017ce\u0144 tu\u017c przed samym sylwestrem w wyniku wzmo\u017conego handlu.\nZakaz ten r\u00f3wnie\u017c nie zostanie wprowadzony w \u017cycie. <\/p>\n\n\n\n<p>Mimo i\u017c zamierzone obostrzenia nie b\u0119d\u0105 obowi\u0105zywa\u0107, Rz\u0105d\napeluje o rozwag\u0119, nieprzemieszczanie si\u0119 w Sylwestra i zrezygnowanie w tym\nroku z zakupu fajerwerk\u00f3w.<\/p>\n\n\n\n<p>&#8211; <em>\u201eBardzo gor\u0105co apelujemy o\nnieprzemieszczanie si\u0119 oraz o nieu\u017cywanie fajerwerk\u00f3w, by ten sylwester m\u00f3g\u0142\nprzebiec spokojnie. Wiem, \u017ce to nie jest co\u015b, czego oczekiwali\u015bmy jeszcze kilka\ntygodni temu, ale w tym roku w\u0142a\u015bnie tak powinno by\u0107\u201d <\/em>&#8211; doda\u0142 premier\nMateusz Morawiecki.<\/p>\n","protected":false},"excerpt":{"rendered":"<p>Podczas konferencji prasowej Premier Mateusz Morawiecki odpowiada\u0142 na pytania dotycz\u0105ce tegorocznych obostrze\u0144 w sylwestra 2020. Godzina policyjna nie zostanie wdro\u017cona. Z powodu koronawirusa sylwester<\/p>\n","protected":false},"author":12,"featured_media":30095,"comment_status":"open","ping_status":"open","sticky":false,"template":"","format":"standard","meta":{"_monsterinsights_skip_tracking":false,"_monsterinsights_sitenote_active":false,"_monsterinsights_sitenote_note":"","_monsterinsights_sitenote_category":0,"_uf_show_specific_survey":0,"_uf_disable_surveys":false,"footnotes":""},"categories":[44,3,27,25,26,94,28,2],"tags":[],"class_list":["post-30093","post","type-post","status-publish","format-standard","has-post-thumbnail","hentry","category-bezpieczenstwo","category-czestochowa-informacje","category-klobuck-informacje","category-lubliniec","category-myszkow","category-polecane","category-radomsko","category-wiadomosci"],"_links":{"self":[{"href":"https:\/\/gazetaregionalna.com\/index.php?rest_route=\/wp\/v2\/posts\/30093","targetHints":{"allow":["GET"]}}],"collection":[{"href":"https:\/\/gazetaregionalna.com\/index.php?rest_route=\/wp\/v2\/posts"}],"about":[{"href":"https:\/\/gazetaregionalna.com\/index.php?rest_route=\/wp\/v2\/types\/post"}],"author":[{"embeddable":true,"href":"https:\/\/gazetaregionalna.com\/index.php?rest_route=\/wp\/v2\/users\/12"}],"replies":[{"embeddable":true,"href":"https:\/\/gazetaregionalna.com\/index.php?rest_route=%2Fwp%2Fv2%2Fcomments&post=30093"}],"version-history":[{"count":2,"href":"https:\/\/gazetaregionalna.com\/index.php?rest_route=\/wp\/v2\/posts\/30093\/revisions"}],"predecessor-version":[{"id":30096,"href":"https:\/\/gazetaregionalna.com\/index.php?rest_route=\/wp\/v2\/posts\/30093\/revisions\/30096"}],"wp:featuredmedia":[{"embeddable":true,"href":"https:\/\/gazetaregionalna.com\/index.php?rest_route=\/wp\/v2\/media\/30095"}],"wp:attachment":[{"href":"https:\/\/gazetaregionalna.com\/index.php?rest_route=%2Fwp%2Fv2%2Fmedia&parent=30093"}],"wp:term":[{"taxonomy":"category","embeddable":true,"href":"https:\/\/gazetaregionalna.com\/index.php?rest_route=%2Fwp%2Fv2%2Fcategories&post=30093"},{"taxonomy":"post_tag","embeddable":true,"href":"https:\/\/gazetaregionalna.com\/index.php?rest_route=%2Fwp%2Fv2%2Ftags&post=30093"}],"curies":[{"name":"wp","href":"https:\/\/api.w.org\/{rel}","templated":true}]}}