{"id":30085,"date":"2020-12-27T13:31:05","date_gmt":"2020-12-27T13:31:05","guid":{"rendered":"https:\/\/gazetaregionalna.com\/?p=30085"},"modified":"2020-12-27T13:31:07","modified_gmt":"2020-12-27T13:31:07","slug":"2020-2","status":"publish","type":"post","link":"https:\/\/gazetaregionalna.com\/?p=30085","title":{"rendered":"Koniec 2020 roku z og\u00f3lnopolsk\u0105 siatk\u00f3wk\u0105 w Cz\u0119stochowie"},"content":{"rendered":"\n<p>Dwa cz\u0119stochowskie kluby siatkarskie: KS Cz\u0119stochowianka oraz Exact Systems Norwid pod koniec 2020 roku podj\u0119\u0142y si\u0119 organizacji og\u00f3lnopolskich turniej\u00f3w im. Prezydenta RP Lecha Kaczy\u0144skiego.<\/p>\n\n\n\n<figure class=\"wp-block-image size-large\"><img decoding=\"async\" width=\"1024\" height=\"461\" data-src=\"https:\/\/gazetaregionalna.com\/wp-content\/uploads\/2020\/10\/Czestochowianka-5-1024x461.jpg\" alt=\"\" class=\"wp-image-22573 lazyload\" data-srcset=\"https:\/\/gazetaregionalna.com\/wp-content\/uploads\/2020\/10\/Czestochowianka-5-1024x461.jpg 1024w, https:\/\/gazetaregionalna.com\/wp-content\/uploads\/2020\/10\/Czestochowianka-5-300x135.jpg 300w, https:\/\/gazetaregionalna.com\/wp-content\/uploads\/2020\/10\/Czestochowianka-5-768x346.jpg 768w, https:\/\/gazetaregionalna.com\/wp-content\/uploads\/2020\/10\/Czestochowianka-5-1536x691.jpg 1536w, https:\/\/gazetaregionalna.com\/wp-content\/uploads\/2020\/10\/Czestochowianka-5-696x313.jpg 696w, https:\/\/gazetaregionalna.com\/wp-content\/uploads\/2020\/10\/Czestochowianka-5-1068x481.jpg 1068w, https:\/\/gazetaregionalna.com\/wp-content\/uploads\/2020\/10\/Czestochowianka-5-933x420.jpg 933w, https:\/\/gazetaregionalna.com\/wp-content\/uploads\/2020\/10\/Czestochowianka-5.jpg 1200w\" data-sizes=\"(max-width: 1024px) 100vw, 1024px\" src=\"data:image\/svg+xml;base64,PHN2ZyB3aWR0aD0iMSIgaGVpZ2h0PSIxIiB4bWxucz0iaHR0cDovL3d3dy53My5vcmcvMjAwMC9zdmciPjwvc3ZnPg==\" style=\"--smush-placeholder-width: 1024px; --smush-placeholder-aspect-ratio: 1024\/461;\" \/><\/figure>\n\n\n\n<p>Turniej \u017ce\u0144ski organizowany przez KS\nCz\u0119stochowiank\u0119 rozpocznie si\u0119 w poniedzia\u0142ek w hali HSC przy ul.\n\u017bu\u017clowej. Zagraj\u0105 dwa zespo\u0142y z Tauron Ligi (najwy\u017csza klasa\nrozgrywek kobiecych w Polsce) oraz 2 zespo\u0142y z 1 ligi. O godz. 12\n1-ligowa Cz\u0119stochowianka zmierzy si\u0119 z Jokerem \u015awiecie z Tauron\nLigi, a o godz. Volley Wroc\u0142aw (Tauron Liga) zagra z 1-ligowym\nP\u0142omieniem Asotra Sosnowiec. Zwyci\u0119zcy poniedzia\u0142kowych spotka\u0144\nzagraj\u0105 we wtorek o godz. 12:30 w finale I Memoria\u0142u im. L.\nKaczy\u0144skiego, a przegrani o godz. 10:30 zmierz\u0105 si\u0119 o 3. miejsce. \n<\/p>\n\n\n\n<figure class=\"wp-block-image size-large\"><img decoding=\"async\" width=\"1024\" height=\"683\" data-src=\"https:\/\/gazetaregionalna.com\/wp-content\/uploads\/2020\/12\/Norwid-Jaworzno-2-1024x683.jpg\" alt=\"\" class=\"wp-image-28931 lazyload\" data-srcset=\"https:\/\/gazetaregionalna.com\/wp-content\/uploads\/2020\/12\/Norwid-Jaworzno-2-1024x683.jpg 1024w, https:\/\/gazetaregionalna.com\/wp-content\/uploads\/2020\/12\/Norwid-Jaworzno-2-300x200.jpg 300w, https:\/\/gazetaregionalna.com\/wp-content\/uploads\/2020\/12\/Norwid-Jaworzno-2-768x512.jpg 768w, https:\/\/gazetaregionalna.com\/wp-content\/uploads\/2020\/12\/Norwid-Jaworzno-2-1536x1024.jpg 1536w, https:\/\/gazetaregionalna.com\/wp-content\/uploads\/2020\/12\/Norwid-Jaworzno-2-696x464.jpg 696w, https:\/\/gazetaregionalna.com\/wp-content\/uploads\/2020\/12\/Norwid-Jaworzno-2-1068x712.jpg 1068w, https:\/\/gazetaregionalna.com\/wp-content\/uploads\/2020\/12\/Norwid-Jaworzno-2-630x420.jpg 630w, https:\/\/gazetaregionalna.com\/wp-content\/uploads\/2020\/12\/Norwid-Jaworzno-2.jpg 1200w\" data-sizes=\"(max-width: 1024px) 100vw, 1024px\" src=\"data:image\/svg+xml;base64,PHN2ZyB3aWR0aD0iMSIgaGVpZ2h0PSIxIiB4bWxucz0iaHR0cDovL3d3dy53My5vcmcvMjAwMC9zdmciPjwvc3ZnPg==\" style=\"--smush-placeholder-width: 1024px; --smush-placeholder-aspect-ratio: 1024\/683;\" \/><\/figure>\n\n\n\n<p>We wtorek w hali Norwida przy ul.\nJasnog\u00f3rskiej rozpocznie si\u0119 Siatkarki Turniej im. Prezydenta RP\nLecha Kaczy\u0144skiego. Opr\u00f3cz gospodarzy 1-ligowego Exact Systems\nNorwida zagraj\u0105 zaprezentuj\u0105 si\u0119 trzy dru\u017cyny z Plus Ligi: PGE\nSkra Be\u0142chat\u00f3w, MKS B\u0119dzin i Cerrad Enea Czarni Radom. We wtorek o\ngodz. 17:30 Exact Systems Norwid zmierzy si\u0119 z MKS-em B\u0119dzin. O\ngodz. 20:30 (mecz w Be\u0142chatowie w ramach Plus Ligi) PGE Skra zagra z\nCerrad Enea Czarni Radom. Wygrani z wtorkowych p\u00f3\u0142fina\u0142\u00f3w zagraj\u0105\nw \u015brod\u0119 w Cz\u0119stochowie o miejsce 1. Mecz przegranych o 3. miejsce\nrozpocznie si\u0119 w hali Norwida o godz. 15:00, a fina\u0142 o godz. 17:30.\n<\/p>\n\n\n\n<p>Mecze odb\u0119d\u0105 si\u0119 bez udzia\u0142u publiczno\u015bci.<\/p>\n\n\n\n<figure class=\"wp-block-gallery columns-2 is-cropped wp-block-gallery-1 is-layout-flex wp-block-gallery-is-layout-flex\"><ul class=\"blocks-gallery-grid\"><li class=\"blocks-gallery-item\"><figure><img decoding=\"async\" width=\"724\" height=\"1024\" data-src=\"https:\/\/gazetaregionalna.com\/wp-content\/uploads\/2020\/12\/PlakatCzanka-724x1024.jpg\" alt=\"\" data-id=\"29892\" data-full-url=\"https:\/\/gazetaregionalna.com\/wp-content\/uploads\/2020\/12\/PlakatCzanka.jpg\" data-link=\"https:\/\/gazetaregionalna.com\/czestochowianka-8\/plakatczanka\/\" class=\"wp-image-29892 lazyload\" data-srcset=\"https:\/\/gazetaregionalna.com\/wp-content\/uploads\/2020\/12\/PlakatCzanka-724x1024.jpg 724w, https:\/\/gazetaregionalna.com\/wp-content\/uploads\/2020\/12\/PlakatCzanka-212x300.jpg 212w, https:\/\/gazetaregionalna.com\/wp-content\/uploads\/2020\/12\/PlakatCzanka-768x1087.jpg 768w, https:\/\/gazetaregionalna.com\/wp-content\/uploads\/2020\/12\/PlakatCzanka-696x985.jpg 696w, https:\/\/gazetaregionalna.com\/wp-content\/uploads\/2020\/12\/PlakatCzanka-297x420.jpg 297w, https:\/\/gazetaregionalna.com\/wp-content\/uploads\/2020\/12\/PlakatCzanka.jpg 848w\" data-sizes=\"(max-width: 724px) 100vw, 724px\" src=\"data:image\/svg+xml;base64,PHN2ZyB3aWR0aD0iMSIgaGVpZ2h0PSIxIiB4bWxucz0iaHR0cDovL3d3dy53My5vcmcvMjAwMC9zdmciPjwvc3ZnPg==\" style=\"--smush-placeholder-width: 724px; --smush-placeholder-aspect-ratio: 724\/1024;\" \/><\/figure><\/li><li class=\"blocks-gallery-item\"><figure><img decoding=\"async\" width=\"724\" height=\"1024\" data-src=\"https:\/\/gazetaregionalna.com\/wp-content\/uploads\/2020\/12\/Plakat-Norwid-724x1024.jpg\" alt=\"\" data-id=\"29222\" data-full-url=\"https:\/\/gazetaregionalna.com\/wp-content\/uploads\/2020\/12\/Plakat-Norwid.jpg\" data-link=\"https:\/\/gazetaregionalna.com\/exact-systems-20\/plakat-norwid\/\" class=\"wp-image-29222 lazyload\" data-srcset=\"https:\/\/gazetaregionalna.com\/wp-content\/uploads\/2020\/12\/Plakat-Norwid-724x1024.jpg 724w, https:\/\/gazetaregionalna.com\/wp-content\/uploads\/2020\/12\/Plakat-Norwid-212x300.jpg 212w, https:\/\/gazetaregionalna.com\/wp-content\/uploads\/2020\/12\/Plakat-Norwid-768x1086.jpg 768w, https:\/\/gazetaregionalna.com\/wp-content\/uploads\/2020\/12\/Plakat-Norwid-1086x1536.jpg 1086w, https:\/\/gazetaregionalna.com\/wp-content\/uploads\/2020\/12\/Plakat-Norwid-696x984.jpg 696w, https:\/\/gazetaregionalna.com\/wp-content\/uploads\/2020\/12\/Plakat-Norwid-1068x1510.jpg 1068w, https:\/\/gazetaregionalna.com\/wp-content\/uploads\/2020\/12\/Plakat-Norwid-297x420.jpg 297w, https:\/\/gazetaregionalna.com\/wp-content\/uploads\/2020\/12\/Plakat-Norwid.jpg 1132w\" data-sizes=\"(max-width: 724px) 100vw, 724px\" src=\"data:image\/svg+xml;base64,PHN2ZyB3aWR0aD0iMSIgaGVpZ2h0PSIxIiB4bWxucz0iaHR0cDovL3d3dy53My5vcmcvMjAwMC9zdmciPjwvc3ZnPg==\" style=\"--smush-placeholder-width: 724px; --smush-placeholder-aspect-ratio: 724\/1024;\" \/><\/figure><\/li><\/ul><\/figure>\n\n\n\n<p>Foto: Gazeta Regionalna praz materia\u0142y prasowe organizator\u00f3w<\/p>\n","protected":false},"excerpt":{"rendered":"<p>Dwa cz\u0119stochowskie kluby siatkarskie: KS Cz\u0119stochowianka oraz Exact Systems Norwid pod koniec 2020 roku podj\u0119\u0142y si\u0119 organizacji og\u00f3lnopolskich turniej\u00f3w im. Prezydenta RP Lecha Kaczy\u0144skiego.<\/p>\n","protected":false},"author":15,"featured_media":28911,"comment_status":"open","ping_status":"open","sticky":false,"template":"","format":"standard","meta":{"_monsterinsights_skip_tracking":false,"_monsterinsights_sitenote_active":false,"_monsterinsights_sitenote_note":"","_monsterinsights_sitenote_category":0,"_uf_show_specific_survey":0,"_uf_disable_surveys":false,"footnotes":""},"categories":[5,8],"tags":[],"class_list":["post-30085","post","type-post","status-publish","format-standard","has-post-thumbnail","hentry","category-sport","category-siatkowka"],"_links":{"self":[{"href":"https:\/\/gazetaregionalna.com\/index.php?rest_route=\/wp\/v2\/posts\/30085","targetHints":{"allow":["GET"]}}],"collection":[{"href":"https:\/\/gazetaregionalna.com\/index.php?rest_route=\/wp\/v2\/posts"}],"about":[{"href":"https:\/\/gazetaregionalna.com\/index.php?rest_route=\/wp\/v2\/types\/post"}],"author":[{"embeddable":true,"href":"https:\/\/gazetaregionalna.com\/index.php?rest_route=\/wp\/v2\/users\/15"}],"replies":[{"embeddable":true,"href":"https:\/\/gazetaregionalna.com\/index.php?rest_route=%2Fwp%2Fv2%2Fcomments&post=30085"}],"version-history":[{"count":1,"href":"https:\/\/gazetaregionalna.com\/index.php?rest_route=\/wp\/v2\/posts\/30085\/revisions"}],"predecessor-version":[{"id":30086,"href":"https:\/\/gazetaregionalna.com\/index.php?rest_route=\/wp\/v2\/posts\/30085\/revisions\/30086"}],"wp:featuredmedia":[{"embeddable":true,"href":"https:\/\/gazetaregionalna.com\/index.php?rest_route=\/wp\/v2\/media\/28911"}],"wp:attachment":[{"href":"https:\/\/gazetaregionalna.com\/index.php?rest_route=%2Fwp%2Fv2%2Fmedia&parent=30085"}],"wp:term":[{"taxonomy":"category","embeddable":true,"href":"https:\/\/gazetaregionalna.com\/index.php?rest_route=%2Fwp%2Fv2%2Fcategories&post=30085"},{"taxonomy":"post_tag","embeddable":true,"href":"https:\/\/gazetaregionalna.com\/index.php?rest_route=%2Fwp%2Fv2%2Ftags&post=30085"}],"curies":[{"name":"wp","href":"https:\/\/api.w.org\/{rel}","templated":true}]}}