{"id":30079,"date":"2020-12-27T11:21:14","date_gmt":"2020-12-27T11:21:14","guid":{"rendered":"https:\/\/gazetaregionalna.com\/?p=30079"},"modified":"2020-12-27T11:21:16","modified_gmt":"2020-12-27T11:21:16","slug":"styczniowe-badania","status":"publish","type":"post","link":"https:\/\/gazetaregionalna.com\/?p=30079","title":{"rendered":"Styczniowe badania mammograficzne w powiecie cz\u0119stochowskim"},"content":{"rendered":"\n<h2 class=\"wp-block-heading\">W Powiecie Cz\u0119stochowskim w styczniu 2021 roku odb\u0119d\u0105 si\u0119 pierwsze w tym roku bezp\u0142atne badania mamograficzne. Badania przeprowadzone zostan\u0105 przez grup\u0119 <strong>LUX MED<\/strong>, kt\u00f3re s\u0105 finansowane przez NFZ, w ramach Programu Profilaktyki Raka Piersi.<\/h2>\n\n\n\n<p>Badania b\u0119d\u0105 przeprowadzane w mobilnych pracowniach\nmammograficznych z zachowaniem wszelkich \u015brodk\u00f3w ostro\u017cno\u015bci w zakresie\nwyposa\u017cenia technik\u00f3w, dezynfekcji pracowni i aparatury diagnostycznej, oraz\nobs\u0142ugi pacjent\u00f3w.<\/p>\n\n\n\n<p>Tylko trzy Panie na raz b\u0119d\u0105 mog\u0142y przebywa\u0107 w busie, daje to mo\u017cliwo\u015b\u0107\ndystansu 2 metr\u00f3w. Przed badaniem pracownicy zmierz\u0105 temperatur\u0119 pacjentkom\noraz poprosz\u0105 o wype\u0142nienie ankiety. Maseczka lub przy\u0142bica obowi\u0105zkowa.<\/p>\n\n\n\n<p>W badaniu mog\u0105 wzi\u0105\u0107 udzia\u0142 Panie w wieku 50-69 lat, kt\u00f3re:<\/p>\n\n\n\n<ul class=\"wp-block-list\"><li>S\u0105 ubezpieczone;<\/li><li>Nie s\u0105 leczone z powodu raka piersi;<\/li><li>Nie mia\u0142y wykonanej mammografii w ramach\nProgramu w ci\u0105gu ostatnich 24 miesi\u0119cy;<\/li><li>S\u0105 w grupie ryzyka i w roku poprzedzaj\u0105cym\notrzyma\u0142y pisemne wskazanie do wykonania ponownej mammografii po up\u0142ywie 12\nmiesi\u0119cy.<\/li><\/ul>\n\n\n\n<p>Mobilna pracownia mammograficzna LUX MED b\u0119dzie do dyspozycji Pa\u0144 w\nmiejscowo\u015bci:<\/p>\n\n\n\n<p><strong>Mykan\u00f3w<\/strong> &#8211; 8 stycznia 2021 w godzinach\nod 8:00 do 12:00 przy Urz\u0119dzie Gminy, ul. Samorz\u0105dowa 1<\/p>\n\n\n\n<p><strong>R\u0119dziny<\/strong> &#8211; 8 stycznia 2021 w\ngodzinach od 13:00 do 16:30 parking przy Gminnej Hali Sportowej, ul.\nDzia\u0142kowicz\u00f3w 20A&nbsp;&nbsp;<\/p>\n\n\n\n<p><strong>Starcza<\/strong> &#8211; 8 stycznia 2021 w\ngodzinach od 8:00 do 13:00 przy Urz\u0119dzie Gminy, ul. Gminna 4<\/p>\n\n\n\n<p><strong>Mst\u00f3w<\/strong> &#8211; 11 stycznia 2021 w\ngodzinach od 10:00 do 16:00 na Rynku<\/p>\n\n\n\n<p>Na badanie trzeba si\u0119 wcze\u015bniej zarejestrowa\u0107 pod nr tel. 58\n666 24 44 lub na stronie&nbsp;<a href=\"http:\/\/www.mammo.pl\/formularz\" target=\"_blank\" rel=\"noopener\">http:\/\/www.mammo.pl\/formularz<\/a>.\nDo rejestracji b\u0119dzie potrzebny dow\u00f3d osobisty, a na sam\u0105 ju\u017c kontrol\u0119\npoprzednie zdj\u0119cia mammograficzne. Skierowanie lekarskie nie jest wymagane.<\/p>\n\n\n\n<p>Pami\u0119tajmy drogie Panie, systematyczne i dok\u0142adne badanie mo\u017ce w zdecydowany spos\u00f3b przyczyni\u0107 si\u0119 do wykrycia nowotworu na wczesnym etapie rozwoju, a co za tym idzie, szybkie podj\u0119cie leczenia.<\/p>\n","protected":false},"excerpt":{"rendered":"<p>W Powiecie Cz\u0119stochowskim w styczniu 2021 roku odb\u0119d\u0105 si\u0119 pierwsze w tym roku bezp\u0142atne badania mamograficzne. Badania przeprowadzone zostan\u0105 przez grup\u0119 LUX MED, kt\u00f3re<\/p>\n","protected":false},"author":12,"featured_media":15227,"comment_status":"open","ping_status":"open","sticky":false,"template":"","format":"standard","meta":{"_monsterinsights_skip_tracking":false,"_monsterinsights_sitenote_active":false,"_monsterinsights_sitenote_note":"","_monsterinsights_sitenote_category":0,"_uf_show_specific_survey":0,"_uf_disable_surveys":false,"footnotes":""},"categories":[94,4,2,37],"tags":[],"class_list":["post-30079","post","type-post","status-publish","format-standard","has-post-thumbnail","hentry","category-polecane","category-region","category-wiadomosci","category-zdrowie"],"_links":{"self":[{"href":"https:\/\/gazetaregionalna.com\/index.php?rest_route=\/wp\/v2\/posts\/30079","targetHints":{"allow":["GET"]}}],"collection":[{"href":"https:\/\/gazetaregionalna.com\/index.php?rest_route=\/wp\/v2\/posts"}],"about":[{"href":"https:\/\/gazetaregionalna.com\/index.php?rest_route=\/wp\/v2\/types\/post"}],"author":[{"embeddable":true,"href":"https:\/\/gazetaregionalna.com\/index.php?rest_route=\/wp\/v2\/users\/12"}],"replies":[{"embeddable":true,"href":"https:\/\/gazetaregionalna.com\/index.php?rest_route=%2Fwp%2Fv2%2Fcomments&post=30079"}],"version-history":[{"count":2,"href":"https:\/\/gazetaregionalna.com\/index.php?rest_route=\/wp\/v2\/posts\/30079\/revisions"}],"predecessor-version":[{"id":30081,"href":"https:\/\/gazetaregionalna.com\/index.php?rest_route=\/wp\/v2\/posts\/30079\/revisions\/30081"}],"wp:featuredmedia":[{"embeddable":true,"href":"https:\/\/gazetaregionalna.com\/index.php?rest_route=\/wp\/v2\/media\/15227"}],"wp:attachment":[{"href":"https:\/\/gazetaregionalna.com\/index.php?rest_route=%2Fwp%2Fv2%2Fmedia&parent=30079"}],"wp:term":[{"taxonomy":"category","embeddable":true,"href":"https:\/\/gazetaregionalna.com\/index.php?rest_route=%2Fwp%2Fv2%2Fcategories&post=30079"},{"taxonomy":"post_tag","embeddable":true,"href":"https:\/\/gazetaregionalna.com\/index.php?rest_route=%2Fwp%2Fv2%2Ftags&post=30079"}],"curies":[{"name":"wp","href":"https:\/\/api.w.org\/{rel}","templated":true}]}}