{"id":30057,"date":"2020-12-26T11:20:42","date_gmt":"2020-12-26T11:20:42","guid":{"rendered":"https:\/\/gazetaregionalna.com\/?p=30057"},"modified":"2020-12-26T12:31:51","modified_gmt":"2020-12-26T12:31:51","slug":"danek","status":"publish","type":"post","link":"https:\/\/gazetaregionalna.com\/?p=30057","title":{"rendered":"Jaki 2020 rok by\u0142 dla cz\u0119stochowskiego speedrowera? Rok podsumowuje i sk\u0142ada \u017cyczenia prezes Lwy Avia Cz\u0119stochowa Janusz Danek [Cz\u0119\u015b\u0107 3.]"},"content":{"rendered":"\n<p>Gazeta Regionalna zapyta\u0142a wybranych przedstawicieli cz\u0119stochowskiego sportu o podsumowanie mijaj\u0105cego 2020 roku. I czego \u017cyczyliby sobie w nadchodz\u0105cym 2021 roku. Swoje \u017cyczenia i plany \u201ezdradza\u201d w drugi dzie\u0144 \u015awi\u0105t Bo\u017cego Narodzenia prezes speedrowerzyst\u00f3w Lwy Avia Janusz Danek.   <\/p>\n\n\n\n<p><strong>Janusz Danek<\/strong><\/p>\n\n\n\n<p><strong>Prezes Lwy Avia Cz\u0119stochowa<\/strong><\/p>\n\n\n\n<p>&#8211; Szanowna Redakcjo. Kr\u00f3tko si\u0119 nie da, bo dla naszego Klubu 2020 rok by\u0142 szczeg\u00f3lnie trudny z kilku powod\u00f3w. Brak dotacji z miasta, co prawda z naszej pomy\u0142ki, ale bardzo bolesny, spowodowa\u0142 pe\u0142n\u0105 mobilizacj\u0119 ca\u0142ego zarz\u0105du i zespo\u0142u. A to nas nakr\u0119ca\u0142o do jeszcze wi\u0119kszego oddania i co tu du\u017co m\u00f3wi\u0107, szukania darczy\u0144c\u00f3w. M\u00f3wi\u0119 o tym, a nie o pandemii, kt\u00f3ra wywr\u00f3ci\u0142a  \u017cycie i sportow\u0105 rywalizacj\u0119 do g\u00f3ry nogami, aby pokaza\u0107 jakiego niezwyk\u0142ego wyczynu,  sportowo-organizacyjnego wsp\u00f3lnie dokonali\u015bmy w 2020 roku! Pragn\u0119 w ten spos\u00f3b odda\u0107 pok\u0142ony i cze\u015b\u0107 tym, co nas w tym bardzo ci\u0119\u017ckim roku wspierali. Nale\u017cy wymieni\u0107 nazwiska ludzi, bez kt\u00f3rych nie daliby\u015bmy rady obroni\u0107 medalu DMP w CS Superlidze. Przypomn\u0119, \u017ce od 7 lat jeste\u015bmy te\u017c na podium Dru\u017cynowych Mistrzostw Polski. Przy pomocy darczy\u0144c\u00f3w mogli\u015bmy te\u017c po raz 24. przygotowa\u0107 miko\u0142ajkowe paczki dla dzieci z niepe\u0142nosprawno\u015bciami. W 2020 roku stan\u0119li\u015bmy na podium DMP w Superlidze. Wywalczony Dru\u017cynowy Puchar Polski Lwy dedykuj\u0105 naszym wspania\u0142ym i sprawdzonym Przyjacio\u0142om. W\u015br\u00f3d nich s\u0105: Stanis\u0142aw Ociepa, Adam Sikorski, Dariusz Budziszewski, Krzysztof Stacherczak, Mariusz Boci\u0105ga, \u0141ukasz Janas, Andrzej Szczepa\u0144czyk. Bo\u017cena Ja\u0142owiecka, Ryszard Schott, Konrad Stacherczak, Wojciech Polak, Tadeusz Kostecki, Ewelina Balt, Artur Mirecki, Mariusz Sikora, Robert Rozpo\u0144czyk, Piotr Pala, Zbigniew Cierpia\u0142, Micha\u0142 Kr\u00f3l, Ryszard Bu\u0142a, Tomasz \u0141uszcz i inni.   <\/p>\n\n\n\n<p>Rok 2020 by\u0142 dla nas szcz\u0119\u015bliwy, bo\nz Bud\u017cetu Obywatelskiego powstaje nowy obiekt speedrowerowy na\nWrzosowiaku. By\u0142 to te\u017c rok rozterki i po\u017cegnania z naszym klubem\nMarcina Szyma\u0144skiego, kt\u00f3ry po 7 sezonach z Lwem na piersi\npostanowi\u0142 powr\u00f3ci\u0107 do macierzystego i reaktywowanego po 14 latach\nklubu we Wroc\u0142awiu. Ale cieszy mnie zadeklarowany powr\u00f3t\nutalentowanego wychowanka Daniela Ordona, a tak\u017ce pozostanie\nSebastiana Paruzela, Tomka W\u0142odarczyka, Piotra Jamroszczyka,\nNikodema Mleka. Sk\u0142ad z Dominikiem Rycharskim oraz ca\u0142a plejada\nzdolnej m\u0142odzie\u017cy pozwala spokojnie patrze\u0107 w 2021 rok. \n<\/p>\n\n\n\n<figure class=\"wp-block-image size-large\"><img decoding=\"async\" width=\"593\" height=\"890\" data-src=\"https:\/\/gazetaregionalna.com\/wp-content\/uploads\/2020\/12\/JDTP.jpg\" alt=\"\" class=\"wp-image-30059 lazyload\" data-srcset=\"https:\/\/gazetaregionalna.com\/wp-content\/uploads\/2020\/12\/JDTP.jpg 593w, https:\/\/gazetaregionalna.com\/wp-content\/uploads\/2020\/12\/JDTP-200x300.jpg 200w, https:\/\/gazetaregionalna.com\/wp-content\/uploads\/2020\/12\/JDTP-280x420.jpg 280w\" data-sizes=\"(max-width: 593px) 100vw, 593px\" src=\"data:image\/svg+xml;base64,PHN2ZyB3aWR0aD0iMSIgaGVpZ2h0PSIxIiB4bWxucz0iaHR0cDovL3d3dy53My5vcmcvMjAwMC9zdmciPjwvc3ZnPg==\" style=\"--smush-placeholder-width: 593px; --smush-placeholder-aspect-ratio: 593\/890;\" \/><\/figure>\n\n\n\n<p>&#8211; Czego sobie \u017cyczymy na 2021 rok? Mistrzostwa \u015awiata w speedrowerze w Australii zosta\u0142y prze\u0142o\u017cone na 2021 rok i to b\u0119dzie nasza kluczowa impreza. Szkolenie dzieci i m\u0142odzie\u017cy na P\u00f3\u0142nocy i od wiosny na Wrzosowiaku pozwoli nam na jeszcze wi\u0119ksz\u0105 popularyzacj\u0119 i szukanie talent\u00f3w. Obrona Pucharu Polski, Medale DMP i M\u015a s\u0105 w naszym zasi\u0119gu. Maj\u0105c u boku  oddanego trenera Tomasza Pokorskiego, wiceprezesa Tomasza W\u0142odarczyka, sekretarza klubu Nikodema Mleka i kilku oddanych zawodnik\u00f3w oraz dzia\u0142aczy z sercem do sportowej rywalizacji  to mo\u017cna z nadziej\u0105 patrze\u0107 w przysz\u0142o\u015b\u0107 speedrowera w Cz\u0119stochowie. Czeka nas te\u017c w 2021 roku jubileuszowa miko\u0142ajkowa impreza po raz 25 rok z rz\u0119du! To ju\u017c \u0107wier\u0107 wieku za nami, jak obudzili\u015bmy spo\u0142eczn\u0105 wra\u017cliwo\u015b\u0107 \u0142\u0105cz\u0105c sportowc\u00f3w z artystami i organizujemy miko\u0142ajkow\u0105 imprez\u0119 \u201eGwiazdy Estrady i Sportu dzieciom\u201d.<\/p>\n\n\n\n<figure class=\"wp-block-image size-large\"><img decoding=\"async\" width=\"766\" height=\"1024\" data-src=\"https:\/\/gazetaregionalna.com\/wp-content\/uploads\/2020\/10\/Danek-2-766x1024.jpg\" alt=\"\" class=\"wp-image-23090 lazyload\" data-srcset=\"https:\/\/gazetaregionalna.com\/wp-content\/uploads\/2020\/10\/Danek-2-766x1024.jpg 766w, https:\/\/gazetaregionalna.com\/wp-content\/uploads\/2020\/10\/Danek-2-224x300.jpg 224w, https:\/\/gazetaregionalna.com\/wp-content\/uploads\/2020\/10\/Danek-2-768x1027.jpg 768w, https:\/\/gazetaregionalna.com\/wp-content\/uploads\/2020\/10\/Danek-2-1149x1536.jpg 1149w, https:\/\/gazetaregionalna.com\/wp-content\/uploads\/2020\/10\/Danek-2-696x931.jpg 696w, https:\/\/gazetaregionalna.com\/wp-content\/uploads\/2020\/10\/Danek-2-1068x1428.jpg 1068w, https:\/\/gazetaregionalna.com\/wp-content\/uploads\/2020\/10\/Danek-2-314x420.jpg 314w, https:\/\/gazetaregionalna.com\/wp-content\/uploads\/2020\/10\/Danek-2.jpg 1197w\" data-sizes=\"(max-width: 766px) 100vw, 766px\" src=\"data:image\/svg+xml;base64,PHN2ZyB3aWR0aD0iMSIgaGVpZ2h0PSIxIiB4bWxucz0iaHR0cDovL3d3dy53My5vcmcvMjAwMC9zdmciPjwvc3ZnPg==\" style=\"--smush-placeholder-width: 766px; --smush-placeholder-aspect-ratio: 766\/1024;\" \/><\/figure>\n\n\n\n<p>Foto: Gazeta Regionalna oraz archiwum Janusza Danka <\/p>\n","protected":false},"excerpt":{"rendered":"<p>Gazeta Regionalna zapyta\u0142a wybranych przedstawicieli cz\u0119stochowskiego sportu o podsumowanie mijaj\u0105cego 2020 roku. I czego \u017cyczyliby sobie w nadchodz\u0105cym 2021 roku. Swoje \u017cyczenia i plany<\/p>\n","protected":false},"author":15,"featured_media":30058,"comment_status":"open","ping_status":"open","sticky":false,"template":"","format":"standard","meta":{"_monsterinsights_skip_tracking":false,"_monsterinsights_sitenote_active":false,"_monsterinsights_sitenote_note":"","_monsterinsights_sitenote_category":0,"_uf_show_specific_survey":0,"_uf_disable_surveys":false,"footnotes":""},"categories":[5,11],"tags":[],"class_list":["post-30057","post","type-post","status-publish","format-standard","has-post-thumbnail","hentry","category-sport","category-pozostale"],"_links":{"self":[{"href":"https:\/\/gazetaregionalna.com\/index.php?rest_route=\/wp\/v2\/posts\/30057","targetHints":{"allow":["GET"]}}],"collection":[{"href":"https:\/\/gazetaregionalna.com\/index.php?rest_route=\/wp\/v2\/posts"}],"about":[{"href":"https:\/\/gazetaregionalna.com\/index.php?rest_route=\/wp\/v2\/types\/post"}],"author":[{"embeddable":true,"href":"https:\/\/gazetaregionalna.com\/index.php?rest_route=\/wp\/v2\/users\/15"}],"replies":[{"embeddable":true,"href":"https:\/\/gazetaregionalna.com\/index.php?rest_route=%2Fwp%2Fv2%2Fcomments&post=30057"}],"version-history":[{"count":2,"href":"https:\/\/gazetaregionalna.com\/index.php?rest_route=\/wp\/v2\/posts\/30057\/revisions"}],"predecessor-version":[{"id":30061,"href":"https:\/\/gazetaregionalna.com\/index.php?rest_route=\/wp\/v2\/posts\/30057\/revisions\/30061"}],"wp:featuredmedia":[{"embeddable":true,"href":"https:\/\/gazetaregionalna.com\/index.php?rest_route=\/wp\/v2\/media\/30058"}],"wp:attachment":[{"href":"https:\/\/gazetaregionalna.com\/index.php?rest_route=%2Fwp%2Fv2%2Fmedia&parent=30057"}],"wp:term":[{"taxonomy":"category","embeddable":true,"href":"https:\/\/gazetaregionalna.com\/index.php?rest_route=%2Fwp%2Fv2%2Fcategories&post=30057"},{"taxonomy":"post_tag","embeddable":true,"href":"https:\/\/gazetaregionalna.com\/index.php?rest_route=%2Fwp%2Fv2%2Ftags&post=30057"}],"curies":[{"name":"wp","href":"https:\/\/api.w.org\/{rel}","templated":true}]}}