{"id":30055,"date":"2020-12-25T13:56:34","date_gmt":"2020-12-25T13:56:34","guid":{"rendered":"https:\/\/gazetaregionalna.com\/?p=30055"},"modified":"2020-12-25T13:56:36","modified_gmt":"2020-12-25T13:56:36","slug":"smiertelne-potracenie-4","status":"publish","type":"post","link":"https:\/\/gazetaregionalna.com\/?p=30055","title":{"rendered":"\u015amiertelne potr\u0105cenie na torach w Cz\u0119stochowie"},"content":{"rendered":"\n<h2 class=\"wp-block-heading\">Dzisiaj nad ranem w Cz\u0119stochowie w dzielnicy Rak\u00f3w na\nwysoko\u015bci ulicy Limanowskiego przez jad\u0105cy poci\u0105g zosta\u0142 \u015bmiertelnie potr\u0105cony\nm\u0119\u017cczyzna.<\/h2>\n\n\n\n<p>25 grudnia 2020 roku oko\u0142o godziny 5:25 poci\u0105g relacji\nW\u0142oszczowa \u2013 Cz\u0119stochowa \u015bmiertelnie potr\u0105ci\u0142 m\u0119\u017cczyzn\u0119, kt\u00f3ry przebiega\u0142 przez\ntory w niedozwolonym miejscu. Ruch poci\u0105g\u00f3w zosta\u0142 puszczony alternatywnym\ntorowiskiem. &nbsp;Policja ustala personalia\nofiary. <\/p>\n\n\n\n<p>To ju\u017c drugie w tym miejscu podobne potr\u0105cenie, kt\u00f3re wydarzy\u0142o\nsi\u0119 w nocy z 17 na 18 maja 2017 roku. Wtedy w tragedii bra\u0142 udzia\u0142 poci\u0105g\nrelacji Krak\u00f3w \u2013 Gdynia. Na miejscu zgin\u0105\u0142 m\u0119\u017cczyzna, kt\u00f3ry r\u00f3wnie\u017c przechodzi\u0142\nw niedozwolonym miejscu przez tory.<\/p>\n","protected":false},"excerpt":{"rendered":"<p>Dzisiaj nad ranem w Cz\u0119stochowie w dzielnicy Rak\u00f3w na wysoko\u015bci ulicy Limanowskiego przez jad\u0105cy poci\u0105g zosta\u0142 \u015bmiertelnie potr\u0105cony m\u0119\u017cczyzna. 25 grudnia 2020 roku oko\u0142o<\/p>\n","protected":false},"author":12,"featured_media":18394,"comment_status":"open","ping_status":"open","sticky":false,"template":"","format":"standard","meta":{"_monsterinsights_skip_tracking":false,"_monsterinsights_sitenote_active":false,"_monsterinsights_sitenote_note":"","_monsterinsights_sitenote_category":0,"_uf_show_specific_survey":0,"_uf_disable_surveys":false,"footnotes":""},"categories":[44,3,94,2],"tags":[],"class_list":["post-30055","post","type-post","status-publish","format-standard","has-post-thumbnail","hentry","category-bezpieczenstwo","category-czestochowa-informacje","category-polecane","category-wiadomosci"],"_links":{"self":[{"href":"https:\/\/gazetaregionalna.com\/index.php?rest_route=\/wp\/v2\/posts\/30055","targetHints":{"allow":["GET"]}}],"collection":[{"href":"https:\/\/gazetaregionalna.com\/index.php?rest_route=\/wp\/v2\/posts"}],"about":[{"href":"https:\/\/gazetaregionalna.com\/index.php?rest_route=\/wp\/v2\/types\/post"}],"author":[{"embeddable":true,"href":"https:\/\/gazetaregionalna.com\/index.php?rest_route=\/wp\/v2\/users\/12"}],"replies":[{"embeddable":true,"href":"https:\/\/gazetaregionalna.com\/index.php?rest_route=%2Fwp%2Fv2%2Fcomments&post=30055"}],"version-history":[{"count":1,"href":"https:\/\/gazetaregionalna.com\/index.php?rest_route=\/wp\/v2\/posts\/30055\/revisions"}],"predecessor-version":[{"id":30056,"href":"https:\/\/gazetaregionalna.com\/index.php?rest_route=\/wp\/v2\/posts\/30055\/revisions\/30056"}],"wp:featuredmedia":[{"embeddable":true,"href":"https:\/\/gazetaregionalna.com\/index.php?rest_route=\/wp\/v2\/media\/18394"}],"wp:attachment":[{"href":"https:\/\/gazetaregionalna.com\/index.php?rest_route=%2Fwp%2Fv2%2Fmedia&parent=30055"}],"wp:term":[{"taxonomy":"category","embeddable":true,"href":"https:\/\/gazetaregionalna.com\/index.php?rest_route=%2Fwp%2Fv2%2Fcategories&post=30055"},{"taxonomy":"post_tag","embeddable":true,"href":"https:\/\/gazetaregionalna.com\/index.php?rest_route=%2Fwp%2Fv2%2Ftags&post=30055"}],"curies":[{"name":"wp","href":"https:\/\/api.w.org\/{rel}","templated":true}]}}