{"id":2986,"date":"2019-05-13T08:08:23","date_gmt":"2019-05-13T08:08:23","guid":{"rendered":"https:\/\/gazetaregionalna.com\/?p=2986"},"modified":"2019-05-13T08:08:24","modified_gmt":"2019-05-13T08:08:24","slug":"od-ogrodow-krolewskich-po-kwiaty-w-doniczce","status":"publish","type":"post","link":"https:\/\/gazetaregionalna.com\/?p=2986","title":{"rendered":"Od ogrod\u00f3w kr\u00f3lewskich, po kwiaty w doniczce"},"content":{"rendered":"\n<p>Co \u0142\u0105czy Cz\u0119stochow\u0119 z Zamkiem Kr\u00f3lewskim w Warszawie? Wydawa\u0107 by si\u0119 mog\u0142o, \u017ce nic lub bardzo niewiele, tymczasem to w\u0142a\u015bnie dzi\u0119ki cz\u0119stochowskiej firmie \u201eCentrum Zieleni\u201d Sp. z o.o. ogrody kr\u00f3lewskie w stolicy prezentuj\u0105 si\u0119 wspaniale jak nigdy dot\u0105d. Dzi\u0119ki wsp\u00f3\u0142pracy cz\u0119stochowskich specjalist\u00f3w z opiekunami ogrod\u00f3w zamkowych tamtejsze bukszpany nabra\u0142y okaza\u0142o\u015bci, by nada\u0107 temu miejscu niepowtarzalny charakter.<\/p>\n\n\n\n<p><strong>Nasz\u0105 pasj\u0105 jest natura<\/strong><\/p>\n\n\n\n<p>-Na rynku dzia\u0142amy od kilku lat \u2014 opowiada o firmie wiceprezes Ma\u0142gorzata Huras \u2014 Udzielamy porad, zajmujemy si\u0119 aran\u017cacj\u0105 teren\u00f3w zielonych, piel\u0119gnacj\u0105 ro\u015blin, dostaw\u0105 drzew i krzew\u00f3w, zak\u0142adaniem system\u00f3w nawodnie\u0144, oczek wodnych itp. oraz w pe\u0142nym zakresie akwarystyk\u0105 i terrarystk\u0105. Maj\u0105c na uwadze wygod\u0119 naszych klient\u00f3w planujemy powi\u0119kszenie powierzchni handlowej i w zwi\u0105zku z tym zmian\u0119 lokalizacji sklepu. Ju\u017c w lipcu zapraszamy na Al. Pokoju 4 w Cz\u0119stochowie. <br>Firma jest wy\u0142\u0105cznym przedstawicielem marki Topbuxus w Polsce i Europie Wschodniej. Preparaty tej marki \u2014 naturalne nawozy Topbuxus Grow (Ro\u015bnij), Topbuxus Health-mix (Zdrowie) oraz Topbuxus Carpet (\u015aci\u00f3\u0142ka) <br> wykorzystywane s\u0105 do piel\u0119gnacji bukszpan\u00f3w. \u201eCentrum Zieleni\u201d specjalizuje si\u0119 w\u0142a\u015bnie w tych ro\u015blinach. Bukszpany to fantastyczne krzewy \u2014 m\u00f3wi Ma\u0142gorzata Huras. &#8211; S\u0105 niezwykle dekoracyjne, stosunkowo proste w piel\u0119gnacji, \u0142atwo poddaj\u0105ce si\u0119 zabiegom ci\u0119cia. Mo\u017cna im nadawa\u0107 dowolne formy i kszta\u0142ty \u2014 kuli, sto\u017cka. S\u0105 wspania\u0142ymi elementami dekoracyjnymi ogrod\u00f3w. Pi\u0119knie prezentuj\u0105 si\u0119 w donicach zdobi\u0105c wej\u015bcia dom\u00f3w, sal, ko\u015bcio\u0142\u00f3w oraz zabytkowych budowli, idealne na tarasy i balkony. <br>Bukszpan w kompozycjach rabatowych, podkre\u015bli czar ka\u017cdej ro\u015bliny. &#8211; dodaje.<\/p>\n\n\n\n<figure class=\"wp-block-image\"><img decoding=\"async\" width=\"720\" height=\"517\" data-src=\"https:\/\/gazetaregionalna.com\/wp-content\/uploads\/2019\/05\/internet-reklama-8-maja-2019-e1557734853997.jpg\" alt=\"\" class=\"wp-image-2987 lazyload\" src=\"data:image\/svg+xml;base64,PHN2ZyB3aWR0aD0iMSIgaGVpZ2h0PSIxIiB4bWxucz0iaHR0cDovL3d3dy53My5vcmcvMjAwMC9zdmciPjwvc3ZnPg==\" style=\"--smush-placeholder-width: 720px; --smush-placeholder-aspect-ratio: 720\/517;\"><\/figure>\n\n\n\n<p><br>Dzi\u0119ki wiedzy cz\u0119stochowskich specjalist\u00f3w i zastosowaniu proponowanych przez nich preparat\u00f3w pe\u0142n\u0105 kras\u0119 zyska\u0142y nie tylko ogrody Zamku Kr\u00f3lewskiego w Warszawie, kt\u00f3rymi na co dzie\u0144 opiekuje si\u0119 mgr in\u017c. Monik\u0105 Dr\u0105g-architekt krajobrazu, Kierownik Zespo\u0142u Ogrod\u00f3w Zamku Kr\u00f3lewskiego. Firmie uda\u0142o si\u0119 m.in. uratowa\u0107 ponad 45 tysi\u0119cy bukszpan\u00f3w znajduj\u0105cych si\u0119 w ogrodach Pa\u0142acu Branickich, w Bia\u0142ymstoku. \u201eCentrum Zieleni\u201d wykonuje podobne zlecenia w ca\u0142ej Polsce, a tak\u017ce poza jej granicami. Uczestniczymy w konferencjach, wystawach, forach ogrodniczych \u2014 opowiada o firmie Ma\u0142gorzata Huras. &#8211; Bierzemy r\u00f3wnie\u017c udzia\u0142 w spotkaniach z uznanymi ekspertami i autorytetami, by by\u0107 na bie\u017c\u0105co z trendami. Sami tak\u017ce dzielimy si\u0119 swoj\u0105 wiedz\u0105 z innymi, przygotowujemy w kraju i za granic\u0105 prelekcje i tematyczne spotkania. Za swoje osi\u0105gni\u0119cia cz\u0119stochowska firma zosta\u0142a wielokrotnie wyr\u00f3\u017cniana i nagradzana. Dla naturalnego nawozu Topbuxus Health-mix do bukszpan\u00f3w \u201eCentrum Zieleni\u201d zdoby\u0142o m.in. Z\u0142oty Medal Mi\u0119dzynarodowych Targ\u00f3w Pozna\u0144skich w 2017 i 2018 roku. Nagrody te przyzna\u0142o sp\u00f3\u0142ce jury pod przewodnictwem prof. dr hab. Grzegorza Skrzypczaka z Uniwersytetu Przyrodniczego w Poznaniu. W kwietniu tego roku na zaproszenie Ambasady Kr\u00f3lestwa Niderland\u00f3w, Zarz\u0105d sp\u00f3\u0142ki uczestniczy\u0142 w przyj\u0119ciu z okazji urodzin Kr\u00f3la Willema-Alexandra. <br>W tym miesi\u0105cu cz\u0119stochowsk\u0105 firm\u0119 czeka kolejne wa\u017cne wydarzenie i pow\u00f3d do dumy. W dniach 11-13 maja odbywa\u0107 si\u0119 b\u0119dzie w Warszawie inauguracja Ogrodu Dolnego na Zamku Kr\u00f3lewskim. <br>Otwarciu tego ogrodu pierwszy raz po wojnie towarzyszy\u0107 b\u0119dzie prezentacja wyhodowanej specjalnie na t\u0119 okazj\u0119 nowej odmiany tulipana, kt\u00f3rej nadano nazw\u0119 \u201eSerce Warszawy\u201d. Do wyhodowania tych kwiat\u00f3w wykorzystano \u015bci\u00f3\u0142k\u0119 Topbuxus Carpet, kt\u00f3ra u\u017cyta jest tak\u017ce w Ogrodzie G\u00f3rnym Zamku Kr\u00f3lewskiego chroni\u0105c gleb\u0119 wok\u00f3\u0142 r\u00f3\u017c przed niekorzystnymi czynnikami i chorobami grzybowymi. Jeste\u015bmy bardzo dumni z tego powodu i oczywi\u015bcie b\u0119dziemy uczestniczy\u0107 w wydarzeniu, na kt\u00f3re zostali\u015bmy zaproszeni przez dyrektora Zamku Kr\u00f3lewskiego prof. dr. hab. Wojciecha Fa\u0142kowskiego\u2014 m\u00f3wi prezes Micha\u0142 Sobota, wsp\u00f3lnik Ma\u0142gorzaty Huras. &#8211; Cieszy nas ka\u017cde osi\u0105gni\u0119cie, bo ono wi\u0105\u017ce si\u0119 z nasz\u0105 prac\u0105, kt\u00f3ra dla ca\u0142ego zespo\u0142u jest wielk\u0105 pasj\u0105. My wszyscy po prostu kochamy to, co robimy i kochamy natur\u0119.          <\/p>\n\n\n\n<p>(IB)<\/p>\n","protected":false},"excerpt":{"rendered":"<p>Co \u0142\u0105czy Cz\u0119stochow\u0119 z Zamkiem Kr\u00f3lewskim w Warszawie? Wydawa\u0107 by si\u0119 mog\u0142o, \u017ce nic lub bardzo niewiele, tymczasem to w\u0142a\u015bnie dzi\u0119ki cz\u0119stochowskiej firmie \u201eCentrum<\/p>\n","protected":false},"author":3,"featured_media":2987,"comment_status":"open","ping_status":"open","sticky":false,"template":"","format":"standard","meta":{"_monsterinsights_skip_tracking":false,"_monsterinsights_sitenote_active":false,"_monsterinsights_sitenote_note":"","_monsterinsights_sitenote_category":0,"_uf_show_specific_survey":0,"_uf_disable_surveys":false,"footnotes":""},"categories":[3,2,30],"tags":[],"class_list":["post-2986","post","type-post","status-publish","format-standard","has-post-thumbnail","hentry","category-czestochowa-informacje","category-wiadomosci","category-wypoczynek"],"_links":{"self":[{"href":"https:\/\/gazetaregionalna.com\/index.php?rest_route=\/wp\/v2\/posts\/2986","targetHints":{"allow":["GET"]}}],"collection":[{"href":"https:\/\/gazetaregionalna.com\/index.php?rest_route=\/wp\/v2\/posts"}],"about":[{"href":"https:\/\/gazetaregionalna.com\/index.php?rest_route=\/wp\/v2\/types\/post"}],"author":[{"embeddable":true,"href":"https:\/\/gazetaregionalna.com\/index.php?rest_route=\/wp\/v2\/users\/3"}],"replies":[{"embeddable":true,"href":"https:\/\/gazetaregionalna.com\/index.php?rest_route=%2Fwp%2Fv2%2Fcomments&post=2986"}],"version-history":[{"count":1,"href":"https:\/\/gazetaregionalna.com\/index.php?rest_route=\/wp\/v2\/posts\/2986\/revisions"}],"predecessor-version":[{"id":2988,"href":"https:\/\/gazetaregionalna.com\/index.php?rest_route=\/wp\/v2\/posts\/2986\/revisions\/2988"}],"wp:featuredmedia":[{"embeddable":true,"href":"https:\/\/gazetaregionalna.com\/index.php?rest_route=\/wp\/v2\/media\/2987"}],"wp:attachment":[{"href":"https:\/\/gazetaregionalna.com\/index.php?rest_route=%2Fwp%2Fv2%2Fmedia&parent=2986"}],"wp:term":[{"taxonomy":"category","embeddable":true,"href":"https:\/\/gazetaregionalna.com\/index.php?rest_route=%2Fwp%2Fv2%2Fcategories&post=2986"},{"taxonomy":"post_tag","embeddable":true,"href":"https:\/\/gazetaregionalna.com\/index.php?rest_route=%2Fwp%2Fv2%2Ftags&post=2986"}],"curies":[{"name":"wp","href":"https:\/\/api.w.org\/{rel}","templated":true}]}}