{"id":2981,"date":"2019-05-13T07:49:05","date_gmt":"2019-05-13T07:49:05","guid":{"rendered":"https:\/\/gazetaregionalna.com\/?p=2981"},"modified":"2019-05-13T07:49:07","modified_gmt":"2019-05-13T07:49:07","slug":"region-przewodnik-po-jurze-krakowsko-czestochowskiej","status":"publish","type":"post","link":"https:\/\/gazetaregionalna.com\/?p=2981","title":{"rendered":"Region. Przewodnik po Jurze Krakowsko-Cz\u0119stochowskiej"},"content":{"rendered":"\n<p>Wy\u017cyna Krakowsko &#8211; Cz\u0119stochowska, potocznie nazywana Jur\u0105, jest jednym z najbardziej atrakcyjnych region\u00f3w turystycznych w Polsce. Decyduj\u0105 o tym jej krajobraz i przyroda, liczne zabytki \u015bwieckie i sakralne oraz bogata oferta turystyczna, sportowa i rekreacyjna.<\/p>\n\n\n\n<p>Biegn\u0105cy pomi\u0119dzy Krakowem i Cz\u0119stochow\u0105, Szlak Orlich Gniazd w 2012 r. nagrodzono Z\u0142otym Certyfikatem Polskiej Organizacji Turystycznej. W ten spos\u00f3b doceniono dzia\u0142ania Zwi\u0105zku Gmin Jurajskich i \u015al\u0105skiej Organizacji Turystycznej, kt\u00f3re najwa\u017cniejszy pieszy szlak Jury uczyni\u0142y nowoczesnym produktem turystycznym.<\/p>\n\n\n\n<div class=\"wp-block-image\"><figure class=\"aligncenter is-resized\"><img decoding=\"async\" data-src=\"https:\/\/gazetaregionalna.com\/wp-content\/uploads\/2019\/05\/IMG_6378-1024x683.jpg\" alt=\"\" class=\"wp-image-2982 lazyload\" width=\"890\" height=\"593\" src=\"data:image\/svg+xml;base64,PHN2ZyB3aWR0aD0iMSIgaGVpZ2h0PSIxIiB4bWxucz0iaHR0cDovL3d3dy53My5vcmcvMjAwMC9zdmciPjwvc3ZnPg==\" style=\"--smush-placeholder-width: 890px; --smush-placeholder-aspect-ratio: 890\/593;\"><figcaption>Zamek w Olsztynie <br>fot. arch. Zwi\u0105zek Gmin Jurajskich, Jakub Krawczyk<\/figcaption><\/figure><\/div>\n\n\n\n<p style=\"text-align:left\">W ostatnich latach dzi\u0119ki gminom cz\u0142onkowskim ZGJ nowe oblicza nadano zamkom: Siewierz (gm. Siewierz), Ogrodzieniec w Podzamczu (gm. Ogrodzieniec), Pilcza w Smoleniu (gm. Pilica) i Bydlin (gm. Klucze). Z kolei Towarzystwo Mi\u0142o\u015bnik\u00f3w Ziemi Zawiercia\u0144skiej po niezb\u0119dnych pracach remontowo-konserwacyjnych udost\u0119pni turystom zamek B\u0105kowiec w Zawierciu Skar\u017cycach. <\/p>\n\n\n\n<p>Prywatni w\u0142a\u015bciciele przywr\u00f3cili do \u015bwietno\u015bci zamki Korzkiew (gm. Zielonki) i Bobolice (gm. Niegowa) oraz rewaloryzuj\u0105 mury zamku Mir\u00f3w (gm. Niegowa). W latach 2014-2016 du\u017ce prace remontowe przeprowadzono na zamku Pieskowa Ska\u0142a.<\/p>\n\n\n\n<figure class=\"wp-block-image\"><img decoding=\"async\" width=\"1024\" height=\"625\" data-src=\"https:\/\/gazetaregionalna.com\/wp-content\/uploads\/2019\/05\/DJI_0069-1024x625.jpg\" alt=\"\" class=\"wp-image-2983 lazyload\" src=\"data:image\/svg+xml;base64,PHN2ZyB3aWR0aD0iMSIgaGVpZ2h0PSIxIiB4bWxucz0iaHR0cDovL3d3dy53My5vcmcvMjAwMC9zdmciPjwvc3ZnPg==\" style=\"--smush-placeholder-width: 1024px; --smush-placeholder-aspect-ratio: 1024\/625;\"><figcaption>Zamek w Ogrodzie\u0144cu <br>fot. arch. Zwi\u0105zek Gmin Jurajskich, Jakub Krawczyk <\/figcaption><\/figure>\n\n\n\n<p>Jura jest bardzo przyjazna dla turyst\u00f3w pieszych i rowerowych, mi\u0142o\u015bnik\u00f3w nordic walkingu, wspinaczek skalnych i taternictwa jaskiniowego, jazdy konnej, sp\u0142yw\u00f3w kajakowych, \u017ceglarstwa, paralotniarstwa i wielu innych form aktywnego wypoczynku. Praktyczne co roku pojawiaj\u0105 si\u0119 tutaj nowe atrakcje i obiekty turystyczne. Organizowane s\u0105 du\u017ce imprezy plenerowe, gry terenowe oraz pokazy i warsztaty tradycyjnego rzemios\u0142a. Ka\u017cdy, kto cho\u0107 raz odwiedzi\u0142 Jur\u0119, z pewno\u015bci\u0105 tu wr\u00f3ci. Jest to bowiem pi\u0119kny i atrakcyjny region, bez wzgl\u0119du na pogod\u0119 i por\u0119 roku.<\/p>\n\n\n\n<p>(Opracowanie tekst\u00f3w &#8211; Jerzy Pleszyniak \u201eJurajska Kraina\u201d) <\/p>\n","protected":false},"excerpt":{"rendered":"<p>Wy\u017cyna Krakowsko &#8211; Cz\u0119stochowska, potocznie nazywana Jur\u0105, jest jednym z najbardziej atrakcyjnych region\u00f3w turystycznych w Polsce. Decyduj\u0105 o tym jej krajobraz i przyroda, liczne<\/p>\n","protected":false},"author":3,"featured_media":2985,"comment_status":"open","ping_status":"open","sticky":false,"template":"","format":"standard","meta":{"_monsterinsights_skip_tracking":false,"_monsterinsights_sitenote_active":false,"_monsterinsights_sitenote_note":"","_monsterinsights_sitenote_category":0,"_uf_show_specific_survey":0,"_uf_disable_surveys":false,"footnotes":""},"categories":[1],"tags":[],"class_list":["post-2981","post","type-post","status-publish","format-standard","has-post-thumbnail","hentry","category-uncategorized"],"_links":{"self":[{"href":"https:\/\/gazetaregionalna.com\/index.php?rest_route=\/wp\/v2\/posts\/2981","targetHints":{"allow":["GET"]}}],"collection":[{"href":"https:\/\/gazetaregionalna.com\/index.php?rest_route=\/wp\/v2\/posts"}],"about":[{"href":"https:\/\/gazetaregionalna.com\/index.php?rest_route=\/wp\/v2\/types\/post"}],"author":[{"embeddable":true,"href":"https:\/\/gazetaregionalna.com\/index.php?rest_route=\/wp\/v2\/users\/3"}],"replies":[{"embeddable":true,"href":"https:\/\/gazetaregionalna.com\/index.php?rest_route=%2Fwp%2Fv2%2Fcomments&post=2981"}],"version-history":[{"count":1,"href":"https:\/\/gazetaregionalna.com\/index.php?rest_route=\/wp\/v2\/posts\/2981\/revisions"}],"predecessor-version":[{"id":2984,"href":"https:\/\/gazetaregionalna.com\/index.php?rest_route=\/wp\/v2\/posts\/2981\/revisions\/2984"}],"wp:featuredmedia":[{"embeddable":true,"href":"https:\/\/gazetaregionalna.com\/index.php?rest_route=\/wp\/v2\/media\/2985"}],"wp:attachment":[{"href":"https:\/\/gazetaregionalna.com\/index.php?rest_route=%2Fwp%2Fv2%2Fmedia&parent=2981"}],"wp:term":[{"taxonomy":"category","embeddable":true,"href":"https:\/\/gazetaregionalna.com\/index.php?rest_route=%2Fwp%2Fv2%2Fcategories&post=2981"},{"taxonomy":"post_tag","embeddable":true,"href":"https:\/\/gazetaregionalna.com\/index.php?rest_route=%2Fwp%2Fv2%2Ftags&post=2981"}],"curies":[{"name":"wp","href":"https:\/\/api.w.org\/{rel}","templated":true}]}}