{"id":29776,"date":"2020-12-21T12:34:23","date_gmt":"2020-12-21T12:34:23","guid":{"rendered":"https:\/\/gazetaregionalna.com\/?p=29776"},"modified":"2020-12-21T12:35:18","modified_gmt":"2020-12-21T12:35:18","slug":"wpadl-w-rece-policji","status":"publish","type":"post","link":"https:\/\/gazetaregionalna.com\/?p=29776","title":{"rendered":"Po nieudanym napadzie na sklep wpad\u0142 w r\u0119ce policji. Okaza\u0142o si\u0119, \u017ce wcze\u015bniej napad\u0142 i okrad\u0142 kobiety w Cz\u0119stochowie"},"content":{"rendered":"\n<h2 class=\"wp-block-heading\">W ubieg\u0142\u0105 \u015brod\u0119 wieczorem w jednym ze sklep\u00f3w w dzielnicy\nP\u00f3\u0142noc w Cz\u0119stochowie dosz\u0142o do pr\u00f3by kradzie\u017cy. Wystraszony przest\u0119pca zbieg\u0142,\nale i tak wpad\u0142 w r\u0119ce policji. Jak si\u0119 okaza\u0142o, 20-latek wcze\u015bniej napad\u0142 i\nokrad\u0142 kobiety. <\/h2>\n\n\n\n<p>Wieczorn\u0105 por\u0105 m\u0142ody m\u0119\u017cczyzna w jednym ze sklep\u00f3w w\ndzielnicy P\u00f3\u0142noc najpierw zrobi\u0142 zakupy, a nast\u0119pnie zacz\u0105\u0142 grozi\u0107 ekspedientce\nwyj\u0119tym z plecaka no\u017cem, \u017ce go u\u017cyje, je\u015bli ta nie da mu pieni\u0119dzy z kasy.<\/p>\n\n\n\n<p>Napastnik nie przewidzia\u0142, \u017ce 51-letnia ekspedientka zdecydowanie\nodm\u00f3wi wykonania \u017c\u0105dania. Chwil\u0119 po tym zaj\u015bciu wesz\u0142a do sklepu klientka,\nkt\u00f3ra r\u00f3wnie\u017c wykaza\u0142a si\u0119 du\u017c\u0105 odwag\u0105 i determinacj\u0105, pr\u00f3buj\u0105c uj\u0105\u0107\nprzest\u0119pc\u0119. <\/p>\n\n\n\n<p>Wystraszony napastnik w po\u015bpiechu wybieg\u0142 z budynku, nie robi\u0105c nikomu krzywdy. O zaj\u015bciu zosta\u0142a poinformowana policja.<\/p>\n\n\n\n<p>Dzi\u0119ki nagraniom z monitoringu nieumundurowani policjanci z\ncz\u0119stochowskiego wydzia\u0142u kryminalnego dzie\u0144 p\u00f3\u017aniej zatrzymali m\u0142odego\nprzest\u0119pc\u0119. Jak si\u0119 okaza\u0142o kilka dni wcze\u015bniej w dzielnicy P\u00f3\u0142noc i w centrum\nmiasta okrad\u0142 on dwie kobiety, wyrywaj\u0105c im torebki z r\u0119ki.<\/p>\n\n\n\n<p>20-latek decyzj\u0105 s\u0105du trafi\u0142 do aresztu na 3 miesi\u0105ce. Za pope\u0142nione przest\u0119pstwa grozi mu kara do 12 lat wi\u0119zienia. <\/p>\n","protected":false},"excerpt":{"rendered":"<p>W ubieg\u0142\u0105 \u015brod\u0119 wieczorem w jednym ze sklep\u00f3w w dzielnicy P\u00f3\u0142noc w Cz\u0119stochowie dosz\u0142o do pr\u00f3by kradzie\u017cy. Wystraszony przest\u0119pca zbieg\u0142, ale i tak wpad\u0142<\/p>\n","protected":false},"author":12,"featured_media":29778,"comment_status":"open","ping_status":"open","sticky":false,"template":"","format":"standard","meta":{"_monsterinsights_skip_tracking":false,"_monsterinsights_sitenote_active":false,"_monsterinsights_sitenote_note":"","_monsterinsights_sitenote_category":0,"_uf_show_specific_survey":0,"_uf_disable_surveys":false,"footnotes":""},"categories":[44,3,94,2],"tags":[],"class_list":["post-29776","post","type-post","status-publish","format-standard","has-post-thumbnail","hentry","category-bezpieczenstwo","category-czestochowa-informacje","category-polecane","category-wiadomosci"],"_links":{"self":[{"href":"https:\/\/gazetaregionalna.com\/index.php?rest_route=\/wp\/v2\/posts\/29776","targetHints":{"allow":["GET"]}}],"collection":[{"href":"https:\/\/gazetaregionalna.com\/index.php?rest_route=\/wp\/v2\/posts"}],"about":[{"href":"https:\/\/gazetaregionalna.com\/index.php?rest_route=\/wp\/v2\/types\/post"}],"author":[{"embeddable":true,"href":"https:\/\/gazetaregionalna.com\/index.php?rest_route=\/wp\/v2\/users\/12"}],"replies":[{"embeddable":true,"href":"https:\/\/gazetaregionalna.com\/index.php?rest_route=%2Fwp%2Fv2%2Fcomments&post=29776"}],"version-history":[{"count":3,"href":"https:\/\/gazetaregionalna.com\/index.php?rest_route=\/wp\/v2\/posts\/29776\/revisions"}],"predecessor-version":[{"id":29780,"href":"https:\/\/gazetaregionalna.com\/index.php?rest_route=\/wp\/v2\/posts\/29776\/revisions\/29780"}],"wp:featuredmedia":[{"embeddable":true,"href":"https:\/\/gazetaregionalna.com\/index.php?rest_route=\/wp\/v2\/media\/29778"}],"wp:attachment":[{"href":"https:\/\/gazetaregionalna.com\/index.php?rest_route=%2Fwp%2Fv2%2Fmedia&parent=29776"}],"wp:term":[{"taxonomy":"category","embeddable":true,"href":"https:\/\/gazetaregionalna.com\/index.php?rest_route=%2Fwp%2Fv2%2Fcategories&post=29776"},{"taxonomy":"post_tag","embeddable":true,"href":"https:\/\/gazetaregionalna.com\/index.php?rest_route=%2Fwp%2Fv2%2Ftags&post=29776"}],"curies":[{"name":"wp","href":"https:\/\/api.w.org\/{rel}","templated":true}]}}