{"id":29770,"date":"2020-12-21T11:10:36","date_gmt":"2020-12-21T11:10:36","guid":{"rendered":"https:\/\/gazetaregionalna.com\/?p=29770"},"modified":"2020-12-21T11:10:38","modified_gmt":"2020-12-21T11:10:38","slug":"chorobliwa-zazdrosc","status":"publish","type":"post","link":"https:\/\/gazetaregionalna.com\/?p=29770","title":{"rendered":"Jego chorobliw\u0105 zazdro\u015b\u0107 w ko\u0144cu przerwa\u0142a policja"},"content":{"rendered":"\n<h2 class=\"wp-block-heading\">Przez chorobliw\u0105 zazdro\u015b\u0107 posun\u0105\u0142 si\u0119 za daleko. Najpierw\nn\u0119ka\u0142 swoj\u0105 by\u0142\u0105 partnerk\u0119, p\u00f3\u017aniej j\u0105 uwi\u0119zi\u0142 i przetrzymywa\u0142 wbrew jej woli\nprzez kilka godzin. &nbsp;Na wniosek Prokuratury S\u0105d\nzastosowa\u0142 dwumiesi\u0119czny areszt dla 50-letniego mieszka\u0144ca Myszkowa.<\/h2>\n\n\n\n<p>Mimo\nrozstania, po trwaj\u0105cym zaledwie trzy miesi\u0105ce zwi\u0105zku 50-latka z 42-latk\u0105,\nm\u0119\u017cczyzna dalej by\u0142 chorobliwie zazdrosny o by\u0142\u0105 partnerk\u0119. Natarczywie nachodzi\u0142\nj\u0105 w jej mieszkaniu od ponad miesi\u0105ca. <\/p>\n\n\n\n<p>Tydzie\u0144 temu 50-latek jednak posun\u0105\u0142 si\u0119 za daleko w swoim\npost\u0119powaniu. Na ul. 1 Maja w Myszkowie m\u0119\u017cczyzna poprosi\u0142 o pomoc, niby\nprzypadkowo, napotkan\u0105 by\u0142a partnerk\u0119. Swoj\u0105 pro\u015bb\u0119 t\u0142umaczy\u0142 z\u0142ym\nsamopoczuciem. <\/p>\n\n\n\n<p>Nie\u015bwiadoma zagro\u017cenia kobieta zaprowadzi\u0142a go do jego mieszkania,\ngdzie m\u0119\u017cczyzna wci\u0105gn\u0105\u0142 j\u0105 si\u0142\u0105 do \u015brodka i nie chcia\u0142 wypu\u015bci\u0107. W trakcie\nawantury agresor grozi\u0142 no\u017cem kobiecie, dusi\u0142 j\u0105 i szarpa\u0142. Dopiero po prawie\npi\u0119ciu godzinach grozy, 42-latka wysz\u0142a z jego mieszkania.<\/p>\n\n\n\n<p>Po uspokojeniu si\u0119, kobieta nast\u0119pnego dnia powiadomi\u0142a\nmyszkowsk\u0105 policj\u0119 o tym, co si\u0119 wydarzy\u0142o dzie\u0144 wcze\u015bniej. 50-latek zosta\u0142 zatrzymany\nprzez kryminalnych we w\u0142asnym mieszkaniu.<\/p>\n\n\n\n<p>W pi\u0105tek S\u0105d przychyli\u0142 si\u0119 do wniosku Prokuratora i podj\u0105\u0142\ndecyzj\u0119 o tymczasowym aresztowaniu m\u0119\u017cczyzny. Tam przez dwa miesi\u0105ce b\u0119dzie\noczekiwa\u0142 na proces.<\/p>\n","protected":false},"excerpt":{"rendered":"<p>Przez chorobliw\u0105 zazdro\u015b\u0107 posun\u0105\u0142 si\u0119 za daleko. Najpierw n\u0119ka\u0142 swoj\u0105 by\u0142\u0105 partnerk\u0119, p\u00f3\u017aniej j\u0105 uwi\u0119zi\u0142 i przetrzymywa\u0142 wbrew jej woli przez kilka godzin. &nbsp;Na<\/p>\n","protected":false},"author":12,"featured_media":29772,"comment_status":"open","ping_status":"open","sticky":false,"template":"","format":"standard","meta":{"_monsterinsights_skip_tracking":false,"_monsterinsights_sitenote_active":false,"_monsterinsights_sitenote_note":"","_monsterinsights_sitenote_category":0,"_uf_show_specific_survey":0,"_uf_disable_surveys":false,"footnotes":""},"categories":[44,26,94,2],"tags":[],"class_list":["post-29770","post","type-post","status-publish","format-standard","has-post-thumbnail","hentry","category-bezpieczenstwo","category-myszkow","category-polecane","category-wiadomosci"],"_links":{"self":[{"href":"https:\/\/gazetaregionalna.com\/index.php?rest_route=\/wp\/v2\/posts\/29770","targetHints":{"allow":["GET"]}}],"collection":[{"href":"https:\/\/gazetaregionalna.com\/index.php?rest_route=\/wp\/v2\/posts"}],"about":[{"href":"https:\/\/gazetaregionalna.com\/index.php?rest_route=\/wp\/v2\/types\/post"}],"author":[{"embeddable":true,"href":"https:\/\/gazetaregionalna.com\/index.php?rest_route=\/wp\/v2\/users\/12"}],"replies":[{"embeddable":true,"href":"https:\/\/gazetaregionalna.com\/index.php?rest_route=%2Fwp%2Fv2%2Fcomments&post=29770"}],"version-history":[{"count":2,"href":"https:\/\/gazetaregionalna.com\/index.php?rest_route=\/wp\/v2\/posts\/29770\/revisions"}],"predecessor-version":[{"id":29773,"href":"https:\/\/gazetaregionalna.com\/index.php?rest_route=\/wp\/v2\/posts\/29770\/revisions\/29773"}],"wp:featuredmedia":[{"embeddable":true,"href":"https:\/\/gazetaregionalna.com\/index.php?rest_route=\/wp\/v2\/media\/29772"}],"wp:attachment":[{"href":"https:\/\/gazetaregionalna.com\/index.php?rest_route=%2Fwp%2Fv2%2Fmedia&parent=29770"}],"wp:term":[{"taxonomy":"category","embeddable":true,"href":"https:\/\/gazetaregionalna.com\/index.php?rest_route=%2Fwp%2Fv2%2Fcategories&post=29770"},{"taxonomy":"post_tag","embeddable":true,"href":"https:\/\/gazetaregionalna.com\/index.php?rest_route=%2Fwp%2Fv2%2Ftags&post=29770"}],"curies":[{"name":"wp","href":"https:\/\/api.w.org\/{rel}","templated":true}]}}