{"id":2977,"date":"2019-05-13T07:39:58","date_gmt":"2019-05-13T07:39:58","guid":{"rendered":"https:\/\/gazetaregionalna.com\/?p=2977"},"modified":"2019-05-13T07:39:59","modified_gmt":"2019-05-13T07:39:59","slug":"lubliniec-kolejne-udogodnienia-dla-petentow","status":"publish","type":"post","link":"https:\/\/gazetaregionalna.com\/?p=2977","title":{"rendered":"Lubliniec. Kolejne udogodnienia dla petent\u00f3w"},"content":{"rendered":"\n<p>W kwietniu Starostwo Powiatowe w Lubli\u0144cu wprowadzi\u0142o dodatkowe usprawnienia zwi\u0105zane z obs\u0142ug\u0105 petent\u00f3w, kt\u00f3rzy za\u0142atwiaj\u0105 sprawy w Wydziale Komunikacji, Drogownictwa i Transportu.<\/p>\n\n\n\n<p>Nowe rozwi\u0105zanie jeszcze bardziej usprawni\u0142o funkcjonowanie wydzia\u0142u. Cyfrowy system obs\u0142ugi petent\u00f3w zainstalowa\u0142a firma QMS. Specjalny automat wydaje wydruki z dat\u0105 i godzin\u0105, przypisan\u0105 konkretnym stanowiskom obs\u0142ugi.<\/p>\n\n\n\n<p>Na bilecie pobranym z urz\u0105dzenia znajduj\u0105 si\u0119 informacje o zakresie sprawy oraz numerze biletu. Istotna jest r\u00f3wnie\u017c informacja o liczbie os\u00f3b, kt\u00f3re czekaj\u0105 na obs\u0142ug\u0119. Wydrukowanie i pobranie biletu <br>\nz terminala zostaje tak\u017ce odnotowane na stanowisku pracy urz\u0119dnika. Jednoczenie naczelnik wydzia\u0142u, dzi\u0119ki us\u0142udze online, na bie\u017c\u0105co nadzoruje prac\u0119 i funkcjonowanie wydzia\u0142u.<\/p>\n\n\n\n<p>Automat, kt\u00f3ry zosta\u0142 zamontowany w korytarzu u\u0142atwia organizacj\u0119 pracy m.in. w punktach obs\u0142ugi interesant\u00f3w. <br>\nPodstawowe udogodnienie sprowadza si\u0119 do tego, \u017ce interesanci dowiaduj\u0105 si\u0119 o tym kto, kiedy oraz gdzie zostanie obs\u0142u\u017cony.<\/p>\n\n\n\n<p>(powiatlubliniecki.pl)<\/p>\n","protected":false},"excerpt":{"rendered":"<p>W kwietniu Starostwo Powiatowe w Lubli\u0144cu wprowadzi\u0142o dodatkowe usprawnienia zwi\u0105zane z obs\u0142ug\u0105 petent\u00f3w, kt\u00f3rzy za\u0142atwiaj\u0105 sprawy w Wydziale Komunikacji, Drogownictwa i Transportu. Nowe rozwi\u0105zanie<\/p>\n","protected":false},"author":3,"featured_media":2978,"comment_status":"open","ping_status":"open","sticky":false,"template":"","format":"standard","meta":{"_monsterinsights_skip_tracking":false,"_monsterinsights_sitenote_active":false,"_monsterinsights_sitenote_note":"","_monsterinsights_sitenote_category":0,"_uf_show_specific_survey":0,"_uf_disable_surveys":false,"footnotes":""},"categories":[43,33,25,2,13],"tags":[],"class_list":["post-2977","post","type-post","status-publish","format-standard","has-post-thumbnail","hentry","category-biznes","category-inwestycje","category-lubliniec","category-wiadomosci","category-wydarzenia"],"_links":{"self":[{"href":"https:\/\/gazetaregionalna.com\/index.php?rest_route=\/wp\/v2\/posts\/2977","targetHints":{"allow":["GET"]}}],"collection":[{"href":"https:\/\/gazetaregionalna.com\/index.php?rest_route=\/wp\/v2\/posts"}],"about":[{"href":"https:\/\/gazetaregionalna.com\/index.php?rest_route=\/wp\/v2\/types\/post"}],"author":[{"embeddable":true,"href":"https:\/\/gazetaregionalna.com\/index.php?rest_route=\/wp\/v2\/users\/3"}],"replies":[{"embeddable":true,"href":"https:\/\/gazetaregionalna.com\/index.php?rest_route=%2Fwp%2Fv2%2Fcomments&post=2977"}],"version-history":[{"count":1,"href":"https:\/\/gazetaregionalna.com\/index.php?rest_route=\/wp\/v2\/posts\/2977\/revisions"}],"predecessor-version":[{"id":2979,"href":"https:\/\/gazetaregionalna.com\/index.php?rest_route=\/wp\/v2\/posts\/2977\/revisions\/2979"}],"wp:featuredmedia":[{"embeddable":true,"href":"https:\/\/gazetaregionalna.com\/index.php?rest_route=\/wp\/v2\/media\/2978"}],"wp:attachment":[{"href":"https:\/\/gazetaregionalna.com\/index.php?rest_route=%2Fwp%2Fv2%2Fmedia&parent=2977"}],"wp:term":[{"taxonomy":"category","embeddable":true,"href":"https:\/\/gazetaregionalna.com\/index.php?rest_route=%2Fwp%2Fv2%2Fcategories&post=2977"},{"taxonomy":"post_tag","embeddable":true,"href":"https:\/\/gazetaregionalna.com\/index.php?rest_route=%2Fwp%2Fv2%2Ftags&post=2977"}],"curies":[{"name":"wp","href":"https:\/\/api.w.org\/{rel}","templated":true}]}}