{"id":29745,"date":"2020-12-21T07:11:19","date_gmt":"2020-12-21T07:11:19","guid":{"rendered":"https:\/\/gazetaregionalna.com\/?p=29745"},"modified":"2020-12-21T07:11:21","modified_gmt":"2020-12-21T07:11:21","slug":"dom-z-bialej-zwyciezca-konkursu-fasada-roku-2020-budynek-wygral-w-kategorii-dom-jednorodzinny-nowy","status":"publish","type":"post","link":"https:\/\/gazetaregionalna.com\/?p=29745","title":{"rendered":"Dom z Bia\u0142ej zwyci\u0119zc\u0105 konkursu Fasada Roku 2020. Budynek wygra\u0142 w kategorii Dom Jednorodzinny Nowy"},"content":{"rendered":"\n<h2 class=\"wp-block-heading\">Dom z Bia\u0142ej zwyci\u0119zc\u0105 konkursu Fasada Roku 2020. Budynek wygra\u0142 w kategorii Dom Jednorodzinny Nowy.<\/h2>\n\n\n\n<p> [post_gallery] <\/p>\n\n\n\n<p><br> Konkursowe jury doceni\u0142o nie tylko  oryginalny kszta\u0142t budynku,  ale tak\u017ce fakt, \u017ce jego bry\u0142a idealnie wpisuje si\u0119 otoczenie. Opr\u00f3cz presti\u017cowego tytu\u0142u architekci otrzymali 10 000 z\u0142, a ich projekt b\u0119dzie reprezentowa\u0107 Polsk\u0119 na arenie mi\u0119dzynarodowej. <\/p>\n\n\n\n<p><br> Razem z uczestnikami z innych kraj\u00f3w, w kt\u00f3rych swoje przedstawicielstwo ma firma Baumit, &#8222;Barka Cie\u015blika&#8221; b\u0119dzie rywalizowa\u0107 w ramach Baumit Life Challenge 2022 o tytu\u0142 Europejskiej Fasady Roku i jeszcze wy\u017csze nagrody finansowe.<br> Konkursowe jury w trakcie konkursu krajowego ocenia\u0142o budynki w  pi\u0119ciu kategoriach: budynek jednorodzinny nowy, budynek wielorodzinny nowy, budynek po termomodernizacji, budynek niemieszkalny nowy oraz budynek historyczny po renowacji. <\/p>\n\n\n\n<p><br> Budynek z Bia\u0142ej zosta\u0142 zaprojektowany przez architekta Daniela Cie\u015blika, w\u0142a\u015bciciela FW Anta Studio Architektoniczne.  &#8222;Bark\u0119 Cie\u015blika&#8221; nagrodzono w kategorii &#8222;Dom Jednorodzinny Nowy&#8221;. <\/p>\n\n\n\n<p> W konkursie doceniono ciekaw\u0105 form\u0119 budynku wzniesionego pod Cz\u0119stochow\u0105, uzyskan\u0105 przez zastosowanie r\u00f3\u017cnych materia\u0142\u00f3w oraz interesuj\u0105ce ukszta\u0142towanie dach\u00f3w i \u015bcian, zwracaj\u0105c przy tym uwag\u0119, \u017ce pomimo prostych kszta\u0142t\u00f3w budynek tworzy przyjazn\u0105 atmosfer\u0119 do zamieszkania.<\/p>\n\n\n\n<p><br> Zwyci\u0119zc\u00f3w w konkursie &#8222;Fasada Roku 2020&#8221; wy\u0142oniono w dw\u00f3ch etapach. Najpierw na kandydat\u00f3w g\u0142osowali internauci, a nast\u0119pnie na temat wybranych przez nich budynk\u00f3w wypowiedzieli si\u0119 eksperci.<br> (fot. baumit.pl)<\/p>\n","protected":false},"excerpt":{"rendered":"<p>Dom z Bia\u0142ej zwyci\u0119zc\u0105 konkursu Fasada Roku 2020. Budynek wygra\u0142 w kategorii Dom Jednorodzinny Nowy. [post_gallery] Konkursowe jury doceni\u0142o nie tylko oryginalny kszta\u0142t budynku,<\/p>\n","protected":false},"author":7,"featured_media":29750,"comment_status":"open","ping_status":"open","sticky":false,"template":"","format":"standard","meta":{"_monsterinsights_skip_tracking":false,"_monsterinsights_sitenote_active":false,"_monsterinsights_sitenote_note":"","_monsterinsights_sitenote_category":0,"_uf_show_specific_survey":0,"_uf_disable_surveys":false,"footnotes":""},"categories":[94,2],"tags":[],"class_list":["post-29745","post","type-post","status-publish","format-standard","has-post-thumbnail","hentry","category-polecane","category-wiadomosci"],"_links":{"self":[{"href":"https:\/\/gazetaregionalna.com\/index.php?rest_route=\/wp\/v2\/posts\/29745","targetHints":{"allow":["GET"]}}],"collection":[{"href":"https:\/\/gazetaregionalna.com\/index.php?rest_route=\/wp\/v2\/posts"}],"about":[{"href":"https:\/\/gazetaregionalna.com\/index.php?rest_route=\/wp\/v2\/types\/post"}],"author":[{"embeddable":true,"href":"https:\/\/gazetaregionalna.com\/index.php?rest_route=\/wp\/v2\/users\/7"}],"replies":[{"embeddable":true,"href":"https:\/\/gazetaregionalna.com\/index.php?rest_route=%2Fwp%2Fv2%2Fcomments&post=29745"}],"version-history":[{"count":2,"href":"https:\/\/gazetaregionalna.com\/index.php?rest_route=\/wp\/v2\/posts\/29745\/revisions"}],"predecessor-version":[{"id":29751,"href":"https:\/\/gazetaregionalna.com\/index.php?rest_route=\/wp\/v2\/posts\/29745\/revisions\/29751"}],"wp:featuredmedia":[{"embeddable":true,"href":"https:\/\/gazetaregionalna.com\/index.php?rest_route=\/wp\/v2\/media\/29750"}],"wp:attachment":[{"href":"https:\/\/gazetaregionalna.com\/index.php?rest_route=%2Fwp%2Fv2%2Fmedia&parent=29745"}],"wp:term":[{"taxonomy":"category","embeddable":true,"href":"https:\/\/gazetaregionalna.com\/index.php?rest_route=%2Fwp%2Fv2%2Fcategories&post=29745"},{"taxonomy":"post_tag","embeddable":true,"href":"https:\/\/gazetaregionalna.com\/index.php?rest_route=%2Fwp%2Fv2%2Ftags&post=29745"}],"curies":[{"name":"wp","href":"https:\/\/api.w.org\/{rel}","templated":true}]}}