{"id":29739,"date":"2020-12-20T20:47:42","date_gmt":"2020-12-20T20:47:42","guid":{"rendered":"https:\/\/gazetaregionalna.com\/?p=29739"},"modified":"2020-12-20T20:47:44","modified_gmt":"2020-12-20T20:47:44","slug":"przerwa-22","status":"publish","type":"post","link":"https:\/\/gazetaregionalna.com\/?p=29739","title":{"rendered":"UWAGA! Przerwa w dostawie pr\u0105du w powiecie lublinieckim!"},"content":{"rendered":"\n<h2 class=\"wp-block-heading\">Dystrybutor pr\u0105du\nplanuje przerw\u0119 w dostawie energii na najbli\u017csze 5 dni w powiecie lublinieckim.<\/h2>\n\n\n\n<p>Brak w dostawie\nenergii nast\u0105pi w gminie:<\/p>\n\n\n\n<p><strong>Lubliniec &nbsp;21 grudnia 2020<\/strong> <strong>roku<\/strong>\nna ulicy:<\/p>\n\n\n\n<ul class=\"wp-block-list\"><li>ul. Hajdy Wawrzy\u0144ca 62, ul. Ptaka, ul. Rolna od godziny <strong>9:00 <\/strong>do <strong>14:00<\/strong>.<strong><\/strong><\/li><\/ul>\n\n\n\n<p>Dostawca\npr\u0105du przeprasza za utrudnienia.<\/p>\n","protected":false},"excerpt":{"rendered":"<p>Dystrybutor pr\u0105du planuje przerw\u0119 w dostawie energii na najbli\u017csze 5 dni w powiecie lublinieckim. Brak w dostawie energii nast\u0105pi w gminie: Lubliniec &nbsp;21 grudnia<\/p>\n","protected":false},"author":12,"featured_media":27584,"comment_status":"open","ping_status":"open","sticky":false,"template":"","format":"standard","meta":{"_monsterinsights_skip_tracking":false,"_monsterinsights_sitenote_active":false,"_monsterinsights_sitenote_note":"","_monsterinsights_sitenote_category":0,"_uf_show_specific_survey":0,"_uf_disable_surveys":false,"footnotes":""},"categories":[94,25,2],"tags":[],"class_list":["post-29739","post","type-post","status-publish","format-standard","has-post-thumbnail","hentry","category-polecane","category-lubliniec","category-wiadomosci"],"_links":{"self":[{"href":"https:\/\/gazetaregionalna.com\/index.php?rest_route=\/wp\/v2\/posts\/29739","targetHints":{"allow":["GET"]}}],"collection":[{"href":"https:\/\/gazetaregionalna.com\/index.php?rest_route=\/wp\/v2\/posts"}],"about":[{"href":"https:\/\/gazetaregionalna.com\/index.php?rest_route=\/wp\/v2\/types\/post"}],"author":[{"embeddable":true,"href":"https:\/\/gazetaregionalna.com\/index.php?rest_route=\/wp\/v2\/users\/12"}],"replies":[{"embeddable":true,"href":"https:\/\/gazetaregionalna.com\/index.php?rest_route=%2Fwp%2Fv2%2Fcomments&post=29739"}],"version-history":[{"count":1,"href":"https:\/\/gazetaregionalna.com\/index.php?rest_route=\/wp\/v2\/posts\/29739\/revisions"}],"predecessor-version":[{"id":29740,"href":"https:\/\/gazetaregionalna.com\/index.php?rest_route=\/wp\/v2\/posts\/29739\/revisions\/29740"}],"wp:featuredmedia":[{"embeddable":true,"href":"https:\/\/gazetaregionalna.com\/index.php?rest_route=\/wp\/v2\/media\/27584"}],"wp:attachment":[{"href":"https:\/\/gazetaregionalna.com\/index.php?rest_route=%2Fwp%2Fv2%2Fmedia&parent=29739"}],"wp:term":[{"taxonomy":"category","embeddable":true,"href":"https:\/\/gazetaregionalna.com\/index.php?rest_route=%2Fwp%2Fv2%2Fcategories&post=29739"},{"taxonomy":"post_tag","embeddable":true,"href":"https:\/\/gazetaregionalna.com\/index.php?rest_route=%2Fwp%2Fv2%2Ftags&post=29739"}],"curies":[{"name":"wp","href":"https:\/\/api.w.org\/{rel}","templated":true}]}}