{"id":29737,"date":"2020-12-20T20:37:09","date_gmt":"2020-12-20T20:37:09","guid":{"rendered":"https:\/\/gazetaregionalna.com\/?p=29737"},"modified":"2020-12-20T20:37:11","modified_gmt":"2020-12-20T20:37:11","slug":"przerwa-21","status":"publish","type":"post","link":"https:\/\/gazetaregionalna.com\/?p=29737","title":{"rendered":"UWAGA! Przerwa w dostawie pr\u0105du w powiecie cz\u0119stochowskim!"},"content":{"rendered":"\n<h2 class=\"wp-block-heading\">Dystrybutor pr\u0105du\nplanuje przerw\u0119 w dostawie energii na najbli\u017csze 5 dni w powiecie cz\u0119stochowskim.<\/h2>\n\n\n\n<p>Brak w dostawie energii nast\u0105pi w gminie:<\/p>\n\n\n\n<p><strong>Cz\u0119stochowa<\/strong> <strong>21\ngrudnia 2020<\/strong> <strong>roku <\/strong>na ulicy:<\/p>\n\n\n\n<ul class=\"wp-block-list\"><li>ul.\nLimanowska 7, 13\/15 od godziny <strong>8:45<\/strong>\ndo <strong>16:00<\/strong>;<\/li><\/ul>\n\n\n\n<p>Dostawca\npr\u0105du przeprasza za utrudnienia.<\/p>\n","protected":false},"excerpt":{"rendered":"<p>Dystrybutor pr\u0105du planuje przerw\u0119 w dostawie energii na najbli\u017csze 5 dni w powiecie cz\u0119stochowskim. Brak w dostawie energii nast\u0105pi w gminie: Cz\u0119stochowa 21 grudnia<\/p>\n","protected":false},"author":12,"featured_media":27584,"comment_status":"open","ping_status":"open","sticky":false,"template":"","format":"standard","meta":{"_monsterinsights_skip_tracking":false,"_monsterinsights_sitenote_active":false,"_monsterinsights_sitenote_note":"","_monsterinsights_sitenote_category":0,"_uf_show_specific_survey":0,"_uf_disable_surveys":false,"footnotes":""},"categories":[94,3,2],"tags":[],"class_list":["post-29737","post","type-post","status-publish","format-standard","has-post-thumbnail","hentry","category-polecane","category-czestochowa-informacje","category-wiadomosci"],"_links":{"self":[{"href":"https:\/\/gazetaregionalna.com\/index.php?rest_route=\/wp\/v2\/posts\/29737","targetHints":{"allow":["GET"]}}],"collection":[{"href":"https:\/\/gazetaregionalna.com\/index.php?rest_route=\/wp\/v2\/posts"}],"about":[{"href":"https:\/\/gazetaregionalna.com\/index.php?rest_route=\/wp\/v2\/types\/post"}],"author":[{"embeddable":true,"href":"https:\/\/gazetaregionalna.com\/index.php?rest_route=\/wp\/v2\/users\/12"}],"replies":[{"embeddable":true,"href":"https:\/\/gazetaregionalna.com\/index.php?rest_route=%2Fwp%2Fv2%2Fcomments&post=29737"}],"version-history":[{"count":1,"href":"https:\/\/gazetaregionalna.com\/index.php?rest_route=\/wp\/v2\/posts\/29737\/revisions"}],"predecessor-version":[{"id":29738,"href":"https:\/\/gazetaregionalna.com\/index.php?rest_route=\/wp\/v2\/posts\/29737\/revisions\/29738"}],"wp:featuredmedia":[{"embeddable":true,"href":"https:\/\/gazetaregionalna.com\/index.php?rest_route=\/wp\/v2\/media\/27584"}],"wp:attachment":[{"href":"https:\/\/gazetaregionalna.com\/index.php?rest_route=%2Fwp%2Fv2%2Fmedia&parent=29737"}],"wp:term":[{"taxonomy":"category","embeddable":true,"href":"https:\/\/gazetaregionalna.com\/index.php?rest_route=%2Fwp%2Fv2%2Fcategories&post=29737"},{"taxonomy":"post_tag","embeddable":true,"href":"https:\/\/gazetaregionalna.com\/index.php?rest_route=%2Fwp%2Fv2%2Ftags&post=29737"}],"curies":[{"name":"wp","href":"https:\/\/api.w.org\/{rel}","templated":true}]}}