{"id":29734,"date":"2020-12-20T16:22:02","date_gmt":"2020-12-20T16:22:02","guid":{"rendered":"https:\/\/gazetaregionalna.com\/?p=29734"},"modified":"2020-12-20T16:22:04","modified_gmt":"2020-12-20T16:22:04","slug":"rakow-34","status":"publish","type":"post","link":"https:\/\/gazetaregionalna.com\/?p=29734","title":{"rendered":"W Gliwicach remis. Rak\u00f3w nie wykorzysta\u0142 szansy na awans na pozycj\u0119 lidera PKO BP Ekstraklasy"},"content":{"rendered":"\n<p>Rak\u00f3w Cz\u0119stochowa tylko zremisowa\u0142 w niedziel\u0119 w Gliwicach 0:0 i nie wykorzysta\u0142 szansy na obj\u0119cie pozycji lidera w PKO BP Ekstraklasie.  <\/p>\n\n\n\n<p>Rak\u00f3w Cz\u0119stochowa w niedziel\u0119 mia\u0142\nolbrzymi\u0105 szans\u0119 ponownie obj\u0105\u0107 pozycj\u0119 lidera. Wszystko przez\nto, \u017ce Legia Warszawa niespodziewanie przegra\u0142a u siebie ostatni\ntegoroczny mecz ze Stal\u0105 Mielec 2:3. Rak\u00f3w mia\u0142 tylko 2 punkty\nstraty do Legii. Dlatego cz\u0119stochowscy pi\u0142karze wiedzieli, \u017ce\nje\u015bli wygraj\u0105 to awansuj\u0105 na 1. miejsce w tabeli PKO BP\nEkstraklasy i w fotelu lidera wejd\u0105 w nowy 2021 rok i posiedz\u0105 w\nnim co najmniej do ko\u0144ca stycznia, gdy planowane jest wznowienie\nrozgrywek.<\/p>\n\n\n\n<figure class=\"wp-block-image size-large\"><img decoding=\"async\" width=\"1024\" height=\"946\" data-src=\"https:\/\/gazetaregionalna.com\/wp-content\/uploads\/2020\/12\/Rakow-Piast-18-1024x946.jpg\" alt=\"\" class=\"wp-image-29729 lazyload\" data-srcset=\"https:\/\/gazetaregionalna.com\/wp-content\/uploads\/2020\/12\/Rakow-Piast-18-1024x946.jpg 1024w, https:\/\/gazetaregionalna.com\/wp-content\/uploads\/2020\/12\/Rakow-Piast-18-300x277.jpg 300w, https:\/\/gazetaregionalna.com\/wp-content\/uploads\/2020\/12\/Rakow-Piast-18-768x709.jpg 768w, https:\/\/gazetaregionalna.com\/wp-content\/uploads\/2020\/12\/Rakow-Piast-18-1536x1418.jpg 1536w, https:\/\/gazetaregionalna.com\/wp-content\/uploads\/2020\/12\/Rakow-Piast-18-696x643.jpg 696w, https:\/\/gazetaregionalna.com\/wp-content\/uploads\/2020\/12\/Rakow-Piast-18-1068x986.jpg 1068w, https:\/\/gazetaregionalna.com\/wp-content\/uploads\/2020\/12\/Rakow-Piast-18-455x420.jpg 455w, https:\/\/gazetaregionalna.com\/wp-content\/uploads\/2020\/12\/Rakow-Piast-18.jpg 1200w\" data-sizes=\"(max-width: 1024px) 100vw, 1024px\" src=\"data:image\/svg+xml;base64,PHN2ZyB3aWR0aD0iMSIgaGVpZ2h0PSIxIiB4bWxucz0iaHR0cDovL3d3dy53My5vcmcvMjAwMC9zdmciPjwvc3ZnPg==\" style=\"--smush-placeholder-width: 1024px; --smush-placeholder-aspect-ratio: 1024\/946;\" \/><\/figure>\n\n\n\n<p>Zadanie w Gliwicach nie by\u0142o jednak\n\u0142atwe, bo Piast po s\u0142abszym pocz\u0105tku sezonu w ostatnich 6\nkolejkach nie przegra\u0142 meczu, a zabra\u0142 punkty m.in. Legii Warszawa,\nG\u00f3rnikowi Zabrze czy Zag\u0142\u0119biu Lubin. Ju\u017c od pierwszych minut\nmeczu by\u0142o wida\u0107, \u017ce jedna i druga dru\u017cyna postawi na tward\u0105\nwalk\u0119, bo&#8230; nie b\u0119dzie chcia\u0142a przegra\u0107. Cz\u0119stochowscy pi\u0142karze\nrozpocz\u0119li od agresywnych atak\u00f3w. Ju\u017c w 9. minucie mog\u0142o by\u0107 1:0\ndla Rakowa. S\u0119dzia podyktowa\u0142 dla cz\u0119stochowian rzut karny za\nzagranie r\u0119k\u0105, ale po analizie VAR anulowa\u0142 swoj\u0105 decyzj\u0119. Piast\ni Rak\u00f3w walczyli, ale pi\u0142karze obu dru\u017cyn nie stworzyli sobie\nstuprocentowej sytuacji i w pierwszej cz\u0119\u015bci meczu bramki nie\npad\u0142y. \n<\/p>\n\n\n\n<figure class=\"wp-block-image size-large\"><img decoding=\"async\" width=\"1024\" height=\"683\" data-src=\"https:\/\/gazetaregionalna.com\/wp-content\/uploads\/2020\/12\/Rakow-Piast-10-1024x683.jpg\" alt=\"\" class=\"wp-image-29732 lazyload\" data-srcset=\"https:\/\/gazetaregionalna.com\/wp-content\/uploads\/2020\/12\/Rakow-Piast-10-1024x683.jpg 1024w, https:\/\/gazetaregionalna.com\/wp-content\/uploads\/2020\/12\/Rakow-Piast-10-300x200.jpg 300w, https:\/\/gazetaregionalna.com\/wp-content\/uploads\/2020\/12\/Rakow-Piast-10-768x512.jpg 768w, https:\/\/gazetaregionalna.com\/wp-content\/uploads\/2020\/12\/Rakow-Piast-10-1536x1024.jpg 1536w, https:\/\/gazetaregionalna.com\/wp-content\/uploads\/2020\/12\/Rakow-Piast-10-696x464.jpg 696w, https:\/\/gazetaregionalna.com\/wp-content\/uploads\/2020\/12\/Rakow-Piast-10-1068x712.jpg 1068w, https:\/\/gazetaregionalna.com\/wp-content\/uploads\/2020\/12\/Rakow-Piast-10-630x420.jpg 630w, https:\/\/gazetaregionalna.com\/wp-content\/uploads\/2020\/12\/Rakow-Piast-10.jpg 1200w\" data-sizes=\"(max-width: 1024px) 100vw, 1024px\" src=\"data:image\/svg+xml;base64,PHN2ZyB3aWR0aD0iMSIgaGVpZ2h0PSIxIiB4bWxucz0iaHR0cDovL3d3dy53My5vcmcvMjAwMC9zdmciPjwvc3ZnPg==\" style=\"--smush-placeholder-width: 1024px; --smush-placeholder-aspect-ratio: 1024\/683;\" \/><\/figure>\n\n\n\n<p>Na drug\u0105 po\u0142ow\u0119 pi\u0142karze wyszli\njeszcze bardziej zmobilizowani, bo wiedzieli, \u017ce czasu na bramk\u0119\njest coraz mniej. I gliwiczanie i cz\u0119stochowianie chcieli\nzwyci\u0119stwem zako\u0144czy\u0107 2020 rok i \u015bwi\u0119ta Bo\u017cego Narodzenia\nsp\u0119dzi\u0107 w dobrych nastrojach. \n<\/p>\n\n\n\n<figure class=\"wp-block-image size-large\"><img decoding=\"async\" width=\"1024\" height=\"683\" data-src=\"https:\/\/gazetaregionalna.com\/wp-content\/uploads\/2020\/12\/Rakow-Piast-14-1024x683.jpg\" alt=\"\" class=\"wp-image-29728 lazyload\" data-srcset=\"https:\/\/gazetaregionalna.com\/wp-content\/uploads\/2020\/12\/Rakow-Piast-14-1024x683.jpg 1024w, https:\/\/gazetaregionalna.com\/wp-content\/uploads\/2020\/12\/Rakow-Piast-14-300x200.jpg 300w, https:\/\/gazetaregionalna.com\/wp-content\/uploads\/2020\/12\/Rakow-Piast-14-768x512.jpg 768w, https:\/\/gazetaregionalna.com\/wp-content\/uploads\/2020\/12\/Rakow-Piast-14-1536x1024.jpg 1536w, https:\/\/gazetaregionalna.com\/wp-content\/uploads\/2020\/12\/Rakow-Piast-14-696x464.jpg 696w, https:\/\/gazetaregionalna.com\/wp-content\/uploads\/2020\/12\/Rakow-Piast-14-1068x712.jpg 1068w, https:\/\/gazetaregionalna.com\/wp-content\/uploads\/2020\/12\/Rakow-Piast-14-630x420.jpg 630w, https:\/\/gazetaregionalna.com\/wp-content\/uploads\/2020\/12\/Rakow-Piast-14.jpg 1200w\" data-sizes=\"(max-width: 1024px) 100vw, 1024px\" src=\"data:image\/svg+xml;base64,PHN2ZyB3aWR0aD0iMSIgaGVpZ2h0PSIxIiB4bWxucz0iaHR0cDovL3d3dy53My5vcmcvMjAwMC9zdmciPjwvc3ZnPg==\" style=\"--smush-placeholder-width: 1024px; --smush-placeholder-aspect-ratio: 1024\/683;\" \/><\/figure>\n\n\n\n<p>W 69. minucie mog\u0142o by\u0107 1:0 dla Piasta. <strong>Jakub \u015awierczok<\/strong> wykorzysta\u0142 kontr\u0119 i pi\u0119kne do\u015brodkowanie. G\u0142ow\u0105 umie\u015bci\u0142 pi\u0142k\u0119 w bramce Rakowa, s\u0119dzia gola uzna\u0142, ale po analizie VAR anulowa\u0142 go i nadal by\u0142o 0:0.  <\/p>\n\n\n\n<p>Wraz z up\u0142ywem czasu na boisku by\u0142o coraz wi\u0119cej nerw\u00f3w. W 83. minucie trener Rakowa <strong>Marek Papszun<\/strong> wpu\u015bci\u0142 na boisko <strong>Oskara Zawad\u0119<\/strong>, ale napastnik Rakowa nie wpisa\u0142 si\u0119 na list\u0119 strzelc\u00f3w.   <\/p>\n\n\n\n<figure class=\"wp-block-image size-large\"><img decoding=\"async\" width=\"1024\" height=\"683\" data-src=\"https:\/\/gazetaregionalna.com\/wp-content\/uploads\/2020\/12\/Rakow-Piast-25-1024x683.jpg\" alt=\"\" class=\"wp-image-29733 lazyload\" data-srcset=\"https:\/\/gazetaregionalna.com\/wp-content\/uploads\/2020\/12\/Rakow-Piast-25-1024x683.jpg 1024w, https:\/\/gazetaregionalna.com\/wp-content\/uploads\/2020\/12\/Rakow-Piast-25-300x200.jpg 300w, https:\/\/gazetaregionalna.com\/wp-content\/uploads\/2020\/12\/Rakow-Piast-25-768x512.jpg 768w, https:\/\/gazetaregionalna.com\/wp-content\/uploads\/2020\/12\/Rakow-Piast-25-1536x1024.jpg 1536w, https:\/\/gazetaregionalna.com\/wp-content\/uploads\/2020\/12\/Rakow-Piast-25-696x464.jpg 696w, https:\/\/gazetaregionalna.com\/wp-content\/uploads\/2020\/12\/Rakow-Piast-25-1068x712.jpg 1068w, https:\/\/gazetaregionalna.com\/wp-content\/uploads\/2020\/12\/Rakow-Piast-25-630x420.jpg 630w, https:\/\/gazetaregionalna.com\/wp-content\/uploads\/2020\/12\/Rakow-Piast-25.jpg 1200w\" data-sizes=\"(max-width: 1024px) 100vw, 1024px\" src=\"data:image\/svg+xml;base64,PHN2ZyB3aWR0aD0iMSIgaGVpZ2h0PSIxIiB4bWxucz0iaHR0cDovL3d3dy53My5vcmcvMjAwMC9zdmciPjwvc3ZnPg==\" style=\"--smush-placeholder-width: 1024px; --smush-placeholder-aspect-ratio: 1024\/683;\" \/><\/figure>\n\n\n\n<p>Ostatecznie mecz w Gliwicach zako\u0144czy\u0142\nsi\u0119 bezbramkowym remisem. Piast przed\u0142u\u017cy\u0142 seri\u0119 spotka\u0144 bez\npora\u017cki do 7, a Rak\u00f3w nie wykorzysta\u0142 szansy na obj\u0119cie pozycji\nlidera&#8230;<\/p>\n\n\n\n<p>Po 14 rozegranych kolejkach Ekstraklasy liderem jest Legi, kt\u00f3ra a ma 29 punkt\u00f3w, a Rak\u00f3w i Pogo\u0144 Szczecin po 28 punkt\u00f3w. Rak\u00f3w sp\u0119dzi przerw\u0119 zimow\u0105 na 2. pozycji w tabeli.<\/p>\n\n\n\n<p>Pi\u0142karzom Rakowa nale\u017c\u0105 si\u0119 brawa za bardzo udan\u0105 rund\u0119 jesienn\u0105!  <\/p>\n\n\n\n<p><strong>Piast Gliwice \u2013 Rak\u00f3w Cz\u0119stochowa<\/strong>\n<strong>0:0<\/strong><\/p>\n\n\n\n<p><strong>Rak\u00f3w: <\/strong>Pindroch \u2013 Pi\u0105tkowski, Niewulis, Tudor, Sapa\u0142a, Schwarz, Poletanovic, Bartl (89. Malinowski), Tijanic (63. Ivi Lopez), Cebula, Gutkovskis (83.Zawada).<\/p>\n\n\n\n<figure class=\"wp-block-image size-large\"><img decoding=\"async\" width=\"1024\" height=\"683\" data-src=\"https:\/\/gazetaregionalna.com\/wp-content\/uploads\/2020\/12\/Rakow-Piast-2-1024x683.jpg\" alt=\"\" class=\"wp-image-29731 lazyload\" data-srcset=\"https:\/\/gazetaregionalna.com\/wp-content\/uploads\/2020\/12\/Rakow-Piast-2-1024x683.jpg 1024w, https:\/\/gazetaregionalna.com\/wp-content\/uploads\/2020\/12\/Rakow-Piast-2-300x200.jpg 300w, https:\/\/gazetaregionalna.com\/wp-content\/uploads\/2020\/12\/Rakow-Piast-2-768x512.jpg 768w, https:\/\/gazetaregionalna.com\/wp-content\/uploads\/2020\/12\/Rakow-Piast-2-1536x1024.jpg 1536w, https:\/\/gazetaregionalna.com\/wp-content\/uploads\/2020\/12\/Rakow-Piast-2-696x464.jpg 696w, https:\/\/gazetaregionalna.com\/wp-content\/uploads\/2020\/12\/Rakow-Piast-2-1068x712.jpg 1068w, https:\/\/gazetaregionalna.com\/wp-content\/uploads\/2020\/12\/Rakow-Piast-2-630x420.jpg 630w, https:\/\/gazetaregionalna.com\/wp-content\/uploads\/2020\/12\/Rakow-Piast-2.jpg 1200w\" data-sizes=\"(max-width: 1024px) 100vw, 1024px\" src=\"data:image\/svg+xml;base64,PHN2ZyB3aWR0aD0iMSIgaGVpZ2h0PSIxIiB4bWxucz0iaHR0cDovL3d3dy53My5vcmcvMjAwMC9zdmciPjwvc3ZnPg==\" style=\"--smush-placeholder-width: 1024px; --smush-placeholder-aspect-ratio: 1024\/683;\" \/><\/figure>\n\n\n\n<p>Foto: Gazeta Regionalna <\/p>\n","protected":false},"excerpt":{"rendered":"<p>Rak\u00f3w Cz\u0119stochowa tylko zremisowa\u0142 w niedziel\u0119 w Gliwicach 0:0 i nie wykorzysta\u0142 szansy na obj\u0119cie pozycji lidera w PKO BP Ekstraklasie. Rak\u00f3w Cz\u0119stochowa w<\/p>\n","protected":false},"author":15,"featured_media":29727,"comment_status":"open","ping_status":"open","sticky":false,"template":"","format":"standard","meta":{"_monsterinsights_skip_tracking":false,"_monsterinsights_sitenote_active":false,"_monsterinsights_sitenote_note":"","_monsterinsights_sitenote_category":0,"_uf_show_specific_survey":0,"_uf_disable_surveys":false,"footnotes":""},"categories":[94,3,6,5,2],"tags":[],"class_list":["post-29734","post","type-post","status-publish","format-standard","has-post-thumbnail","hentry","category-polecane","category-czestochowa-informacje","category-pilka-nozna","category-sport","category-wiadomosci"],"_links":{"self":[{"href":"https:\/\/gazetaregionalna.com\/index.php?rest_route=\/wp\/v2\/posts\/29734","targetHints":{"allow":["GET"]}}],"collection":[{"href":"https:\/\/gazetaregionalna.com\/index.php?rest_route=\/wp\/v2\/posts"}],"about":[{"href":"https:\/\/gazetaregionalna.com\/index.php?rest_route=\/wp\/v2\/types\/post"}],"author":[{"embeddable":true,"href":"https:\/\/gazetaregionalna.com\/index.php?rest_route=\/wp\/v2\/users\/15"}],"replies":[{"embeddable":true,"href":"https:\/\/gazetaregionalna.com\/index.php?rest_route=%2Fwp%2Fv2%2Fcomments&post=29734"}],"version-history":[{"count":1,"href":"https:\/\/gazetaregionalna.com\/index.php?rest_route=\/wp\/v2\/posts\/29734\/revisions"}],"predecessor-version":[{"id":29735,"href":"https:\/\/gazetaregionalna.com\/index.php?rest_route=\/wp\/v2\/posts\/29734\/revisions\/29735"}],"wp:featuredmedia":[{"embeddable":true,"href":"https:\/\/gazetaregionalna.com\/index.php?rest_route=\/wp\/v2\/media\/29727"}],"wp:attachment":[{"href":"https:\/\/gazetaregionalna.com\/index.php?rest_route=%2Fwp%2Fv2%2Fmedia&parent=29734"}],"wp:term":[{"taxonomy":"category","embeddable":true,"href":"https:\/\/gazetaregionalna.com\/index.php?rest_route=%2Fwp%2Fv2%2Fcategories&post=29734"},{"taxonomy":"post_tag","embeddable":true,"href":"https:\/\/gazetaregionalna.com\/index.php?rest_route=%2Fwp%2Fv2%2Ftags&post=29734"}],"curies":[{"name":"wp","href":"https:\/\/api.w.org\/{rel}","templated":true}]}}