{"id":29719,"date":"2020-12-20T15:02:20","date_gmt":"2020-12-20T15:02:20","guid":{"rendered":"https:\/\/gazetaregionalna.com\/?p=29719"},"modified":"2020-12-20T15:02:23","modified_gmt":"2020-12-20T15:02:23","slug":"w-czestochowskiej-dzielnicy-grabowka-wycieto-kilkaset-drzew-i-krzewow-miasto-sprawdza-czy-spolka-ktora-to-zlecila-ma-wszystkie-niezbedne-pozwolenia","status":"publish","type":"post","link":"https:\/\/gazetaregionalna.com\/?p=29719","title":{"rendered":"W cz\u0119stochowskiej dzielnicy Grab\u00f3wka wyci\u0119to kilkaset drzew i krzew\u00f3w. Miasto sprawdza, czy sp\u00f3\u0142ka, kt\u00f3ra to zleci\u0142a ma wszystkie niezb\u0119dne pozwolenia"},"content":{"rendered":"\n<h2 class=\"wp-block-heading\">W cz\u0119stochowskiej dzielnicy Grab\u00f3wka wyci\u0119to kilkaset drzew i krzew\u00f3w. Miasto sprawdza, czy sp\u00f3\u0142ka, kt\u00f3ra to zleci\u0142a ma wszystkie niezb\u0119dne pozwolenia. Chodzi o tzw. &#8222;Lasek na Grab\u00f3wce&#8221; przy ul. Wiolinowej. Ros\u0142y tam g\u0142\u00f3wnie samosiejki, ale cz\u0119\u015b\u0107 z nich osi\u0105gn\u0119\u0142a spore rozmiary. <\/h2>\n\n\n\n<p> [post_gallery] <\/p>\n\n\n\n<p><br> Jako pierwsza, zawiadomiona przez okolicznych mieszka\u0144c\u00f3w, spraw\u0119 nag\u0142o\u015bni\u0142a w internecie radna Jolanta Urba\u0144ska. Po jej publikacji spraw\u0105 zainteresowali si\u0119 radni z SLD. Pojechali na miejsce zbada\u0107 sytuacj\u0119. Wezwano tak\u017ce Stra\u017c Miejsk\u0105 i policj\u0119.<\/p>\n\n\n\n<p><br> Wycinka zbulwersowa\u0142a okolicznych mieszka\u0144c\u00f3w. &#8222;Lasek&#8221; r\u00f3s\u0142 tam od lat i by\u0142 malowniczym fragmentem dzielnicy. Ludzie ch\u0119tnie tam spacerowali, na przyk\u0142ad z psami.<\/p>\n\n\n\n<p><br>Jak dowiedzieli\u015bmy si\u0119 w Urz\u0119dzie Miasta, na miejscu przeprowadzono wizj\u0119 lokaln\u0105 z udzia\u0142em stra\u017cnik\u00f3w miejskich.Teren ogl\u0105dali tak\u017ce pracownicy Wydzia\u0142u Ochrony \u015arodowiska. Magistrat ustali\u0142, na czyje zlecenie prowadzono czyszczenia dzia\u0142ki, a teraz sprawdza, czy wszystkie formalno\u015bci zosta\u0142y dope\u0142nione.<\/p>\n\n\n\n<p>&#8211;<em>Z dotychczasowych ustale\u0144 wynika, \u017ce ekipy pracuj\u0105 na zlecenie sp\u00f3\u0142ki Cz\u0119stochowa Wiolinowa (wy\u0142onionej ze sp\u00f3\u0142ki Skarbu Pa\u0144stwa RFG  SA)<\/em> &#8211; informuje rzecznik prasowy UM W\u0142odzimierz Tutaj. &#8211;<em> Na sp\u00f3\u0142k\u0119 zosta\u0142a przepisana decyzja o warunkach zabudowy dotycz\u0105ca budowy o\u015bmiu budynk\u00f3w wielorodzinnych z us\u0142ugami na parterze planowanych blok\u00f3w przy ul. Wiolinowej.<br> Jak sprawdzi\u0142o miasto, sp\u00f3\u0142ka nie posiada jednak pozwolenia na budow\u0119 i &#8211; wed\u0142ug informacji z wydzia\u0142u architektury i administracji budowlanej &#8211; o takie pozwolenie na razie jeszcze nie wyst\u0119powa\u0142a.<\/em><\/p>\n\n\n\n<p><br> Bior\u0105c pod uwag\u0119 fakt, \u017ce &#8222;czyszczenie&#8221; dzia\u0142ki odbywa\u0142o si\u0119 pod k\u0105tem przysz\u0142ej inwestycji, inwestor powinien uzyska\u0107 zezwolenie na wycink\u0119 drzew okre\u015blonej wielko\u015bci i przewidzie\u0107 wykonanie nasadze\u0144 zast\u0119pczych.<\/p>\n\n\n\n<p>&#8211;<em>Wynika to z ustawy o ochronie przyrody<\/em> &#8211; przekaza\u0142 cz\u0119stochowski magistrat. &#8211;  <em>Stosowne zapisy dotycz\u0105ce zaprojektowania i realizacji inwestycji w spos\u00f3b zgodny z zasadami ochrony \u015brodowiska i konieczno\u015bci uzyskania stosownych zg\u00f3d, znajduj\u0105 si\u0119 te\u017c we wspomnianej decyzji o warunkach zabudowy.<\/em><\/p>\n\n\n\n<p><br> Wydzia\u0142 Ochrony \u015arodowiska wszcz\u0105\u0142 post\u0119powanie w tej sprawie. Wezwa\u0142 ju\u017c sp\u00f3\u0142k\u0119 do z\u0142o\u017cenia wyja\u015bnie\u0144. Jednocze\u015bnie uzupe\u0142niana b\u0119dzie dokumentacja przeprowadzonych na zlecenie sp\u00f3\u0142ki prac, zwi\u0105zanych m.in z wycink\u0105 drzew.<\/p>\n\n\n\n<p>&#8211;<em>Wed\u0142ug dotychczasowych ustale\u0144 na terenie przy ul. Wiolinowej obj\u0119tym pracami znajdowa\u0142y si\u0119 lub nadal znajduj\u0105 drzewa, g\u0142\u00f3wnie brzozy, o obwodzie pnia powy\u017cej 50 cm, mierzonym u podstawy, 5 cm nad ziemi\u0105, kt\u00f3rych usuni\u0119cie powinno wymaga\u0107 zgody na wycink\u0119 &#8211; <\/em>poinformowa\u0142 rzecznik prasowy urz\u0119du.<\/p>\n\n\n\n<p>(fot. Facebook Jolanta Urba\u0144ska)<\/p>\n","protected":false},"excerpt":{"rendered":"<p>W cz\u0119stochowskiej dzielnicy Grab\u00f3wka wyci\u0119to kilkaset drzew i krzew\u00f3w. Miasto sprawdza, czy sp\u00f3\u0142ka, kt\u00f3ra to zleci\u0142a ma wszystkie niezb\u0119dne pozwolenia. Chodzi o tzw. &#8222;Lasek<\/p>\n","protected":false},"author":7,"featured_media":29724,"comment_status":"open","ping_status":"open","sticky":false,"template":"","format":"standard","meta":{"_monsterinsights_skip_tracking":false,"_monsterinsights_sitenote_active":false,"_monsterinsights_sitenote_note":"","_monsterinsights_sitenote_category":0,"_uf_show_specific_survey":0,"_uf_disable_surveys":false,"footnotes":""},"categories":[94,3,2],"tags":[],"class_list":["post-29719","post","type-post","status-publish","format-standard","has-post-thumbnail","hentry","category-polecane","category-czestochowa-informacje","category-wiadomosci"],"_links":{"self":[{"href":"https:\/\/gazetaregionalna.com\/index.php?rest_route=\/wp\/v2\/posts\/29719","targetHints":{"allow":["GET"]}}],"collection":[{"href":"https:\/\/gazetaregionalna.com\/index.php?rest_route=\/wp\/v2\/posts"}],"about":[{"href":"https:\/\/gazetaregionalna.com\/index.php?rest_route=\/wp\/v2\/types\/post"}],"author":[{"embeddable":true,"href":"https:\/\/gazetaregionalna.com\/index.php?rest_route=\/wp\/v2\/users\/7"}],"replies":[{"embeddable":true,"href":"https:\/\/gazetaregionalna.com\/index.php?rest_route=%2Fwp%2Fv2%2Fcomments&post=29719"}],"version-history":[{"count":4,"href":"https:\/\/gazetaregionalna.com\/index.php?rest_route=\/wp\/v2\/posts\/29719\/revisions"}],"predecessor-version":[{"id":29726,"href":"https:\/\/gazetaregionalna.com\/index.php?rest_route=\/wp\/v2\/posts\/29719\/revisions\/29726"}],"wp:featuredmedia":[{"embeddable":true,"href":"https:\/\/gazetaregionalna.com\/index.php?rest_route=\/wp\/v2\/media\/29724"}],"wp:attachment":[{"href":"https:\/\/gazetaregionalna.com\/index.php?rest_route=%2Fwp%2Fv2%2Fmedia&parent=29719"}],"wp:term":[{"taxonomy":"category","embeddable":true,"href":"https:\/\/gazetaregionalna.com\/index.php?rest_route=%2Fwp%2Fv2%2Fcategories&post=29719"},{"taxonomy":"post_tag","embeddable":true,"href":"https:\/\/gazetaregionalna.com\/index.php?rest_route=%2Fwp%2Fv2%2Ftags&post=29719"}],"curies":[{"name":"wp","href":"https:\/\/api.w.org\/{rel}","templated":true}]}}