{"id":29717,"date":"2020-12-21T17:24:44","date_gmt":"2020-12-21T17:24:44","guid":{"rendered":"https:\/\/gazetaregionalna.com\/?p=29717"},"modified":"2020-12-22T12:14:50","modified_gmt":"2020-12-22T12:14:50","slug":"polecamy-ksiazki-czestochowskich-autorow","status":"publish","type":"post","link":"https:\/\/gazetaregionalna.com\/?p=29717","title":{"rendered":"Pomys\u0142 na prezent pod choink\u0119? Polecamy ksi\u0105\u017cki cz\u0119stochowskich autor\u00f3w [10 TYTU\u0141\u00d3W]"},"content":{"rendered":"\n<h2 class=\"wp-block-heading\">Zakup prezent\u00f3w \u015bwi\u0105tecznych nie nale\u017cy do \u0142atwych zada\u0144. Cz\u0119sto robimy to na tzw. ostatni\u0105 chwil\u0119. Gdzie szuka\u0107 pomys\u0142\u00f3w? Nasz portal poleca ksi\u0105\u017cki cz\u0119stochowskich autor\u00f3w. Ka\u017cdy znajdzie co\u015b dla siebie.<\/h2>\n\n\n\n<p>Oto kilka propozycji dla tych, kt\u00f3rzy nie maj\u0105 jeszcze zakupionych \u015bwi\u0105tecznych prezent\u00f3w. Nasz portal proponuje wspieranie czytelnictwa i zakup ksi\u0105\u017cek napisanych przez cz\u0119stochowskich autor\u00f3w. Tym samym mo\u017cna wesprze\u0107 tak\u017ce lokalne ksi\u0119garnie &#8211; tu przypominamy o akcji <a href=\"https:\/\/gazetaregionalna.com\/ksiazka-na-telefon\/\" class=\"rank-math-link\">&#8222;Ksi\u0105\u017cka na telefon&#8221;<\/a>, kt\u00f3r\u0105 tak\u017ce ju\u017c opisywali\u015bmy (bie\u017c\u0105cych informacji mo\u017cna szuka\u0107 na stronie: <a href=\"http:\/\/ksiazkanatelefon.pl\/\" target=\"_blank\" rel=\"noopener\"><strong>ksiazkanatelefon.pl<\/strong><\/a>).<\/p>\n\n\n\n<h2 class=\"wp-block-heading\">&#8222;Dodatkowa dusza&#8221; W. Grzegorzewska<\/h2>\n\n\n\n<figure class=\"wp-block-image size-large\"><img decoding=\"async\" width=\"623\" height=\"1024\" data-src=\"https:\/\/gazetaregionalna.com\/wp-content\/uploads\/2020\/10\/dodatkowa_dusza-623x1024.jpg\" alt=\"Ok\u0142adka ksi\u0105\u017cki &quot;Dodatkowa dusza&quot; autorstwa Wioletty Grzegorzewskiej\" class=\"wp-image-23332 lazyload\" data-srcset=\"https:\/\/gazetaregionalna.com\/wp-content\/uploads\/2020\/10\/dodatkowa_dusza-623x1024.jpg 623w, https:\/\/gazetaregionalna.com\/wp-content\/uploads\/2020\/10\/dodatkowa_dusza-182x300.jpg 182w, https:\/\/gazetaregionalna.com\/wp-content\/uploads\/2020\/10\/dodatkowa_dusza-696x1144.jpg 696w, https:\/\/gazetaregionalna.com\/wp-content\/uploads\/2020\/10\/dodatkowa_dusza-255x420.jpg 255w, https:\/\/gazetaregionalna.com\/wp-content\/uploads\/2020\/10\/dodatkowa_dusza.jpg 708w\" data-sizes=\"(max-width: 623px) 100vw, 623px\" src=\"data:image\/svg+xml;base64,PHN2ZyB3aWR0aD0iMSIgaGVpZ2h0PSIxIiB4bWxucz0iaHR0cDovL3d3dy53My5vcmcvMjAwMC9zdmciPjwvc3ZnPg==\" style=\"--smush-placeholder-width: 623px; --smush-placeholder-aspect-ratio: 623\/1024;\" \/><figcaption>Ok\u0142adka ksi\u0105\u017cki &#8222;Dodatkowa dusza&#8221; autorstwa Wioletty Grzegorzewskiej (mat. prasowe)<\/figcaption><\/figure>\n\n\n\n<p>O najnowszej ksi\u0105\u017cce autorstwa Wioletty Grzegorzewskiej ju\u017c <a href=\"https:\/\/gazetaregionalna.com\/dodatkowa-dusza\/\" class=\"rank-math-link\">pisali\u015bmy<\/a>. To powie\u015b\u0107 oparta na prawdziwych, dramatycznych losach ojca i syna, w kt\u00f3rej czu\u0142a wi\u0119\u017a i bezinteresowne po\u015bwi\u0119cenie stanowi\u0105 najwy\u017csze  warto\u015bci. To te\u017c bogato nakre\u015blony portret Warszawy ogarni\u0119tej wojennym chaosem.<\/p>\n\n\n\n<p>&#8211; II wojna \u015bwiatowa. Z poci\u0105gu wioz\u0105cego \u017byd\u00f3w do Treblinki ucieka m\u0119\u017cczyzna. Za wszelk\u0105 cen\u0119 pragnie wr\u00f3ci\u0107 do Warszawy, by odnale\u017a\u0107 i  uratowa\u0107 syna. Julian Brzezi\u0144ski, kt\u00f3ry przed wojn\u0105 by\u0142 przedsi\u0119biorc\u0105,  musi zmierzy\u0107 si\u0119 z dramatyczn\u0105 sytuacj\u0105, w jakiej si\u0119 znalaz\u0142. Nowa  to\u017csamo\u015b\u0107, ukrywanie si\u0119 przed dawnymi s\u0105siadami, kt\u00f3rzy mogliby go  rozpozna\u0107, ale te\u017c obawy o syna Marcina anga\u017cuj\u0105cego si\u0119 w dzia\u0142alno\u015b\u0107  konspiracyjn\u0105, mimo \u017ce ma zaledwie trzyna\u015bcie lat\u2026 \u2013 czytamy w opisie ksi\u0105\u017cki przygotowanym przez wydawc\u0119, tj. Wydawnictwo Literackie (<a href=\"https:\/\/www.wydawnictwoliterackie.pl\/ksiazka\/5283\/Dodatkowa-dusza---Wioletta-Grzegorzewska\" class=\"rank-math-link\" target=\"_blank\" rel=\"noopener\">www.wydawnictwoliterackie.pl<\/a>).<\/p>\n\n\n\n<h2 class=\"wp-block-heading\">&#8222;Przeciwko bratu&#8221;, &#8222;Z moich ko\u015bci&#8221; M. Dudzi\u0144ski<\/h2>\n\n\n\n<figure class=\"wp-block-image size-large\"><img decoding=\"async\" width=\"658\" height=\"1024\" data-src=\"https:\/\/gazetaregionalna.com\/wp-content\/uploads\/2020\/12\/PrzeciwkoBratu-658x1024.jpg\" alt=\"\" class=\"wp-image-29788 lazyload\" data-srcset=\"https:\/\/gazetaregionalna.com\/wp-content\/uploads\/2020\/12\/PrzeciwkoBratu-658x1024.jpg 658w, https:\/\/gazetaregionalna.com\/wp-content\/uploads\/2020\/12\/PrzeciwkoBratu-193x300.jpg 193w, https:\/\/gazetaregionalna.com\/wp-content\/uploads\/2020\/12\/PrzeciwkoBratu-768x1195.jpg 768w, https:\/\/gazetaregionalna.com\/wp-content\/uploads\/2020\/12\/PrzeciwkoBratu-696x1083.jpg 696w, https:\/\/gazetaregionalna.com\/wp-content\/uploads\/2020\/12\/PrzeciwkoBratu-270x420.jpg 270w, https:\/\/gazetaregionalna.com\/wp-content\/uploads\/2020\/12\/PrzeciwkoBratu.jpg 771w\" data-sizes=\"(max-width: 658px) 100vw, 658px\" src=\"data:image\/svg+xml;base64,PHN2ZyB3aWR0aD0iMSIgaGVpZ2h0PSIxIiB4bWxucz0iaHR0cDovL3d3dy53My5vcmcvMjAwMC9zdmciPjwvc3ZnPg==\" style=\"--smush-placeholder-width: 658px; --smush-placeholder-aspect-ratio: 658\/1024;\" \/><figcaption>Ok\u0142adka ksi\u0105\u017cki &#8222;Przeciwko bratu&#8221; (mat. ze strony wydawnictwa)<\/figcaption><\/figure>\n\n\n\n<p>&#8222;Przeciwko bratu&#8221; i &#8222;&#8221; to dwie cz\u0119\u015bci &#8222;Trylogii profanum&#8221;, kt\u00f3rej autorem jest Marcin Dudzi\u0144ski.  To cz\u0119stochowianin z&nbsp;pochodzenia, warszawiak z&nbsp;wyboru. &#8222;Pasjonat sportu,  w&nbsp;szczeg\u00f3lno\u015bci koszyk\u00f3wki, \u017cu\u017cla i&nbsp;kolarstwa. Na rowerze szosowym przeje\u017cd\u017ca 10&nbsp;000 km rocznie. W&nbsp;karierze zawodowej pracowa\u0142 w&nbsp;telewizji,  wyk\u0142ada\u0142 prawo na uczelni, by\u0142 odpowiedzialny za&nbsp;organizacj\u0119 mi\u0119dzynarodowych imprez sportowych najwy\u017cej rangi (m.in. UEFA EURO 2012, EHF EURO 2016). Obecnie zarz\u0105dza projektami IT zwi\u0105zanymi z&nbsp;pi\u0142k\u0105 no\u017cn\u0105&#8221; &#8211; tak przedstawia autora wydawca trylogii &#8211; Wydawnictwo Czarna Owca (<a href=\"https:\/\/www.czarnaowca.pl\/\" class=\"rank-math-link\" target=\"_blank\" rel=\"noopener\">www.czarnaowca.pl<\/a>).<\/p>\n\n\n\n<p>-Biskup Stanis\u0142aw Walter trzyma w&nbsp;ryzach ca\u0142e miasto. Jego woli  pos\u0142uszni s\u0105 ksi\u0119\u017ca, politycy, lokalni biznesmeni i&nbsp;wierni parafianie.  Bo kto o\u015bmieli\u0142by si\u0119 ryzykowa\u0107 utrat\u0119 \u0142aski? W&nbsp;realizacji plan\u00f3w  Walterowi towarzyszy Julian \u2013 tajemniczy ch\u0142opak o&nbsp;nieznanej nikomu  przesz\u0142o\u015bci, kt\u00f3ry dla&nbsp;swojego opiekuna zrobi wszystko. Naprawd\u0119  wszystko. Gdy w&nbsp;mrokach katedry Stanis\u0142aw Walter szykuje  si\u0119 do ostatecznego ruchu, jego brat Jerzy, komendant miejski Policji,  podejmuje decyzj\u0119 i&nbsp;wydaje rozkaz. Nie mo\u017ce d\u0142u\u017cej udawa\u0107, niezale\u017cnie  od tego, kim si\u0119 sta\u0142 \u2013 i&nbsp;kim sta\u0142 si\u0119 jego brat &#8211; czytamy w opisie &#8222;Przeciwko bratu&#8221; &#8211; tomu, kt\u00f3ry otwiera cykl.<\/p>\n\n\n\n<figure class=\"wp-block-image size-large\"><img decoding=\"async\" width=\"658\" height=\"1024\" data-src=\"https:\/\/gazetaregionalna.com\/wp-content\/uploads\/2020\/12\/z-moich-kosci-b-iext55848592-658x1024.jpg\" alt=\"\" class=\"wp-image-29790 lazyload\" data-srcset=\"https:\/\/gazetaregionalna.com\/wp-content\/uploads\/2020\/12\/z-moich-kosci-b-iext55848592-658x1024.jpg 658w, https:\/\/gazetaregionalna.com\/wp-content\/uploads\/2020\/12\/z-moich-kosci-b-iext55848592-193x300.jpg 193w, https:\/\/gazetaregionalna.com\/wp-content\/uploads\/2020\/12\/z-moich-kosci-b-iext55848592-768x1195.jpg 768w, https:\/\/gazetaregionalna.com\/wp-content\/uploads\/2020\/12\/z-moich-kosci-b-iext55848592-696x1083.jpg 696w, https:\/\/gazetaregionalna.com\/wp-content\/uploads\/2020\/12\/z-moich-kosci-b-iext55848592-270x420.jpg 270w, https:\/\/gazetaregionalna.com\/wp-content\/uploads\/2020\/12\/z-moich-kosci-b-iext55848592.jpg 771w\" data-sizes=\"(max-width: 658px) 100vw, 658px\" src=\"data:image\/svg+xml;base64,PHN2ZyB3aWR0aD0iMSIgaGVpZ2h0PSIxIiB4bWxucz0iaHR0cDovL3d3dy53My5vcmcvMjAwMC9zdmciPjwvc3ZnPg==\" style=\"--smush-placeholder-width: 658px; --smush-placeholder-aspect-ratio: 658\/1024;\" \/><figcaption>Ok\u0142adka ksi\u0105\u017cki &#8222;Z moich ko\u015bci&#8221; (mat. ze strony wydawnictwa)<\/figcaption><\/figure>\n\n\n\n<p>Kontynuacj\u0105 &#8222;Przeciwko bratu&#8221; jest &#8222;Z moich ko\u015bci&#8221;, promowane has\u0142em &#8222;Przesz\u0142o\u015b\u0107 upomni si\u0119 o ka\u017cdego&#8221;. Oba tomy dziej\u0105 si\u0119 w Cz\u0119stochowie.<\/p>\n\n\n\n<p>-Komendant miejski policji Jerzy Walter musi stawi\u0107 czo\u0142a  kryzysowi i&nbsp;w\u0142asnej przesz\u0142o\u015bci. Pozornie spokojny czas, kt\u00f3ry nast\u0105pi\u0142  po skandalu wok\u00f3\u0142 jego brata, biskupa Stanis\u0142awa Waltera, przerywa  nag\u0142a kradzie\u017c. Z muzeum archeologicznego kto\u015b zabiera bezcenne ko\u015bci.  Gdy pierwsza z&nbsp;nich zostaje odnaleziona, policjanci orientuj\u0105 si\u0119, \u017ce to  nie&nbsp;w\u0142amanie by\u0142o ich najwi\u0119kszym problemem. Maj\u0105c w&nbsp;pami\u0119ci gro\u017ab\u0119  brata, Jerzy Walter zaczyna podejrzewa\u0107, \u017ce wszystko, co w\u0142a\u015bnie ma  miejsce, zosta\u0142o przygotowane w&nbsp;okre\u015blonym celu\u2026 Gdy komendant  pr\u00f3buje odnale\u017a\u0107 morderc\u0119 i&nbsp;ukry\u0107 swoj\u0105 przesz\u0142o\u015b\u0107, zamkni\u0119ty w&nbsp;areszcie  Stanis\u0142aw przygotowuje sw\u00f3j kolejny ruch. Niezale\u017cnie od tego, co  zrobi\u0142 jego brat, Walter zamierza przypomnie\u0107 mu, \u017ce nie&nbsp;spos\u00f3b odwraca\u0107  si\u0119 od rodziny i&nbsp;przyjaci\u00f3\u0142 &#8211; zapowiada Czarna Owca.<\/p>\n\n\n\n<h2 class=\"wp-block-heading\">&#8222;\u0141opat\u0105 do serca&#8221;, &#8222;M\u0105\u017c przez zasiedzenie&#8221;, &#8222;Metoda na wnuczk\u0119&#8221; M. Obuch<\/h2>\n\n\n\n<p>Te propozycje zainteresuj\u0105 nie tylko nasze czytelniczki. Wiele os\u00f3b uciesz\u0105 ksi\u0105\u017cki autorstwa cz\u0119stochowianki Marty Obuch. Na najnowsz\u0105 komedi\u0119 kryminaln\u0105 trzeba poczeka\u0107 do stycznia 2021 r. &#8211; w\u00f3wczas Wydawnictwo Filia (<a href=\"http:\/\/www.wydawnictwofilia.pl\/Szukaj\/?s=obuch\" class=\"rank-math-link\" target=\"_blank\" rel=\"noopener\">www.wydawnictwofilia.pl<\/a>) planuje premier\u0119 &#8222;Do trzech ch\u0142op\u00f3w sztuka&#8221;. Na \u015bwi\u0119ta polecamy wi\u0119c poprzednie ksi\u0105\u017cki tej autorki.<\/p>\n\n\n\n<figure class=\"wp-block-image size-large is-resized\"><img decoding=\"async\" data-src=\"https:\/\/gazetaregionalna.com\/wp-content\/uploads\/2020\/12\/obuch_lopata_doSerca-678x1024.jpg\" alt=\"\" class=\"wp-image-29797 lazyload\" width=\"663\" height=\"1001\" data-srcset=\"https:\/\/gazetaregionalna.com\/wp-content\/uploads\/2020\/12\/obuch_lopata_doSerca-678x1024.jpg 678w, https:\/\/gazetaregionalna.com\/wp-content\/uploads\/2020\/12\/obuch_lopata_doSerca-199x300.jpg 199w, https:\/\/gazetaregionalna.com\/wp-content\/uploads\/2020\/12\/obuch_lopata_doSerca-768x1159.jpg 768w, https:\/\/gazetaregionalna.com\/wp-content\/uploads\/2020\/12\/obuch_lopata_doSerca-696x1051.jpg 696w, https:\/\/gazetaregionalna.com\/wp-content\/uploads\/2020\/12\/obuch_lopata_doSerca-278x420.jpg 278w, https:\/\/gazetaregionalna.com\/wp-content\/uploads\/2020\/12\/obuch_lopata_doSerca.jpg 795w\" data-sizes=\"(max-width: 663px) 100vw, 663px\" src=\"data:image\/svg+xml;base64,PHN2ZyB3aWR0aD0iMSIgaGVpZ2h0PSIxIiB4bWxucz0iaHR0cDovL3d3dy53My5vcmcvMjAwMC9zdmciPjwvc3ZnPg==\" style=\"--smush-placeholder-width: 663px; --smush-placeholder-aspect-ratio: 663\/1001;\" \/><figcaption>Ok\u0142adka ksi\u0105\u017cki &#8222;\u0141opat\u0105 do serca&#8221; (mat. ze strony wydawnictwa)<\/figcaption><\/figure>\n\n\n\n<p>&#8222;\u0141opat\u0105 do serca&#8221; to komedia kryminalna, w kt\u00f3rej m\u0119\u017cczyzna potraktowany jest \u0142opat\u0105, wino otwierane jest m\u0142otkiem i nie brakuje przy tym dobrej kuchni.<\/p>\n\n\n\n<p>&#8211;  Michalina jest \u017con\u0105 mafijnego bosa. Problem w tym, \u017ce jako jedyna nie ma  o tym poj\u0119cia. Prawd\u0119 poznaje w do\u015b\u0107 dziwnych okoliczno\u015bciach, bo  najpierw zostaje przypadkowo porwana, a kiedy wraca do domu, stwierdza,  \u017ce m\u0105\u017c grzeje cel\u0119 w areszcie, a ona ma na stanie nieproszonego go\u015bcia. Okazuje si\u0119, \u017ce ma\u0142\u017conek zawar\u0142 ze swoim wsp\u00f3lnikiem, Ig\u0142\u0105, umow\u0119: gdyby go aresztowano, Ig\u0142a ma si\u0119 przeprowadzi\u0107 do jego domu i strzec \u017cony. Czy w takich okoliczno\u015bciach serce mo\u017ce zabi\u0107 mocniej?  &#8211; tak promuje &#8222;\u0141opat\u0105 do serca&#8221; Wydawnictwo Filia.<\/p>\n\n\n\n<figure class=\"wp-block-image size-large\"><img decoding=\"async\" width=\"678\" height=\"1024\" data-src=\"https:\/\/gazetaregionalna.com\/wp-content\/uploads\/2020\/12\/maz_przezZasiedzenie-678x1024.jpg\" alt=\"\" class=\"wp-image-29799 lazyload\" data-srcset=\"https:\/\/gazetaregionalna.com\/wp-content\/uploads\/2020\/12\/maz_przezZasiedzenie-678x1024.jpg 678w, https:\/\/gazetaregionalna.com\/wp-content\/uploads\/2020\/12\/maz_przezZasiedzenie-199x300.jpg 199w, https:\/\/gazetaregionalna.com\/wp-content\/uploads\/2020\/12\/maz_przezZasiedzenie-768x1159.jpg 768w, https:\/\/gazetaregionalna.com\/wp-content\/uploads\/2020\/12\/maz_przezZasiedzenie-696x1051.jpg 696w, https:\/\/gazetaregionalna.com\/wp-content\/uploads\/2020\/12\/maz_przezZasiedzenie-278x420.jpg 278w, https:\/\/gazetaregionalna.com\/wp-content\/uploads\/2020\/12\/maz_przezZasiedzenie.jpg 795w\" data-sizes=\"(max-width: 678px) 100vw, 678px\" src=\"data:image\/svg+xml;base64,PHN2ZyB3aWR0aD0iMSIgaGVpZ2h0PSIxIiB4bWxucz0iaHR0cDovL3d3dy53My5vcmcvMjAwMC9zdmciPjwvc3ZnPg==\" style=\"--smush-placeholder-width: 678px; --smush-placeholder-aspect-ratio: 678\/1024;\" \/><figcaption>Ok\u0142adka ksi\u0105\u017cki &#8222;M\u0105\u017c przez zasiedzenie&#8221; (mat. ze strony wydawnictwa)<br><\/figcaption><\/figure>\n\n\n\n<p>&#8222;M\u0105\u017c przez zasiedzenie&#8221; \u0142\u0105czy zagadk\u0119 historyczn\u0105, morderstwo, tajemnicz\u0105 will\u0119 i dam\u0119 do towarzystwa&#8230;<\/p>\n\n\n\n<p>&#8211; Patrycja zostaje zaskoczona propozycj\u0105 pracy u profesora Zygmunta Tofla jako\u2026 dama do towarzystwa. \u0141amane przez opiekunka i asystentka. Ma si\u0119 zajmowa\u0107 starszym panem, ale te\u017c poszukiwa\u0107 rozmaitych dokument\u00f3w, kt\u00f3re doprowadz\u0105 j\u0105 do niespodziewanego odkrycia. Pomaga jej syn profesora, Mateusz, kt\u00f3ry potrafi gra\u0107 w szachy, ale r\u00f3wnie ch\u0119tnie tropi przest\u0119pc\u00f3w. Bo profesor \u2013 mi\u0142y, starszy pan \u2013 zaczyna si\u0119 nagle dziwnie zachowywa\u0107. A w starej, zabytkowej wilii z ogrodem dochodzi do  niewyja\u015bnionych zdarze\u0144. Zupe\u0142nie jakby kto\u015b czyha\u0142 na \u017cycie profesora, cho\u0107 ten konsekwentnie wszystkiemu zaprzecza. \u017beby chroni\u0107 swojego pracodawc\u0119, Patrycja przeprowadza si\u0119 do willi, ale razem ze swoj\u0105  ciotk\u0105, kt\u00f3ra porusza si\u0119 na w\u00f3zku i ma do\u015b\u0107 paskudny charakter. Wybucha potworne zamieszanie\u2026 &#8211; czytamy w opisie wydawcy.<\/p>\n\n\n\n<figure class=\"wp-block-image size-large\"><img decoding=\"async\" width=\"689\" height=\"1024\" data-src=\"https:\/\/gazetaregionalna.com\/wp-content\/uploads\/2020\/12\/metodaNaWnuczke-1-689x1024.jpg\" alt=\"\" class=\"wp-image-29810 lazyload\" data-srcset=\"https:\/\/gazetaregionalna.com\/wp-content\/uploads\/2020\/12\/metodaNaWnuczke-1-689x1024.jpg 689w, https:\/\/gazetaregionalna.com\/wp-content\/uploads\/2020\/12\/metodaNaWnuczke-1-202x300.jpg 202w, https:\/\/gazetaregionalna.com\/wp-content\/uploads\/2020\/12\/metodaNaWnuczke-1-768x1141.jpg 768w, https:\/\/gazetaregionalna.com\/wp-content\/uploads\/2020\/12\/metodaNaWnuczke-1-696x1034.jpg 696w, https:\/\/gazetaregionalna.com\/wp-content\/uploads\/2020\/12\/metodaNaWnuczke-1-283x420.jpg 283w, https:\/\/gazetaregionalna.com\/wp-content\/uploads\/2020\/12\/metodaNaWnuczke-1.jpg 808w\" data-sizes=\"(max-width: 689px) 100vw, 689px\" src=\"data:image\/svg+xml;base64,PHN2ZyB3aWR0aD0iMSIgaGVpZ2h0PSIxIiB4bWxucz0iaHR0cDovL3d3dy53My5vcmcvMjAwMC9zdmciPjwvc3ZnPg==\" style=\"--smush-placeholder-width: 689px; --smush-placeholder-aspect-ratio: 689\/1024;\" \/><figcaption>Ok\u0142adka ksi\u0105\u017cki &#8222;Metoda na wnuczk\u0119&#8221; (mat. ze strony wydawnictwa)<\/figcaption><\/figure>\n\n\n\n<p>&#8222;W metodzie na wnuczce&#8221; stanowi\u0105cej &#8222;mi\u0142osn\u0105 ciuciuBABK\u0118&#8221; Marta Obuch zawar\u0142a &#8222;kurs obs\u0142ugi m\u0119\u017cczyzny&#8221;.<\/p>\n\n\n\n<p>&#8211; Adam Gryziewicz spotyka kobiet\u0119 swych marze\u0144, ale zostaje przez ni\u0105 \u017ale  zrozumiany i nagle z dentysty musi przeistoczy\u0107 si\u0119 w romantycznego  artyst\u0119 malarza. Sprawa jest trudna, poniewa\u017c powinien dysponowa\u0107  pracowni\u0105, na dodatek zobowi\u0105za\u0142 si\u0119 przecie\u017c do wykonania portretu,  cho\u0107 nie potrafi rysowa\u0107. Jego wybranka, Ewa, to bystra os\u00f3bka, kt\u00f3ra r\u00f3wnie\u017c ma mn\u00f3stwo na  g\u0142owie. Musi odnale\u017a\u0107 z\u0142odzieja zaginionego obrazu, uchroni\u0107 brata przed  zawarciem ma\u0142\u017ce\u0144stwa z pewn\u0105 zo\u0142z\u0105, wyswata\u0107 nie\u015bmia\u0142\u0105 przyjaci\u00f3\u0142k\u0119 i  zrobi\u0107 z niej zmys\u0142ow\u0105 femme fatale, a przede wszystkim chce da\u0107  pstryczka w nos zapatrzonemu w siebie pseudoarty\u015bcie. <br> Sprawy komplikuj\u0105 si\u0119 jeszcze bardziej, kiedy zza grobu odzywa si\u0119 prababcia Matylda\u2026 &#8211; zach\u0119ca do czytania Filia.<\/p>\n\n\n\n<h2 class=\"wp-block-heading\">&#8222;Ksi\u0119garenka przy ulicy Wi\u015bniowej&#8221;<\/h2>\n\n\n\n<figure class=\"wp-block-image size-large\"><img decoding=\"async\" width=\"678\" height=\"1024\" data-src=\"https:\/\/gazetaregionalna.com\/wp-content\/uploads\/2020\/12\/ksiegarenka-przy-ulicy-wisniowej-b-iext65433400-678x1024.jpg\" alt=\"\" class=\"wp-image-29802 lazyload\" data-srcset=\"https:\/\/gazetaregionalna.com\/wp-content\/uploads\/2020\/12\/ksiegarenka-przy-ulicy-wisniowej-b-iext65433400-678x1024.jpg 678w, https:\/\/gazetaregionalna.com\/wp-content\/uploads\/2020\/12\/ksiegarenka-przy-ulicy-wisniowej-b-iext65433400-199x300.jpg 199w, https:\/\/gazetaregionalna.com\/wp-content\/uploads\/2020\/12\/ksiegarenka-przy-ulicy-wisniowej-b-iext65433400-768x1159.jpg 768w, https:\/\/gazetaregionalna.com\/wp-content\/uploads\/2020\/12\/ksiegarenka-przy-ulicy-wisniowej-b-iext65433400-696x1051.jpg 696w, https:\/\/gazetaregionalna.com\/wp-content\/uploads\/2020\/12\/ksiegarenka-przy-ulicy-wisniowej-b-iext65433400-278x420.jpg 278w, https:\/\/gazetaregionalna.com\/wp-content\/uploads\/2020\/12\/ksiegarenka-przy-ulicy-wisniowej-b-iext65433400.jpg 795w\" data-sizes=\"(max-width: 678px) 100vw, 678px\" src=\"data:image\/svg+xml;base64,PHN2ZyB3aWR0aD0iMSIgaGVpZ2h0PSIxIiB4bWxucz0iaHR0cDovL3d3dy53My5vcmcvMjAwMC9zdmciPjwvc3ZnPg==\" style=\"--smush-placeholder-width: 678px; --smush-placeholder-aspect-ratio: 678\/1024;\" \/><figcaption>Ok\u0142adka ksi\u0105\u017cki &#8222;Ksi\u0119garenka przy ulicy Wi\u015bniowej&#8221; (mat. ze strony wydawnictwa)<\/figcaption><\/figure>\n\n\n\n<p>To tak\u017ce ksi\u0105\u017cka wydana przez Wydawnictwo Filia, obok Marty Obuch na li\u015bcie autor\u00f3w znale\u017ali si\u0119 Liliana Fabisi\u0144ska, Gabriela Garga\u015b, Agnieszka Krawczyk, Remigiusz Mr\u00f3z, Alek Rogozi\u0144ski i Magdalena Witkiewicz.  <\/p>\n\n\n\n<p>-Pan Alojzy, sympatyczny w\u0142a\u015bciciel ma\u0142ej ksi\u0119garenki przy ul. Wi\u015bniowej, postanawia zamkn\u0105\u0107 sw\u00f3j sklepik z ksi\u0105\u017ckami. Prowadzi\u0142 go przez prawie p\u00f3\u0142 wieku, ale jest coraz starszy, brakuje mu si\u0142. Chcia\u0142by odpocz\u0105\u0107 i wreszcie zrealizowa\u0107 swoje marzenie o dalekiej podr\u00f3\u017cy do c\u00f3rki, mieszkaj\u0105cej w Australii. Ksi\u0119garenka, jego ca\u0142e \u017cycie, zostanie zamkni\u0119ta, ale nie tak  zwyczajnie, z dnia na dzie\u0144. Dla jej wiernych, sta\u0142ych bywalc\u00f3w pan Alojzy przygotowa\u0142 prezenty. Postanowi\u0142 obdarowa\u0107 ich egzemplarzami  swoich ukochanych ksi\u0105\u017cek. Dla ka\u017cdej osoby wybra\u0142 pozycj\u0119 szczeg\u00f3ln\u0105, tak\u0105, kt\u00f3ra jego zdaniem mo\u017ce by\u0107 dla tej osoby drogowskazem albo pocieszeniem &#8211; opisuje ksi\u0105\u017ck\u0119 wydawca.<\/p>\n\n\n\n<h2 class=\"wp-block-heading\">&#8222;Pami\u0119tnik diab\u0142a&#8221;, &#8221; C\u00f3reczki&#8221;, &#8222;Inspiracja&#8221; A. Bednarek<\/h2>\n\n\n\n<p>Cz\u0119stochowianin Adrian Bednarek od lat zafascynowany jest tematyk\u0105 kryminaln\u0105, w szczeg\u00f3lno\u015bci postaciami seryjnych morderc\u00f3w. Uwielbia  tworzy\u0107 historie, w  kt\u00f3rych g\u0142\u00f3wnymi bohaterami s\u0105 skomplikowane, czarne charaktery. Zainteresowanie czytelnik\u00f3w zyska\u0142 dzi\u0119ki powie\u015bciom opisuj\u0105cym losy Kuby Soba\u0144skiego, seryjnego  mordercy z Krakowa. <\/p>\n\n\n\n<figure class=\"wp-block-image size-large\"><img decoding=\"async\" width=\"598\" height=\"957\" data-src=\"https:\/\/gazetaregionalna.com\/wp-content\/uploads\/2020\/12\/pamietnik-diabla-kuba-sobanski-tom-1-b-iext48043760.jpg\" alt=\"\" class=\"wp-image-29815 lazyload\" data-srcset=\"https:\/\/gazetaregionalna.com\/wp-content\/uploads\/2020\/12\/pamietnik-diabla-kuba-sobanski-tom-1-b-iext48043760.jpg 598w, https:\/\/gazetaregionalna.com\/wp-content\/uploads\/2020\/12\/pamietnik-diabla-kuba-sobanski-tom-1-b-iext48043760-187x300.jpg 187w, https:\/\/gazetaregionalna.com\/wp-content\/uploads\/2020\/12\/pamietnik-diabla-kuba-sobanski-tom-1-b-iext48043760-262x420.jpg 262w\" data-sizes=\"(max-width: 598px) 100vw, 598px\" src=\"data:image\/svg+xml;base64,PHN2ZyB3aWR0aD0iMSIgaGVpZ2h0PSIxIiB4bWxucz0iaHR0cDovL3d3dy53My5vcmcvMjAwMC9zdmciPjwvc3ZnPg==\" style=\"--smush-placeholder-width: 598px; --smush-placeholder-aspect-ratio: 598\/957;\" \/><figcaption>Ok\u0142adka ksi\u0105\u017cki &#8222;Pami\u0119tnik diab\u0142a&#8221; (mat. ze strony wydawnictwa)<\/figcaption><\/figure>\n\n\n\n<p>Cykl ten rozpoczyna &#8222;Pami\u0119tnik diab\u0142a&#8221; z 2015 r. Wydawc\u0105 ksi\u0105\u017cki jest wydawnictwo Novae&nbsp;Res (<a href=\"https:\/\/novaeres.pl\/autorzy?szczegoly=adrian_bednarek\" class=\"rank-math-link\" target=\"_blank\" rel=\"noopener\">novaeres.pl<\/a>). Tom uznany by\u0142 za &#8222;mocny debiut&#8221;.<\/p>\n\n\n\n<p>&#8211; Witaj w moim idealnym, pozbawionym wad \u015bwiecie. Mam dwadzie\u015bcia dwa lata  i wszystko, czego m\u00f3g\u0142by\u015b zapragn\u0105\u0107. Idealn\u0105 dziewczyn\u0119 jak z ok\u0142adki, popularnych znajomych, samoch\u00f3d swoich marze\u0144, penthouse na ostatnim  pi\u0119trze i perspektyw\u0119 jeszcze lepszej przysz\u0142o\u015bci przed sob\u0105. Jestem z tych, kt\u00f3rym \u017cycia zazdroszcz\u0105 inni. Tak opisze mnie ka\u017cdy, kto cho\u0107 raz  mnie widzia\u0142. A jaki jestem naprawd\u0119? Ci, kt\u00f3rzy mieli okazj\u0119 si\u0119  przekona\u0107, nigdy nie b\u0119d\u0105 mogli opowiedzie\u0107 swojej historii. \u017b\u0105dze  siedz\u0105ce we mnie s\u0105 tak wielkie, \u017ce nie potrafi\u0119 oprze\u0107 si\u0119 pokusie ich zaspokojenia. A zawsze dostaj\u0119 to, czego chc\u0119 (&#8230;) &#8211; tak zapowiada\u0142 ksi\u0105\u017ck\u0119 wydawca.<\/p>\n\n\n\n<p>Kolejne tomy z serii to &#8222;Proces Diab\u0142a&#8221;, &#8222;Spowied\u017a Diab\u0142a&#8221;, &#8222;Wyrok Diab\u0142a&#8221;.<\/p>\n\n\n\n<figure class=\"wp-block-image size-large\"><img decoding=\"async\" width=\"500\" height=\"808\" data-src=\"https:\/\/gazetaregionalna.com\/wp-content\/uploads\/2020\/12\/coreczki.jpg\" alt=\"\" class=\"wp-image-29818 lazyload\" data-srcset=\"https:\/\/gazetaregionalna.com\/wp-content\/uploads\/2020\/12\/coreczki.jpg 500w, https:\/\/gazetaregionalna.com\/wp-content\/uploads\/2020\/12\/coreczki-186x300.jpg 186w, https:\/\/gazetaregionalna.com\/wp-content\/uploads\/2020\/12\/coreczki-260x420.jpg 260w\" data-sizes=\"(max-width: 500px) 100vw, 500px\" src=\"data:image\/svg+xml;base64,PHN2ZyB3aWR0aD0iMSIgaGVpZ2h0PSIxIiB4bWxucz0iaHR0cDovL3d3dy53My5vcmcvMjAwMC9zdmciPjwvc3ZnPg==\" style=\"--smush-placeholder-width: 500px; --smush-placeholder-aspect-ratio: 500\/808;\" \/><figcaption>Ok\u0142adka ksi\u0105\u017cki &#8222;C\u00f3reczki&#8221; (mat. ze strony wydawnictwa)<\/figcaption><\/figure>\n\n\n\n<p>Warty polecenia w\u015br\u00f3d publikacji Bednarka jest te\u017c thriller &#8222;C\u00f3reczki&#8221; wydany w 2019 r.<\/p>\n\n\n\n<p>&#8211; Ewa jest niedosz\u0142\u0105 policjantk\u0105, kt\u00f3ra prowadzi butik w centrum  Cz\u0119stochowy. Pola zrezygnowa\u0142a ze studi\u00f3w medycznych i ledwie wi\u0105\u017ce  koniec z ko\u0144cem, udzielaj\u0105c lekcji pole dance. Dzieli je prawie  wszystko: wiek, osobowo\u015b\u0107, plany na przysz\u0142o\u015b\u0107. \u0141\u0105czy zamaskowany  morderca zwany Strachem na Wr\u00f3ble, kt\u00f3ry w odst\u0119pie dziesi\u0119ciu lat  sprowadzi\u0142 koszmar na ich rodziny. Kiedy Ewa przypadkiem wpada na trop prowadz\u0105cy do Stracha, nie waha si\u0119  prosi\u0107 Poli o pomoc. Wsp\u00f3lnie postanawiaj\u0105 odnale\u017a\u0107 bezwzgl\u0119dnego  psychopat\u0119, kt\u00f3rego to\u017csamo\u015b\u0107 pozostaje zagadk\u0105 od ponad dwudziestu lat.  Rozpoczyna si\u0119 drobiazgowe i pe\u0142ne zwrot\u00f3w akcji \u015bledztwo, kt\u00f3re zmieni  niejedno ludzkie \u017cycie. A to dopiero pocz\u0105tek\u2026 &#8211; czytamy w opisie przygotowanym przez Novae&nbsp;Res.<\/p>\n\n\n\n<figure class=\"wp-block-image size-large\"><img decoding=\"async\" width=\"352\" height=\"500\" data-src=\"https:\/\/gazetaregionalna.com\/wp-content\/uploads\/2020\/12\/inspiracja.jpg\" alt=\"\" class=\"wp-image-29823 lazyload\" data-srcset=\"https:\/\/gazetaregionalna.com\/wp-content\/uploads\/2020\/12\/inspiracja.jpg 352w, https:\/\/gazetaregionalna.com\/wp-content\/uploads\/2020\/12\/inspiracja-211x300.jpg 211w, https:\/\/gazetaregionalna.com\/wp-content\/uploads\/2020\/12\/inspiracja-296x420.jpg 296w\" data-sizes=\"(max-width: 352px) 100vw, 352px\" src=\"data:image\/svg+xml;base64,PHN2ZyB3aWR0aD0iMSIgaGVpZ2h0PSIxIiB4bWxucz0iaHR0cDovL3d3dy53My5vcmcvMjAwMC9zdmciPjwvc3ZnPg==\" style=\"--smush-placeholder-width: 352px; --smush-placeholder-aspect-ratio: 352\/500;\" \/><figcaption>Ok\u0142adka ksi\u0105\u017cki &#8222;Inspiracja&#8221; (mat. ze strony wydawnictwa)<\/figcaption><\/figure>\n\n\n\n<p>Z kolei 2020 r. przyni\u00f3s\u0142 cykl o Oskarze Blajerze, kt\u00f3ry rozpoczyna &#8222;Inspiracja&#8221;.<\/p>\n\n\n\n<p>Ksi\u0105\u017cka zapowiadany jest tak: &#8222;Pisanie opowiada\u0144 kryminalnych jest dla 23-letniego Oskara form\u0105 terapii  pomagaj\u0105c\u0105 zapomnie\u0107 mu o dramacie z przesz\u0142o\u015bci. W poszukiwaniu inspiracji m\u0142ody m\u0119\u017cczyzna udaje si\u0119 na pogrzeb brutalnie zamordowanej  nastolatki.Tam poznaje Luiz\u0119, pi\u0119kn\u0105 dziewczyn\u0119 z wy\u017cszych sfer, kt\u00f3ra  wkr\u00f3tce odmieni jego \u017cycie. Tymczasem pojawiaj\u0105 si\u0119 doniesienia o kolejnych ofiarach seryjnego  mordercy, ochrzczonego przez dziennikarzy mianem \u0141owcy Nimfetek. Oskar,  zbli\u017caj\u0105c si\u0119 do Luizy, odkrywa zaskakuj\u0105ce poszlaki, \u0142\u0105cz\u0105ce ludzi z  jej otoczenia z seri\u0105 makabrycznych morderstw. To rozp\u0119tuje lawin\u0119  zdarze\u0144, kt\u00f3rych fina\u0142u nikt nie jest w stanie przewidzie\u0107&#8221;.<\/p>\n\n\n\n<p><em>Wykorzystane materia\u0142y pochodz\u0105 ze stron wydawnictw.<\/em><\/p>\n\n\n\n<p><strong>A. Kostyra<\/strong><\/p>\n\n\n\n<p><\/p>\n\n\n\n<p><\/p>\n\n\n\n<p><\/p>\n","protected":false},"excerpt":{"rendered":"<p>Zakup prezent\u00f3w \u015bwi\u0105tecznych nie nale\u017cy do \u0142atwych zada\u0144. Cz\u0119sto robimy to na tzw. ostatni\u0105 chwil\u0119. Gdzie szuka\u0107 pomys\u0142\u00f3w? Nasz portal poleca ksi\u0105\u017cki cz\u0119stochowskich autor\u00f3w.<\/p>\n","protected":false},"author":11,"featured_media":29782,"comment_status":"open","ping_status":"open","sticky":false,"template":"","format":"standard","meta":{"_monsterinsights_skip_tracking":false,"_monsterinsights_sitenote_active":false,"_monsterinsights_sitenote_note":"","_monsterinsights_sitenote_category":0,"_uf_show_specific_survey":0,"_uf_disable_surveys":false,"footnotes":""},"categories":[94,3,12],"tags":[968,1050,1235,1216],"class_list":["post-29717","post","type-post","status-publish","format-standard","has-post-thumbnail","hentry","category-polecane","category-czestochowa-informacje","category-kultura-i-rozrywka","tag-ksiazki","tag-literatura","tag-pomysl-na-prezent","tag-swieta"],"_links":{"self":[{"href":"https:\/\/gazetaregionalna.com\/index.php?rest_route=\/wp\/v2\/posts\/29717","targetHints":{"allow":["GET"]}}],"collection":[{"href":"https:\/\/gazetaregionalna.com\/index.php?rest_route=\/wp\/v2\/posts"}],"about":[{"href":"https:\/\/gazetaregionalna.com\/index.php?rest_route=\/wp\/v2\/types\/post"}],"author":[{"embeddable":true,"href":"https:\/\/gazetaregionalna.com\/index.php?rest_route=\/wp\/v2\/users\/11"}],"replies":[{"embeddable":true,"href":"https:\/\/gazetaregionalna.com\/index.php?rest_route=%2Fwp%2Fv2%2Fcomments&post=29717"}],"version-history":[{"count":36,"href":"https:\/\/gazetaregionalna.com\/index.php?rest_route=\/wp\/v2\/posts\/29717\/revisions"}],"predecessor-version":[{"id":29867,"href":"https:\/\/gazetaregionalna.com\/index.php?rest_route=\/wp\/v2\/posts\/29717\/revisions\/29867"}],"wp:featuredmedia":[{"embeddable":true,"href":"https:\/\/gazetaregionalna.com\/index.php?rest_route=\/wp\/v2\/media\/29782"}],"wp:attachment":[{"href":"https:\/\/gazetaregionalna.com\/index.php?rest_route=%2Fwp%2Fv2%2Fmedia&parent=29717"}],"wp:term":[{"taxonomy":"category","embeddable":true,"href":"https:\/\/gazetaregionalna.com\/index.php?rest_route=%2Fwp%2Fv2%2Fcategories&post=29717"},{"taxonomy":"post_tag","embeddable":true,"href":"https:\/\/gazetaregionalna.com\/index.php?rest_route=%2Fwp%2Fv2%2Ftags&post=29717"}],"curies":[{"name":"wp","href":"https:\/\/api.w.org\/{rel}","templated":true}]}}