{"id":2964,"date":"2019-05-09T06:35:13","date_gmt":"2019-05-09T06:35:13","guid":{"rendered":"https:\/\/gazetaregionalna.com\/?p=2964"},"modified":"2019-05-09T06:35:15","modified_gmt":"2019-05-09T06:35:15","slug":"prezydent-matyjaszczyk-pisze-list-do-premiera-morawieckiego","status":"publish","type":"post","link":"https:\/\/gazetaregionalna.com\/?p=2964","title":{"rendered":"Prezydent Matyjaszczyk pisze list do Premiera Morawieckiego"},"content":{"rendered":"\n<p><strong>Prezydent Cz\u0119stochowy Krzysztof Matyjaszczyk przypomina obietnice dotycz\u0105ce wojew\u00f3dztwa cz\u0119stochowskiego i pisze list do premiera Mateusza Morawieckiego. Zdaniem w\u0142adz miasta, je\u017celi sprawa korekt administracyjnych nie zostanie za\u0142atwiona w ci\u0105gu najbli\u017cszych miesi\u0119cy, temat zostanie \u201ezamro\u017cony\u201d na najbli\u017csze 10 lat. Powodem jest rozpoczynaj\u0105cy si\u0119 proces negocjacji dotycz\u0105cy podzia\u0142u \u015brodk\u00f3w na regiony w perspektywie unijnej po 2020 r.<\/strong><\/p>\n\n\n\n<p>Prezydent miasta pisa\u0142 ju\u017c w sprawie wojew\u00f3dztwa cz\u0119stochowskiego listy m.in. do premier Beaty Szyd\u0142o, Prezydenta RP Andrzeja Dudy i prezesa PiS Jaros\u0142awa Kaczy\u0144skigo. Teraz wysy\u0142a list do obecnego premiera, bo &#8211; jak wyja\u015bnia\u0142 na spotkaniu z dziennikarzami \u2013 s\u0105 ku temu istotne powody:<\/p>\n\n\n\n<p>&#8211;&nbsp;<em>To jest ostatni moment, \u017ceby wywi\u0105za\u0107 si\u0119 ze sk\u0142adanych obietnic<\/em>&nbsp;\u2013 uwa\u017ca Krzysztof Matyjaszczyk. &#8211;&nbsp;<em>Ju\u017c teraz trwaj\u0105 prace nad bud\u017cetem europejskim na nowy okres programowania, czyli na lata 2021-2027. Rozdysponowanie \u015brodk\u00f3w na 16 wojew\u00f3dztw praktycznie rozstrzygnie temat podzia\u0142u administracyjnego kraju do roku 2030. Je\u017celi przy podziale pieni\u0119dzy z UE nie b\u0119dzie nowego wojew\u00f3dztwa, to m\u00f3wienie nam o tym, \u017ce sprawa b\u0119dzie procedowana w nowej kadencji parlamentu, jest nabijaniem nas w butelk\u0119 oraz ok\u0142amywaniem mieszka\u0144c\u00f3w miasta i regionu. Wysy\u0142am kolejny list, bo chc\u0119 mie\u0107 pewno\u015b\u0107, \u017ce wszyscy ci, kt\u00f3rzy decyduj\u0105 o kszta\u0142cie pa\u0144stwa, zostali o tych faktach dobrze poinformowani oraz znaj\u0105 nasze argumenty. Chc\u0119 tak\u017ce mie\u0107 poczucie, \u017ce ze swojej strony, deklaruj\u0105c wsparcie dla idei odrodzenia wojew\u00f3dztwa, dochowa\u0142em wszelkiej staranno\u015bci i zwr\u00f3ci\u0142em si\u0119 do ka\u017cdego, kt\u00f3ry m\u00f3g\u0142 co\u015b w tej sprawie zrobi\u0107.<\/em><\/p>\n\n\n\n<p>Warto doda\u0107, \u017ce do dzia\u0142a\u0144 na rzecz przywr\u00f3cenia wojew\u00f3dztwa cz\u0119stochowskiego obliguje te\u017c prezydenta stanowisko przyj\u0119te w tej sprawie przez Rad\u0119 Miasta Cz\u0119stochowy w ko\u0144cu 2015 r., czyli na pocz\u0105tku obecnej kadencji parlamentu.<\/p>\n\n\n\n<p>Zdaniem prezydenta oraz os\u00f3b odpowiedzialnych za rozw\u00f3j miasta i pozyskiwanie pieni\u0119dzy unijnych brak statusu wojew\u00f3dzkiego ogranicza pu\u0142ap \u015brodk\u00f3w, kt\u00f3re mo\u017ce zdoby\u0107 Cz\u0119stochowa i subregion. Tylko w przypadku Regionalnych Inwestycji Terytorialnych, czyli puli funduszy europejskich, kt\u00f3rymi dysponuj\u0105 subregiony, gdyby Cz\u0119stochowa by\u0142a osobnym regionem, mia\u0142aby do dyspozycji kwot\u0119 dwukrotnie wi\u0119ksz\u0105 ni\u017c obecnie (tak\u017ce dzi\u0119ki Zintegrowanym Inwestycjom Terytorialnym). W przypadku obszaru subregionu p\u00f3\u0142nocnego wojew\u00f3dztwa \u015bl\u0105skiego by\u0142by to wi\u0119c &#8211; w obecnym okresie programowania &#8211; miliard, a nie p\u00f3\u0142 miliarda z\u0142otych.<\/p>\n\n\n\n<p>Poza tym Cz\u0119stochowa \u2013 z perspektywy wojew\u00f3dzkiej &#8211; mia\u0142aby pewno\u015b\u0107 uznania wielu swoich istotnych projekt\u00f3w za projekty kluczowe.<\/p>\n\n\n\n<p><em>&#8211; Nie mam w\u0105tpliwo\u015bci, \u017ce w takiej sytuacji mieliby\u015bmy mo\u017cliwo\u015b\u0107 realizacji np. takiej inwestycji, jak Bugajska bis&nbsp;<\/em>\u2013 ze \u015brodk\u00f3w unijnych, jakimi dysponuje region \u2013 uwa\u017ca naczelnik Wydzia\u0142u Funduszy Europejskich i Rozwoju UM Piotr Grzybowski.<\/p>\n\n\n\n<p>W li\u015bcie do Prezesa Rady Ministr\u00f3w prezydent miasta przypomina wcze\u015bniejsze deklaracje polityk\u00f3w rz\u0105dz\u0105cej partii, sk\u0142adane przez wyborami parlamentarnymi w 2015 r., wskazuje na brak rekompensat dla Cz\u0119stochowy z tytu\u0142u utraty statusu stolicy regionu oraz wnioskuje o informacj\u0119, czy w sprawie wojew\u00f3dztwa cz\u0119stochowskiego by\u0142y, s\u0105 lub b\u0119d\u0105 w najbli\u017cszym czasie podejmowane jakiekolwiek dzia\u0142ania stwarzaj\u0105ce podstawy do zmian administracyjnych.<\/p>\n\n\n\n<p>(UM Cz\u0119stochowa)<\/p>\n","protected":false},"excerpt":{"rendered":"<p>Prezydent Cz\u0119stochowy Krzysztof Matyjaszczyk przypomina obietnice dotycz\u0105ce wojew\u00f3dztwa cz\u0119stochowskiego i pisze list do premiera Mateusza Morawieckiego. Zdaniem w\u0142adz miasta, je\u017celi sprawa korekt administracyjnych nie<\/p>\n","protected":false},"author":3,"featured_media":2965,"comment_status":"open","ping_status":"open","sticky":false,"template":"","format":"standard","meta":{"_monsterinsights_skip_tracking":false,"_monsterinsights_sitenote_active":false,"_monsterinsights_sitenote_note":"","_monsterinsights_sitenote_category":0,"_uf_show_specific_survey":0,"_uf_disable_surveys":false,"footnotes":""},"categories":[3,2],"tags":[],"class_list":["post-2964","post","type-post","status-publish","format-standard","has-post-thumbnail","hentry","category-czestochowa-informacje","category-wiadomosci"],"_links":{"self":[{"href":"https:\/\/gazetaregionalna.com\/index.php?rest_route=\/wp\/v2\/posts\/2964","targetHints":{"allow":["GET"]}}],"collection":[{"href":"https:\/\/gazetaregionalna.com\/index.php?rest_route=\/wp\/v2\/posts"}],"about":[{"href":"https:\/\/gazetaregionalna.com\/index.php?rest_route=\/wp\/v2\/types\/post"}],"author":[{"embeddable":true,"href":"https:\/\/gazetaregionalna.com\/index.php?rest_route=\/wp\/v2\/users\/3"}],"replies":[{"embeddable":true,"href":"https:\/\/gazetaregionalna.com\/index.php?rest_route=%2Fwp%2Fv2%2Fcomments&post=2964"}],"version-history":[{"count":1,"href":"https:\/\/gazetaregionalna.com\/index.php?rest_route=\/wp\/v2\/posts\/2964\/revisions"}],"predecessor-version":[{"id":2966,"href":"https:\/\/gazetaregionalna.com\/index.php?rest_route=\/wp\/v2\/posts\/2964\/revisions\/2966"}],"wp:featuredmedia":[{"embeddable":true,"href":"https:\/\/gazetaregionalna.com\/index.php?rest_route=\/wp\/v2\/media\/2965"}],"wp:attachment":[{"href":"https:\/\/gazetaregionalna.com\/index.php?rest_route=%2Fwp%2Fv2%2Fmedia&parent=2964"}],"wp:term":[{"taxonomy":"category","embeddable":true,"href":"https:\/\/gazetaregionalna.com\/index.php?rest_route=%2Fwp%2Fv2%2Fcategories&post=2964"},{"taxonomy":"post_tag","embeddable":true,"href":"https:\/\/gazetaregionalna.com\/index.php?rest_route=%2Fwp%2Fv2%2Ftags&post=2964"}],"curies":[{"name":"wp","href":"https:\/\/api.w.org\/{rel}","templated":true}]}}