{"id":29613,"date":"2020-12-19T11:55:11","date_gmt":"2020-12-19T11:55:11","guid":{"rendered":"https:\/\/gazetaregionalna.com\/?p=29613"},"modified":"2020-12-19T12:01:01","modified_gmt":"2020-12-19T12:01:01","slug":"wprowadzic-sie-w-nastroj-swiat-z-filharmonia-czestochowska","status":"publish","type":"post","link":"https:\/\/gazetaregionalna.com\/?p=29613","title":{"rendered":"Wprowadzi\u0107 si\u0119 w nastr\u00f3j \u015bwi\u0105t z Filharmoni\u0105 Cz\u0119stochowsk\u0105"},"content":{"rendered":"\n<h2 class=\"wp-block-heading\">Wprowadzi\u0107 si\u0119 w nastr\u00f3j \u015bwi\u0105t z Filharmoni\u0105 Cz\u0119stochowsk\u0105. Mo\u017cna to zrobi\u0107 ogl\u0105daj\u0105c koncert kol\u0119d na kanale YouTube.<\/h2>\n\n\n\n<p> [post_gallery] <\/p>\n\n\n\n<p><br>Kto przegapi\u0142 czwartkow\u0105 premier\u0119 koncertu  &#8222;W ten \u015bwi\u0105teczny czas&#8221;, ma ca\u0142y czas szans\u0119 go zobaczy\u0107 w internecie.  Pos\u0142ucha\u0107 i obejrze\u0107 wyst\u0119p Ch\u00f3ru Filharmonii Cz\u0119stochowskiej Collegium Cantorum mo\u017cna poni\u017cej.<\/p>\n\n\n\n<figure class=\"wp-block-embed-youtube wp-block-embed is-type-video is-provider-youtube wp-embed-aspect-16-9 wp-has-aspect-ratio\"><div class=\"wp-block-embed__wrapper\">\n<div class=\"fitvids-video\"><iframe title=\"W ten \u015bwi\u0105teczny czas\" width=\"715\" height=\"402\" data-src=\"https:\/\/www.youtube.com\/embed\/OzLaLBgot9A?feature=oembed\" frameborder=\"0\" allow=\"accelerometer; autoplay; clipboard-write; encrypted-media; gyroscope; picture-in-picture; web-share\" allowfullscreen src=\"data:image\/svg+xml;base64,PHN2ZyB3aWR0aD0iMSIgaGVpZ2h0PSIxIiB4bWxucz0iaHR0cDovL3d3dy53My5vcmcvMjAwMC9zdmciPjwvc3ZnPg==\" class=\"lazyload\" data-load-mode=\"1\"><\/iframe><\/div>\n<\/div><\/figure>\n\n\n\n<p>Na tej samej stronie Filharmonii dost\u0119pny jest ju\u017c tak\u017ce pi\u0105tkowy &#8222;Koncert na drzewo, blach\u0119 i perkusj\u0119&#8221;<\/p>\n\n\n\n<figure class=\"wp-block-embed-youtube wp-block-embed is-type-video is-provider-youtube wp-embed-aspect-16-9 wp-has-aspect-ratio\"><div class=\"wp-block-embed__wrapper\">\n<div class=\"fitvids-video\"><iframe title=\"Koncert na drzewo, blach\u0119 i perkusj\u0119\" width=\"715\" height=\"402\" data-src=\"https:\/\/www.youtube.com\/embed\/bSgJ-jSlAjc?feature=oembed\" frameborder=\"0\" allow=\"accelerometer; autoplay; clipboard-write; encrypted-media; gyroscope; picture-in-picture; web-share\" allowfullscreen src=\"data:image\/svg+xml;base64,PHN2ZyB3aWR0aD0iMSIgaGVpZ2h0PSIxIiB4bWxucz0iaHR0cDovL3d3dy53My5vcmcvMjAwMC9zdmciPjwvc3ZnPg==\" class=\"lazyload\" data-load-mode=\"1\"><\/iframe><\/div>\n<\/div><\/figure>\n\n\n\n<p>(fot. Filharmonia Cz\u0119stochowska)<\/p>\n","protected":false},"excerpt":{"rendered":"<p>Wprowadzi\u0107 si\u0119 w nastr\u00f3j \u015bwi\u0105t z Filharmoni\u0105 Cz\u0119stochowsk\u0105. Mo\u017cna to zrobi\u0107 ogl\u0105daj\u0105c koncert kol\u0119d na kanale YouTube. [post_gallery] Kto przegapi\u0142 czwartkow\u0105 premier\u0119 koncertu &#8222;W<\/p>\n","protected":false},"author":7,"featured_media":29620,"comment_status":"open","ping_status":"open","sticky":false,"template":"","format":"standard","meta":{"_monsterinsights_skip_tracking":false,"_monsterinsights_sitenote_active":false,"_monsterinsights_sitenote_note":"","_monsterinsights_sitenote_category":0,"_uf_show_specific_survey":0,"_uf_disable_surveys":false,"footnotes":""},"categories":[94,3,12,2],"tags":[],"class_list":["post-29613","post","type-post","status-publish","format-standard","has-post-thumbnail","hentry","category-polecane","category-czestochowa-informacje","category-kultura-i-rozrywka","category-wiadomosci"],"_links":{"self":[{"href":"https:\/\/gazetaregionalna.com\/index.php?rest_route=\/wp\/v2\/posts\/29613","targetHints":{"allow":["GET"]}}],"collection":[{"href":"https:\/\/gazetaregionalna.com\/index.php?rest_route=\/wp\/v2\/posts"}],"about":[{"href":"https:\/\/gazetaregionalna.com\/index.php?rest_route=\/wp\/v2\/types\/post"}],"author":[{"embeddable":true,"href":"https:\/\/gazetaregionalna.com\/index.php?rest_route=\/wp\/v2\/users\/7"}],"replies":[{"embeddable":true,"href":"https:\/\/gazetaregionalna.com\/index.php?rest_route=%2Fwp%2Fv2%2Fcomments&post=29613"}],"version-history":[{"count":9,"href":"https:\/\/gazetaregionalna.com\/index.php?rest_route=\/wp\/v2\/posts\/29613\/revisions"}],"predecessor-version":[{"id":29625,"href":"https:\/\/gazetaregionalna.com\/index.php?rest_route=\/wp\/v2\/posts\/29613\/revisions\/29625"}],"wp:featuredmedia":[{"embeddable":true,"href":"https:\/\/gazetaregionalna.com\/index.php?rest_route=\/wp\/v2\/media\/29620"}],"wp:attachment":[{"href":"https:\/\/gazetaregionalna.com\/index.php?rest_route=%2Fwp%2Fv2%2Fmedia&parent=29613"}],"wp:term":[{"taxonomy":"category","embeddable":true,"href":"https:\/\/gazetaregionalna.com\/index.php?rest_route=%2Fwp%2Fv2%2Fcategories&post=29613"},{"taxonomy":"post_tag","embeddable":true,"href":"https:\/\/gazetaregionalna.com\/index.php?rest_route=%2Fwp%2Fv2%2Ftags&post=29613"}],"curies":[{"name":"wp","href":"https:\/\/api.w.org\/{rel}","templated":true}]}}