{"id":2961,"date":"2019-05-09T06:29:15","date_gmt":"2019-05-09T06:29:15","guid":{"rendered":"https:\/\/gazetaregionalna.com\/?p=2961"},"modified":"2019-05-09T06:29:16","modified_gmt":"2019-05-09T06:29:16","slug":"23-maja-xii-targi-pracy","status":"publish","type":"post","link":"https:\/\/gazetaregionalna.com\/?p=2961","title":{"rendered":"23 maja &#8211; XII TARGI PRACY"},"content":{"rendered":"\n<p><strong>23 maja, w godz. 10.00-13.00, w Cz\u0119stochowskim Parku Przemys\u0142owo-Technologicznym odb\u0119dzie si\u0119 kolejna edycja Targ\u00f3w Pracy. Na odwiedzaj\u0105cych b\u0119dzie czeka\u0107 ponad 2 tys. propozycji zatrudnienia. &nbsp;<\/strong><\/p>\n\n\n\n<p>W targach we\u017amie udzia\u0142 50 wystawc\u00f3w, oferuj\u0105cych ponad 2 tys. miejsc pracy. B\u0119dzie mo\u017cna te\u017c skorzysta\u0107 m.in. z porad z zakresu prawa pracy, ubezpiecze\u0144 spo\u0142ecznych czy zatrudniania cudzoziemc\u00f3w. Odb\u0119d\u0105 si\u0119 te\u017c warsztaty na temat rozm\u00f3w kwalifikacyjnych czy zak\u0142adania dzia\u0142alno\u015bci gospodarczej.<\/p>\n\n\n\n<div class=\"wp-block-image\"><figure class=\"aligncenter\"><img decoding=\"async\" width=\"425\" height=\"600\" data-src=\"https:\/\/gazetaregionalna.com\/wp-content\/uploads\/2019\/05\/plakat_61.jpg\" alt=\"\" class=\"wp-image-2962 lazyload\" data-srcset=\"https:\/\/gazetaregionalna.com\/wp-content\/uploads\/2019\/05\/plakat_61.jpg 425w, https:\/\/gazetaregionalna.com\/wp-content\/uploads\/2019\/05\/plakat_61-213x300.jpg 213w\" data-sizes=\"(max-width: 425px) 100vw, 425px\" src=\"data:image\/svg+xml;base64,PHN2ZyB3aWR0aD0iMSIgaGVpZ2h0PSIxIiB4bWxucz0iaHR0cDovL3d3dy53My5vcmcvMjAwMC9zdmciPjwvc3ZnPg==\" style=\"--smush-placeholder-width: 425px; --smush-placeholder-aspect-ratio: 425\/600;\" \/><\/figure><\/div>\n\n\n\n<p>Targi odb\u0119d\u0105 si\u0119 w Cz\u0119stochowskim Parku Przemys\u0142owo-Technologicznym przy ul. Wa\u0142y Dwernickiego 117\/121.<\/p>\n\n\n\n<p>Organizatorem targ\u00f3w jest Powiatowy Urz\u0105d Pracy w Cz\u0119stochowie we wsp\u00f3\u0142pracy z&nbsp;Ochotniczymi Hufcami Pracy \u2013 Centrum Edukacji i Pracy M\u0142odzie\u017cy w&nbsp;Cz\u0119stochowie, Agencj\u0105 Rozwoju Regionalnego i Zak\u0142adem Doskonalenia Zawodowego w Katowicach.<\/p>\n\n\n\n<p>Wydarzenie odbywa si\u0119 pod honorowym patronatem prezydenta Cz\u0119stochowy Krzysztofa Matyjaszczyka.<br>W za\u0142\u0105czniku znajduj si\u0119 szczeg\u00f3\u0142owy program.<\/p>\n\n\n\n<p>(PUP Cz\u0119stochowa, UM Cz\u0119stochowa)<\/p>\n","protected":false},"excerpt":{"rendered":"<p>23 maja, w godz. 10.00-13.00, w Cz\u0119stochowskim Parku Przemys\u0142owo-Technologicznym odb\u0119dzie si\u0119 kolejna edycja Targ\u00f3w Pracy. Na odwiedzaj\u0105cych b\u0119dzie czeka\u0107 ponad 2 tys. propozycji zatrudnienia.<\/p>\n","protected":false},"author":3,"featured_media":2962,"comment_status":"open","ping_status":"open","sticky":false,"template":"","format":"standard","meta":{"_monsterinsights_skip_tracking":false,"_monsterinsights_sitenote_active":false,"_monsterinsights_sitenote_note":"","_monsterinsights_sitenote_category":0,"_uf_show_specific_survey":0,"_uf_disable_surveys":false,"footnotes":""},"categories":[3,36,2],"tags":[],"class_list":["post-2961","post","type-post","status-publish","format-standard","has-post-thumbnail","hentry","category-czestochowa-informacje","category-praca","category-wiadomosci"],"_links":{"self":[{"href":"https:\/\/gazetaregionalna.com\/index.php?rest_route=\/wp\/v2\/posts\/2961","targetHints":{"allow":["GET"]}}],"collection":[{"href":"https:\/\/gazetaregionalna.com\/index.php?rest_route=\/wp\/v2\/posts"}],"about":[{"href":"https:\/\/gazetaregionalna.com\/index.php?rest_route=\/wp\/v2\/types\/post"}],"author":[{"embeddable":true,"href":"https:\/\/gazetaregionalna.com\/index.php?rest_route=\/wp\/v2\/users\/3"}],"replies":[{"embeddable":true,"href":"https:\/\/gazetaregionalna.com\/index.php?rest_route=%2Fwp%2Fv2%2Fcomments&post=2961"}],"version-history":[{"count":1,"href":"https:\/\/gazetaregionalna.com\/index.php?rest_route=\/wp\/v2\/posts\/2961\/revisions"}],"predecessor-version":[{"id":2963,"href":"https:\/\/gazetaregionalna.com\/index.php?rest_route=\/wp\/v2\/posts\/2961\/revisions\/2963"}],"wp:featuredmedia":[{"embeddable":true,"href":"https:\/\/gazetaregionalna.com\/index.php?rest_route=\/wp\/v2\/media\/2962"}],"wp:attachment":[{"href":"https:\/\/gazetaregionalna.com\/index.php?rest_route=%2Fwp%2Fv2%2Fmedia&parent=2961"}],"wp:term":[{"taxonomy":"category","embeddable":true,"href":"https:\/\/gazetaregionalna.com\/index.php?rest_route=%2Fwp%2Fv2%2Fcategories&post=2961"},{"taxonomy":"post_tag","embeddable":true,"href":"https:\/\/gazetaregionalna.com\/index.php?rest_route=%2Fwp%2Fv2%2Ftags&post=2961"}],"curies":[{"name":"wp","href":"https:\/\/api.w.org\/{rel}","templated":true}]}}