{"id":29606,"date":"2020-12-19T11:15:13","date_gmt":"2020-12-19T11:15:13","guid":{"rendered":"https:\/\/gazetaregionalna.com\/?p=29606"},"modified":"2020-12-19T11:15:16","modified_gmt":"2020-12-19T11:15:16","slug":"chcesz-miec-piekna-choinke-prosto-z-lasu-kup-ja-od-lesnika-zacheca-nadlesnictwo-lubliniec","status":"publish","type":"post","link":"https:\/\/gazetaregionalna.com\/?p=29606","title":{"rendered":"Chcesz mie\u0107 pi\u0119kn\u0105 choink\u0119 prosto z lasu? &#8211; kup j\u0105 od le\u015bnika, zach\u0119ca Nadle\u015bnictwo Lubliniec"},"content":{"rendered":"\n<h2 class=\"wp-block-heading\">Chcesz mie\u0107 pi\u0119kn\u0105 choink\u0119 prosto z lasu? &#8211; kup j\u0105 od le\u015bnika, zach\u0119ca Nadle\u015bnictwo Lubliniec. Sprzeda\u017c drzewek odbywa\u0107 si\u0119 b\u0119dzie przez trzy dni &#8211; 21, 22 i 23 grudnia.<\/h2>\n\n\n\n<p><br> Korzystaj\u0105c z oferty lublinieckich le\u015bnik\u00f3w b\u0119dziemy mieli pewno\u015b\u0107, \u017ce nasza choinka jest nie tylko \u015bwie\u017ca, ale tak\u017ce \u017ce pochodzi z legalnego \u017ar\u00f3d\u0142a.<br> Jak zapewnia nadle\u015bnictwo, przeznaczone do sprzeda\u017cy naturalne choinki pozyskiwane s\u0105 legalnie, wprost z lasu, w ramach zaplanowanych wcze\u015bniej zabieg\u00f3w piel\u0119gnacyjnych. <\/p>\n\n\n\n<figure class=\"wp-block-image size-large\"><img decoding=\"async\" width=\"716\" height=\"541\" data-src=\"https:\/\/gazetaregionalna.com\/wp-content\/uploads\/2020\/12\/choinki.jpg\" alt=\"\" class=\"wp-image-29609 lazyload\" data-srcset=\"https:\/\/gazetaregionalna.com\/wp-content\/uploads\/2020\/12\/choinki.jpg 716w, https:\/\/gazetaregionalna.com\/wp-content\/uploads\/2020\/12\/choinki-300x227.jpg 300w, https:\/\/gazetaregionalna.com\/wp-content\/uploads\/2020\/12\/choinki-80x60.jpg 80w, https:\/\/gazetaregionalna.com\/wp-content\/uploads\/2020\/12\/choinki-696x526.jpg 696w, https:\/\/gazetaregionalna.com\/wp-content\/uploads\/2020\/12\/choinki-556x420.jpg 556w\" data-sizes=\"(max-width: 716px) 100vw, 716px\" src=\"data:image\/svg+xml;base64,PHN2ZyB3aWR0aD0iMSIgaGVpZ2h0PSIxIiB4bWxucz0iaHR0cDovL3d3dy53My5vcmcvMjAwMC9zdmciPjwvc3ZnPg==\" style=\"--smush-placeholder-width: 716px; --smush-placeholder-aspect-ratio: 716\/541;\" \/><\/figure>\n\n\n\n<p><br> Sprzeda\u017c choinek prowadzona b\u0119dzie w Kancelarii le\u015bnictwa Solarnia zlokalizowanej przy siedzibie Nadle\u015bnictwa Lubliniec, ul. My\u015bliwska 1 w Lubli\u0144cu. Bo\u017conarodzeniowe drzewka b\u0119dzie tam mo\u017cna nabywa\u0107 od poniedzia\u0142ku do \u015brody, mi\u0119dzy godzin\u0105 7 a 15. W miejscu sprzeda\u017cy choinki b\u0119d\u0105 darmowo pakowane w specjaln\u0105 siatk\u0119 u\u0142atwiaj\u0105c\u0105 transport. <strong>Uwaga, p\u0142atno\u015bci b\u0119dzie mo\u017cna regulowa\u0107 wy\u0142\u0105cznie bezgot\u00f3wkowo, za pomoc\u0105 karty p\u0142atniczej.<\/strong><\/p>\n\n\n\n<p><br> Szczeg\u00f3\u0142y akcji: tel.: 34 351 33 38 wew. *334, e-mail: andrzej.gajda@katowice.lasy.gov.pl.<\/p>\n","protected":false},"excerpt":{"rendered":"<p>Chcesz mie\u0107 pi\u0119kn\u0105 choink\u0119 prosto z lasu? &#8211; kup j\u0105 od le\u015bnika, zach\u0119ca Nadle\u015bnictwo Lubliniec. Sprzeda\u017c drzewek odbywa\u0107 si\u0119 b\u0119dzie przez trzy dni &#8211;<\/p>\n","protected":false},"author":7,"featured_media":29612,"comment_status":"open","ping_status":"open","sticky":false,"template":"","format":"standard","meta":{"_monsterinsights_skip_tracking":false,"_monsterinsights_sitenote_active":false,"_monsterinsights_sitenote_note":"","_monsterinsights_sitenote_category":0,"_uf_show_specific_survey":0,"_uf_disable_surveys":false,"footnotes":""},"categories":[94,25,2],"tags":[],"class_list":["post-29606","post","type-post","status-publish","format-standard","has-post-thumbnail","hentry","category-polecane","category-lubliniec","category-wiadomosci"],"_links":{"self":[{"href":"https:\/\/gazetaregionalna.com\/index.php?rest_route=\/wp\/v2\/posts\/29606","targetHints":{"allow":["GET"]}}],"collection":[{"href":"https:\/\/gazetaregionalna.com\/index.php?rest_route=\/wp\/v2\/posts"}],"about":[{"href":"https:\/\/gazetaregionalna.com\/index.php?rest_route=\/wp\/v2\/types\/post"}],"author":[{"embeddable":true,"href":"https:\/\/gazetaregionalna.com\/index.php?rest_route=\/wp\/v2\/users\/7"}],"replies":[{"embeddable":true,"href":"https:\/\/gazetaregionalna.com\/index.php?rest_route=%2Fwp%2Fv2%2Fcomments&post=29606"}],"version-history":[{"count":4,"href":"https:\/\/gazetaregionalna.com\/index.php?rest_route=\/wp\/v2\/posts\/29606\/revisions"}],"predecessor-version":[{"id":29611,"href":"https:\/\/gazetaregionalna.com\/index.php?rest_route=\/wp\/v2\/posts\/29606\/revisions\/29611"}],"wp:featuredmedia":[{"embeddable":true,"href":"https:\/\/gazetaregionalna.com\/index.php?rest_route=\/wp\/v2\/media\/29612"}],"wp:attachment":[{"href":"https:\/\/gazetaregionalna.com\/index.php?rest_route=%2Fwp%2Fv2%2Fmedia&parent=29606"}],"wp:term":[{"taxonomy":"category","embeddable":true,"href":"https:\/\/gazetaregionalna.com\/index.php?rest_route=%2Fwp%2Fv2%2Fcategories&post=29606"},{"taxonomy":"post_tag","embeddable":true,"href":"https:\/\/gazetaregionalna.com\/index.php?rest_route=%2Fwp%2Fv2%2Ftags&post=29606"}],"curies":[{"name":"wp","href":"https:\/\/api.w.org\/{rel}","templated":true}]}}