{"id":29600,"date":"2020-12-19T10:11:30","date_gmt":"2020-12-19T10:11:30","guid":{"rendered":"https:\/\/gazetaregionalna.com\/?p=29600"},"modified":"2020-12-19T10:11:32","modified_gmt":"2020-12-19T10:11:32","slug":"w-kaletach-policja-zatrzymala-pijanego-kierowce-ktory-uszkodzil-dwa-samochody-znak-drogowy-oraz-elewacje-budynku-w-schwytaniu-pirata-drogowego-pomogl-przypadkowy-swiadek","status":"publish","type":"post","link":"https:\/\/gazetaregionalna.com\/?p=29600","title":{"rendered":"W Kaletach policja zatrzyma\u0142a pijanego kierowc\u0119, kt\u00f3ry uszkodzi\u0142 dwa samochody, znak drogowy oraz elewacj\u0119 budynku. W schwytaniu pirata drogowego pom\u00f3g\u0142 przypadkowy \u015bwiadek"},"content":{"rendered":"\n<h2 class=\"wp-block-heading\"> W Kaletach policja zatrzyma\u0142a pijanego kierowc\u0119, kt\u00f3ry uszkodzi\u0142 dwa samochody, znaki drogowe oraz elewacj\u0119 budynku. W schwytaniu pirata drogowego pom\u00f3g\u0142 przypadkowy \u015bwiadek.  Zatrzymany to 36-letni mieszkanie powiatu tarnog\u00f3rskiego. <\/h2>\n\n\n\n<p><br> 36-latek zje\u017cd\u017caj\u0105c Saabem z ronda w Piasku na ulicy Bytomskiej najpierw uszkodzi\u0142 dwa zaparkowane na poboczu auta, a  nast\u0119pnie uderzy\u0142 w elewacj\u0119 znajduj\u0105cego si\u0119 przy drodze budynku, przy okazji niszcz\u0105c znak drogowy. Nie zwa\u017caj\u0105c na to, pojecha\u0142 dalej w kierunku So\u015bnicy. Za  piratem drogowym ruszy\u0142 w po\u015bcig kierowca jednego z uszkodzonych samochod\u00f3w. M\u0119\u017cczyzna zawiadomi\u0142 o ca\u0142ej sytuacji policj\u0119, informuj\u0105c, \u017ce prawdopodobnie za kierownic\u0105 Saaba siedzi pijany kierowca. <\/p>\n\n\n\n<p><br> Na tras\u0119 przejazdu Saaba skierowano policjant\u00f3w  z Komisariatu Policji w Wo\u017anikach i Kaletach. Podejrzany samoch\u00f3d zosta\u0142 zatrzymany na terenie Kalet. Wykonane przez policjant\u00f3w badanie alkomatem wykaza\u0142o w organizmie kieruj\u0105cego prawie 1,7 promila alkoholu. Ponadto, jak si\u0119 okaza\u0142o, auto kt\u00f3rym si\u0119 porusza\u0142 m\u0119\u017cczyzna nie mia\u0142o wa\u017cnego ubezpieczenia OC.<\/p>\n\n\n\n<p><br> 36-letni m\u0119\u017cczyzna zosta\u0142 zatrzymany i noc sp\u0119dzi\u0142 w policyjnym areszcie. M\u0119\u017cczyzna straci\u0142 prawo jazdy, a tak\u017ce us\u0142ysza\u0142 zarzuty m.in kierowania pojazdem w stanie nietrze\u017awo\u015bci, za kt\u00f3ry gro\u017c\u0105 mu nawet 2 lata pozbawienia wolno\u015bci, wysoka grzywna i zakaz prowadzenia pojazd\u00f3w. <\/p>\n\n\n\n<p><br> Jak informuje Komenda Powiatowa Policji w Lubli\u0144cu, to nie koniec konsekwencji, jakie czekaj\u0105 pijanego pirata drogowego. Poniewa\u017c m\u0119\u017cczyzna by\u0142 nietrze\u017awy, a jego auto nie mia\u0142o polisy OC, Ubezpieczeniowy Fundusz Gwarancyjny, kt\u00f3ry zajmie si\u0119 wyp\u0142at\u0105 odszkodowa\u0144 za uszkodzone samochody, mo\u017ce za\u017c\u0105da\u0107 od nieodpowiedzialnego 36-latka zwrotu ca\u0142o\u015bci wyp\u0142aconych odszkodowa\u0144.<\/p>\n","protected":false},"excerpt":{"rendered":"<p>W Kaletach policja zatrzyma\u0142a pijanego kierowc\u0119, kt\u00f3ry uszkodzi\u0142 dwa samochody, znaki drogowe oraz elewacj\u0119 budynku. W schwytaniu pirata drogowego pom\u00f3g\u0142 przypadkowy \u015bwiadek. Zatrzymany to<\/p>\n","protected":false},"author":7,"featured_media":29603,"comment_status":"open","ping_status":"open","sticky":false,"template":"","format":"standard","meta":{"_monsterinsights_skip_tracking":false,"_monsterinsights_sitenote_active":false,"_monsterinsights_sitenote_note":"","_monsterinsights_sitenote_category":0,"_uf_show_specific_survey":0,"_uf_disable_surveys":false,"footnotes":""},"categories":[94,25,2],"tags":[],"class_list":["post-29600","post","type-post","status-publish","format-standard","has-post-thumbnail","hentry","category-polecane","category-lubliniec","category-wiadomosci"],"_links":{"self":[{"href":"https:\/\/gazetaregionalna.com\/index.php?rest_route=\/wp\/v2\/posts\/29600","targetHints":{"allow":["GET"]}}],"collection":[{"href":"https:\/\/gazetaregionalna.com\/index.php?rest_route=\/wp\/v2\/posts"}],"about":[{"href":"https:\/\/gazetaregionalna.com\/index.php?rest_route=\/wp\/v2\/types\/post"}],"author":[{"embeddable":true,"href":"https:\/\/gazetaregionalna.com\/index.php?rest_route=\/wp\/v2\/users\/7"}],"replies":[{"embeddable":true,"href":"https:\/\/gazetaregionalna.com\/index.php?rest_route=%2Fwp%2Fv2%2Fcomments&post=29600"}],"version-history":[{"count":2,"href":"https:\/\/gazetaregionalna.com\/index.php?rest_route=\/wp\/v2\/posts\/29600\/revisions"}],"predecessor-version":[{"id":29602,"href":"https:\/\/gazetaregionalna.com\/index.php?rest_route=\/wp\/v2\/posts\/29600\/revisions\/29602"}],"wp:featuredmedia":[{"embeddable":true,"href":"https:\/\/gazetaregionalna.com\/index.php?rest_route=\/wp\/v2\/media\/29603"}],"wp:attachment":[{"href":"https:\/\/gazetaregionalna.com\/index.php?rest_route=%2Fwp%2Fv2%2Fmedia&parent=29600"}],"wp:term":[{"taxonomy":"category","embeddable":true,"href":"https:\/\/gazetaregionalna.com\/index.php?rest_route=%2Fwp%2Fv2%2Fcategories&post=29600"},{"taxonomy":"post_tag","embeddable":true,"href":"https:\/\/gazetaregionalna.com\/index.php?rest_route=%2Fwp%2Fv2%2Ftags&post=29600"}],"curies":[{"name":"wp","href":"https:\/\/api.w.org\/{rel}","templated":true}]}}