{"id":29590,"date":"2020-12-19T09:46:52","date_gmt":"2020-12-19T09:46:52","guid":{"rendered":"https:\/\/gazetaregionalna.com\/?p=29590"},"modified":"2020-12-19T09:46:54","modified_gmt":"2020-12-19T09:46:54","slug":"poswiateczna-zbiorka","status":"publish","type":"post","link":"https:\/\/gazetaregionalna.com\/?p=29590","title":{"rendered":"Po\u015bwi\u0105teczna zbi\u00f3rka. Planujesz kupi\u0107 choink\u0119 doniczkow\u0105? Na wiosn\u0119 mo\u017ce ju\u017c rosn\u0105\u0107 na terenie Cz\u0119stochowy"},"content":{"rendered":"\n<h2 class=\"wp-block-heading\">&#8222;Po\u015bwi\u0105teczna zbi\u00f3rka choinek doniczkowych&#8221; to pomys\u0142 Fundacji Rething Cz\u0119stochowa oraz Cz\u0119stochowskiego Alarmu Smogowego. &#8211;  Daj swojej choince drugie \u017cycie po \u015bwi\u0119tach! &#8211; namawiaj\u0105 oni tych, kt\u00f3rzy planuj\u0105 kupi\u0107 na tegoroczne \u015bwi\u0119ta drzewko w doniczce. <\/h2>\n\n\n\n<p> &#8222;Po\u015bwi\u0105teczna zbi\u00f3rka choinek doniczkowych&#8221; odb\u0119dzie si\u0119 w Cz\u0119stochowie w dniach 28 grudnia &#8211; 9 stycznia 2021 r.  W sklepie Lepszy Klimat (ul. Szymanowskiego 1) przyjmowane b\u0119d\u0105 doniczkowe drzewka choinkowe. Jednak wy\u0142\u0105cznie te, kt\u00f3re przebywa\u0142y w ogrzewanych pomieszczeniach nie d\u0142u\u017cej ni\u017c trzy tygodnie, z dala od \u017ar\u00f3d\u0142a ciep\u0142a i by\u0142y regularnie podlewane). <\/p>\n\n\n\n<p>Sklep Lepszy Klimat to <a href=\"https:\/\/www.facebook.com\/lepszyklimat\/\" class=\"rank-math-link\" target=\"_blank\" rel=\"noopener\">Charytatywny Sklep Fundacji Rething<\/a>, kt\u00f3ra to razem z <a href=\"https:\/\/www.facebook.com\/CzASPCz\/\" class=\"rank-math-link\" target=\"_blank\" rel=\"noopener\">Cz\u0119stochowskim Alarmem Smogowym<\/a> odpowiada za akcj\u0119. <\/p>\n\n\n\n<p>&#8211; W  okresie wiosennym b\u0119dziemy je sadzi\u0107 na terenie miasta. Wp\u0142y\u0144 na lepszy klimat Cz\u0119stochowy i nie wyrzucaj swojego iglaka. Ju\u017c dzi\u015b zapraszamy na wsp\u00f3lne, wiosenne sadzenie choinek! &#8211; zach\u0119caj\u0105 inicjatorzy zbi\u00f3rki<a href=\"https:\/\/www.facebook.com\/events\/1994440384037487\" class=\"rank-math-link\" target=\"_blank\" rel=\"noopener\"> na Facebooku<\/a>.<\/p>\n\n\n\n<p>Organizatorzy zastrzegaj\u0105 sobie prawo do odm\u00f3wienia przyj\u0119cia choinek, kt\u00f3rych stan uniemo\u017cliwi\u0142by ich przechowanie do wiosny do czasu sadzenia, np. wysuszonych, z uszkodzon\u0105 bry\u0142\u0105 korzeniow\u0105 lub takich, kt\u00f3re wypu\u015bci\u0142y wiosenne p\u0119dy. <\/p>\n\n\n\n<p>&#8211; Daj swojej choince drugie \u017cycie po \u015bwi\u0119tach! &#8211; apeluj\u0105 organizatorzy.<\/p>\n\n\n\n<p>Wi\u0119cej o Fundacji Rething Cz\u0119stochowa mo\u017cna przeczyta\u0107 na stronie <a href=\"https:\/\/www.facebook.com\/rethingczestochowa\" class=\"rank-math-link\" target=\"_blank\" rel=\"noopener\">www.facebook.com\/rethingczestochowa<\/a><\/p>\n\n\n\n<p><strong>Redakcja<\/strong><\/p>\n","protected":false},"excerpt":{"rendered":"<p>&#8222;Po\u015bwi\u0105teczna zbi\u00f3rka choinek doniczkowych&#8221; to pomys\u0142 Fundacji Rething Cz\u0119stochowa oraz Cz\u0119stochowskiego Alarmu Smogowego. &#8211; Daj swojej choince drugie \u017cycie po \u015bwi\u0119tach! &#8211; namawiaj\u0105 oni<\/p>\n","protected":false},"author":11,"featured_media":29594,"comment_status":"open","ping_status":"open","sticky":false,"template":"","format":"standard","meta":{"_monsterinsights_skip_tracking":false,"_monsterinsights_sitenote_active":false,"_monsterinsights_sitenote_note":"","_monsterinsights_sitenote_category":0,"_uf_show_specific_survey":0,"_uf_disable_surveys":false,"footnotes":""},"categories":[94,3,2],"tags":[1231,109,1233,1232],"class_list":["post-29590","post","type-post","status-publish","format-standard","has-post-thumbnail","hentry","category-polecane","category-czestochowa-informacje","category-wiadomosci","tag-choinki-doniczkowe","tag-ekologia","tag-fundacja-rething","tag-poswiateczna-zbiorka"],"_links":{"self":[{"href":"https:\/\/gazetaregionalna.com\/index.php?rest_route=\/wp\/v2\/posts\/29590","targetHints":{"allow":["GET"]}}],"collection":[{"href":"https:\/\/gazetaregionalna.com\/index.php?rest_route=\/wp\/v2\/posts"}],"about":[{"href":"https:\/\/gazetaregionalna.com\/index.php?rest_route=\/wp\/v2\/types\/post"}],"author":[{"embeddable":true,"href":"https:\/\/gazetaregionalna.com\/index.php?rest_route=\/wp\/v2\/users\/11"}],"replies":[{"embeddable":true,"href":"https:\/\/gazetaregionalna.com\/index.php?rest_route=%2Fwp%2Fv2%2Fcomments&post=29590"}],"version-history":[{"count":7,"href":"https:\/\/gazetaregionalna.com\/index.php?rest_route=\/wp\/v2\/posts\/29590\/revisions"}],"predecessor-version":[{"id":29599,"href":"https:\/\/gazetaregionalna.com\/index.php?rest_route=\/wp\/v2\/posts\/29590\/revisions\/29599"}],"wp:featuredmedia":[{"embeddable":true,"href":"https:\/\/gazetaregionalna.com\/index.php?rest_route=\/wp\/v2\/media\/29594"}],"wp:attachment":[{"href":"https:\/\/gazetaregionalna.com\/index.php?rest_route=%2Fwp%2Fv2%2Fmedia&parent=29590"}],"wp:term":[{"taxonomy":"category","embeddable":true,"href":"https:\/\/gazetaregionalna.com\/index.php?rest_route=%2Fwp%2Fv2%2Fcategories&post=29590"},{"taxonomy":"post_tag","embeddable":true,"href":"https:\/\/gazetaregionalna.com\/index.php?rest_route=%2Fwp%2Fv2%2Ftags&post=29590"}],"curies":[{"name":"wp","href":"https:\/\/api.w.org\/{rel}","templated":true}]}}