{"id":29577,"date":"2020-12-19T09:26:06","date_gmt":"2020-12-19T09:26:06","guid":{"rendered":"https:\/\/gazetaregionalna.com\/?p=29577"},"modified":"2020-12-19T09:30:58","modified_gmt":"2020-12-19T09:30:58","slug":"czestochowa-bedzie-miala-swoj-hejnal-napisal-go-mateusz-pospieszalski-radni-zdecydowali-takze-o-ustanowieniu-honorowego-medalu-za-zaslugi-dla-miasta-czestochowy","status":"publish","type":"post","link":"https:\/\/gazetaregionalna.com\/?p=29577","title":{"rendered":"Cz\u0119stochowa b\u0119dzie mia\u0142a sw\u00f3j hejna\u0142, napisa\u0142 go Mateusz Pospieszalski. Radni zdecydowali tak\u017ce o ustanowieniu ,,Honorowego Medalu za zas\u0142ugi dla Miasta Cz\u0119stochowy\u201d"},"content":{"rendered":"\n<h2 class=\"wp-block-heading\">Cz\u0119stochowa b\u0119dzie mia\u0142a sw\u00f3j hejna\u0142, napisa\u0142 go Mateusz Pospieszalski. Radni zdecydowali tak\u017ce o ustanowieniu ,,Honorowego Medalu za zas\u0142ugi dla Miasta Cz\u0119stochowy\u201d Decyzje w obu sprawach podj\u0119te zosta\u0142y na ostatniej sesji Rady Miasta. <\/h2>\n\n\n\n<p><br> W tym roku Cz\u0119stochowa \u015bwi\u0119tuje swoje 800-lecie. Hejna\u0142 i medale dla os\u00f3b zas\u0142u\u017conych dla miasta, to ostatnie akcenty tego jubileuszu, a tak\u017ce przypadaj\u0105cej r\u00f3wnie\u017c na ten rok 30. rocznicy ustanowienia samorz\u0105du lokalnego.<\/p>\n\n\n\n<figure class=\"wp-block-image size-large\"><img decoding=\"async\" width=\"633\" height=\"600\" data-src=\"https:\/\/gazetaregionalna.com\/wp-content\/uploads\/2020\/12\/hejnal1.jpg\" alt=\"\" class=\"wp-image-29582 lazyload\" data-srcset=\"https:\/\/gazetaregionalna.com\/wp-content\/uploads\/2020\/12\/hejnal1.jpg 633w, https:\/\/gazetaregionalna.com\/wp-content\/uploads\/2020\/12\/hejnal1-300x284.jpg 300w, https:\/\/gazetaregionalna.com\/wp-content\/uploads\/2020\/12\/hejnal1-443x420.jpg 443w\" data-sizes=\"(max-width: 633px) 100vw, 633px\" src=\"data:image\/svg+xml;base64,PHN2ZyB3aWR0aD0iMSIgaGVpZ2h0PSIxIiB4bWxucz0iaHR0cDovL3d3dy53My5vcmcvMjAwMC9zdmciPjwvc3ZnPg==\" style=\"--smush-placeholder-width: 633px; --smush-placeholder-aspect-ratio: 633\/600;\" \/><figcaption><em> Pami\u0105tkowy zapis nutowy hejna\u0142u <\/em><\/figcaption><\/figure>\n\n\n\n<p><br>To nie pierwsza pr\u00f3ba ustalenia muzycznej wizyt\u00f3wki miasta. Pierwszy hejna\u0142 dla Cz\u0119stochowy zosta\u0142 skomponowany w latach pi\u0119\u0107dziesi\u0105tych poprzedniego wieku przez Zygfryda Ja\u0142owieckiego. S\u0142uchaczom zosta\u0142 publicznie zaprezentowany w 1966 roku w trakcie obchod\u00f3w 1000-lecia pa\u0144stwa polskiego. Autorem kolejnego hejna\u0142u by\u0142 Stanis\u0142aw Antoni Sypek. Ciekawostk\u0105 jest, \u017ce Ja\u0142owiecki sw\u00f3j utw\u00f3r skomponowa\u0142 nie na jedn\u0105, jak to jest zwykle w przypadku hejna\u0142\u00f3w, a na trzy tr\u0105bki.<br> Kompozycja Mateusza Pospieszalskiego jest pod tym wzgl\u0119dem tradycyjnym hejna\u0142em wykonywanym przez jedn\u0105 tr\u0105bk\u0119.<\/p>\n\n\n\n<p><br> Rada Miasta przyj\u0119\u0142a zaproponowany  przez prezydenta Krzysztofa Matyjaszczyka na hejna\u0142 miasta utw\u00f3r Pospieszalskiego na ostatnim spotkaniu. Teraz kompozycja, zanim stanie si\u0119 oficjaln\u0105 muzyczn\u0105 wizyt\u00f3wk\u0105 Cz\u0119stochowy, b\u0119dzie musia\u0142a uzyska\u0107 pozytywn\u0105 opini\u0119 Komisji Heraldycznej dzia\u0142aj\u0105cej przy Ministrze Spraw Wewn\u0119trznych i Administracji.<\/p>\n\n\n\n<p> Podobn\u0105 procedur\u0119 b\u0119dzie musia\u0142 przej\u015b\u0107 wz\u00f3r uchwalonego przez rajc\u00f3w miejskich &#8222;Honorowego Medalu za zas\u0142ugi dla Miasta Cz\u0119stochowy&#8221;.<\/p>\n\n\n\n<p> Radni zadecydowali, \u017ce medalem \u201ePraemiando Incitat\u201d \u2013 co z \u0142aciny mo\u017cna przet\u0142umaczy\u0107 jako ,,nagradzaj\u0105c \u2013 zach\u0119ca\u201d \u2013  b\u0119d\u0105 mog\u0142y by\u0107 wyr\u00f3\u017cniane osoby fizyczne, prawne oraz jednostki organizacyjne nieposiadaj\u0105ce osobowo\u015bci prawnej, kt\u00f3re poprzez swoj\u0105 dzia\u0142alno\u015b\u0107 zawodow\u0105, spo\u0142eczn\u0105 i publiczn\u0105 \u2013 wzgl\u0119dnie realizacj\u0119 swoich zada\u0144 na rzecz miasta \u2013 przyczyni\u0142y si\u0119 w spos\u00f3b szczeg\u00f3lny do jego rozwoju i promocji.<\/p>\n\n\n\n<p>&#8211;<em>Odznaczenie b\u0119dzie I lub II stopnia: Z\u0142oty lub Srebrny<\/em> &#8211; podaje Biuro Prasowe Urz\u0119du Miasta Cz\u0119stochowy. &#8211; <em>Medal I stopnia prezydent Cz\u0119stochowy nada po zasi\u0119gni\u0119ciu opinii Konwentu Odznaczenia. Z kolei Medal II stopnia b\u0119dzie m\u00f3g\u0142 zosta\u0107 nadany z w\u0142asnej inicjatywy prezydenta.<\/em><\/p>\n\n\n\n<p> Order b\u0119dzie si\u0119 sk\u0142ada\u0107 z dziesi\u0119cioramiennej asymetrycznej gwiazdy, z na\u0142o\u017con\u0105 na ni\u0105 okr\u0105g\u0142\u0105 tarcz\u0105 z herbem miasta i napisem ,,Praemiando Incitat Cz\u0119stochowa\u201d na otoku. Do ca\u0142o\u015bci do\u0142\u0105czona b\u0119dzie materia\u0142owa baretka.  <\/p>\n\n\n\n<p>Oto jak brzmi najnowszy hejna\u0142 Cz\u0119stochowy:<\/p>\n\n\n\n<figure class=\"wp-block-audio\"><audio controls src=\"https:\/\/gazetaregionalna.com\/wp-content\/uploads\/2020\/12\/hejnal_czestochowy_mateusz_pospieszals.mp3\"><\/audio><\/figure>\n","protected":false},"excerpt":{"rendered":"<p>Cz\u0119stochowa b\u0119dzie mia\u0142a sw\u00f3j hejna\u0142, napisa\u0142 go Mateusz Pospieszalski. Radni zdecydowali tak\u017ce o ustanowieniu ,,Honorowego Medalu za zas\u0142ugi dla Miasta Cz\u0119stochowy\u201d Decyzje w obu<\/p>\n","protected":false},"author":7,"featured_media":29584,"comment_status":"open","ping_status":"open","sticky":false,"template":"","format":"standard","meta":{"_monsterinsights_skip_tracking":false,"_monsterinsights_sitenote_active":false,"_monsterinsights_sitenote_note":"","_monsterinsights_sitenote_category":0,"_uf_show_specific_survey":0,"_uf_disable_surveys":false,"footnotes":""},"categories":[94,3,2],"tags":[],"class_list":["post-29577","post","type-post","status-publish","format-standard","has-post-thumbnail","hentry","category-polecane","category-czestochowa-informacje","category-wiadomosci"],"_links":{"self":[{"href":"https:\/\/gazetaregionalna.com\/index.php?rest_route=\/wp\/v2\/posts\/29577","targetHints":{"allow":["GET"]}}],"collection":[{"href":"https:\/\/gazetaregionalna.com\/index.php?rest_route=\/wp\/v2\/posts"}],"about":[{"href":"https:\/\/gazetaregionalna.com\/index.php?rest_route=\/wp\/v2\/types\/post"}],"author":[{"embeddable":true,"href":"https:\/\/gazetaregionalna.com\/index.php?rest_route=\/wp\/v2\/users\/7"}],"replies":[{"embeddable":true,"href":"https:\/\/gazetaregionalna.com\/index.php?rest_route=%2Fwp%2Fv2%2Fcomments&post=29577"}],"version-history":[{"count":10,"href":"https:\/\/gazetaregionalna.com\/index.php?rest_route=\/wp\/v2\/posts\/29577\/revisions"}],"predecessor-version":[{"id":29592,"href":"https:\/\/gazetaregionalna.com\/index.php?rest_route=\/wp\/v2\/posts\/29577\/revisions\/29592"}],"wp:featuredmedia":[{"embeddable":true,"href":"https:\/\/gazetaregionalna.com\/index.php?rest_route=\/wp\/v2\/media\/29584"}],"wp:attachment":[{"href":"https:\/\/gazetaregionalna.com\/index.php?rest_route=%2Fwp%2Fv2%2Fmedia&parent=29577"}],"wp:term":[{"taxonomy":"category","embeddable":true,"href":"https:\/\/gazetaregionalna.com\/index.php?rest_route=%2Fwp%2Fv2%2Fcategories&post=29577"},{"taxonomy":"post_tag","embeddable":true,"href":"https:\/\/gazetaregionalna.com\/index.php?rest_route=%2Fwp%2Fv2%2Ftags&post=29577"}],"curies":[{"name":"wp","href":"https:\/\/api.w.org\/{rel}","templated":true}]}}