{"id":29571,"date":"2020-12-18T14:54:47","date_gmt":"2020-12-18T14:54:47","guid":{"rendered":"https:\/\/gazetaregionalna.com\/?p=29571"},"modified":"2020-12-18T14:54:49","modified_gmt":"2020-12-18T14:54:49","slug":"rakow-32","status":"publish","type":"post","link":"https:\/\/gazetaregionalna.com\/?p=29571","title":{"rendered":"Rak\u00f3w chce atakowa\u0107 Legi\u0119, ale musi si\u0119 broni\u0107 przed Pogoni\u0105"},"content":{"rendered":"\n<p>W najbli\u017cszy weekend odb\u0119dzie si\u0119\nostatnia kolejka PKO BP Ekstraklasy w 2020 roku. Rak\u00f3w Cz\u0119stochowa\nzagra w Gliwicach z rozp\u0119dzonym Piastem. Cz\u0119stochowianie chc\u0105\natakowa\u0107 pozycj\u0119 lidera, ale te\u017c musz\u0105 broni\u0107 si\u0119 przed\nszturmem Pogoni Szczecin. \n<\/p>\n\n\n\n<p>Rak\u00f3w na ostatni mecz 2020 roku jedzie\ndo Gliwic, gdzie zmierzy si\u0119 z Piastem. Gliwiczanie po s\u0142abym\npocz\u0105tku sezonu ostatnio z\u0142apali wiatr w \u017cagle i nie przegrali od\n6 spotka\u0144. Piast odebra\u0142 punkty dru\u017cynom ze \u015bcis\u0142ej czo\u0142\u00f3wki.\nWygra\u0142 m.in. z G\u00f3rnikiem Zabrze oraz zremisowa\u0142 m.in. z Legi\u0105\nWarszawa i Zag\u0142\u0119biem Lubin. \n<\/p>\n\n\n\n<p>Cz\u0119stochowscy pi\u0142karze musz\u0105 uwa\u017ca\u0107\nna gliwiczan, ale znaj\u0105c swoj\u0105 warto\u015b\u0107 powinni powalczy\u0107 o\nzwyci\u0119stwo i udane zako\u0144czenie 2020 roku. Rak\u00f3w ma 2 punkty straty\ndo prowadz\u0105cej Legii Warszawa oraz 2 punkty przewagi nad trzeci\u0105\nju\u017c w tabeli Ekstraklasy Pogoni\u0105 Szczecin. Szczecinianie w minion\u0105\n\u015brod\u0119 rozbili w Poznaniu Lecha a\u017c 4:0 i tym samym awansowali na 3.\nmiejsce. \n<\/p>\n\n\n\n<p>|Rak\u00f3w po niedzielnej wygranej z\nJagielloni\u0105 Bia\u0142ystok b\u0119dzie chcia\u0142 przerwa\u0107 seri\u0119 Piasta i\nwygra\u0107 w Gliwicach. \n<\/p>\n\n\n\n<p>&#8211; Przygotowujemy si\u0119 do ostatniego meczu tego roku, bardzo udanego dla nas \u2013 m\u00f3wi przed spotkaniem w Gliwicach trener Rakowa <strong>Marek Papszun<\/strong>. &#8211; I b\u0119dziemy chcieli ten rok r\u00f3wnie\u017c zamkn\u0105\u0107 zwyci\u0119stwem.  <\/p>\n\n\n\n<figure class=\"wp-block-image size-large\"><img decoding=\"async\" width=\"1024\" height=\"683\" data-src=\"https:\/\/gazetaregionalna.com\/wp-content\/uploads\/2020\/12\/Rakow-Jaga-20-1024x683.jpg\" alt=\"\" class=\"wp-image-29004 lazyload\" data-srcset=\"https:\/\/gazetaregionalna.com\/wp-content\/uploads\/2020\/12\/Rakow-Jaga-20-1024x683.jpg 1024w, https:\/\/gazetaregionalna.com\/wp-content\/uploads\/2020\/12\/Rakow-Jaga-20-300x200.jpg 300w, https:\/\/gazetaregionalna.com\/wp-content\/uploads\/2020\/12\/Rakow-Jaga-20-768x512.jpg 768w, https:\/\/gazetaregionalna.com\/wp-content\/uploads\/2020\/12\/Rakow-Jaga-20-1536x1024.jpg 1536w, https:\/\/gazetaregionalna.com\/wp-content\/uploads\/2020\/12\/Rakow-Jaga-20-696x464.jpg 696w, https:\/\/gazetaregionalna.com\/wp-content\/uploads\/2020\/12\/Rakow-Jaga-20-1068x712.jpg 1068w, https:\/\/gazetaregionalna.com\/wp-content\/uploads\/2020\/12\/Rakow-Jaga-20-630x420.jpg 630w, https:\/\/gazetaregionalna.com\/wp-content\/uploads\/2020\/12\/Rakow-Jaga-20.jpg 1200w\" data-sizes=\"(max-width: 1024px) 100vw, 1024px\" src=\"data:image\/svg+xml;base64,PHN2ZyB3aWR0aD0iMSIgaGVpZ2h0PSIxIiB4bWxucz0iaHR0cDovL3d3dy53My5vcmcvMjAwMC9zdmciPjwvc3ZnPg==\" style=\"--smush-placeholder-width: 1024px; --smush-placeholder-aspect-ratio: 1024\/683;\" \/><\/figure>\n\n\n\n<p>Foto: Gazeta Regionalna<\/p>\n\n\n\n<p><\/p>\n","protected":false},"excerpt":{"rendered":"<p>W najbli\u017cszy weekend odb\u0119dzie si\u0119 ostatnia kolejka PKO BP Ekstraklasy w 2020 roku. Rak\u00f3w Cz\u0119stochowa zagra w Gliwicach z rozp\u0119dzonym Piastem. Cz\u0119stochowianie chc\u0105 atakowa\u0107<\/p>\n","protected":false},"author":15,"featured_media":28998,"comment_status":"open","ping_status":"open","sticky":false,"template":"","format":"standard","meta":{"_monsterinsights_skip_tracking":false,"_monsterinsights_sitenote_active":false,"_monsterinsights_sitenote_note":"","_monsterinsights_sitenote_category":0,"_uf_show_specific_survey":0,"_uf_disable_surveys":false,"footnotes":""},"categories":[5,6],"tags":[],"class_list":["post-29571","post","type-post","status-publish","format-standard","has-post-thumbnail","hentry","category-sport","category-pilka-nozna"],"_links":{"self":[{"href":"https:\/\/gazetaregionalna.com\/index.php?rest_route=\/wp\/v2\/posts\/29571","targetHints":{"allow":["GET"]}}],"collection":[{"href":"https:\/\/gazetaregionalna.com\/index.php?rest_route=\/wp\/v2\/posts"}],"about":[{"href":"https:\/\/gazetaregionalna.com\/index.php?rest_route=\/wp\/v2\/types\/post"}],"author":[{"embeddable":true,"href":"https:\/\/gazetaregionalna.com\/index.php?rest_route=\/wp\/v2\/users\/15"}],"replies":[{"embeddable":true,"href":"https:\/\/gazetaregionalna.com\/index.php?rest_route=%2Fwp%2Fv2%2Fcomments&post=29571"}],"version-history":[{"count":1,"href":"https:\/\/gazetaregionalna.com\/index.php?rest_route=\/wp\/v2\/posts\/29571\/revisions"}],"predecessor-version":[{"id":29572,"href":"https:\/\/gazetaregionalna.com\/index.php?rest_route=\/wp\/v2\/posts\/29571\/revisions\/29572"}],"wp:featuredmedia":[{"embeddable":true,"href":"https:\/\/gazetaregionalna.com\/index.php?rest_route=\/wp\/v2\/media\/28998"}],"wp:attachment":[{"href":"https:\/\/gazetaregionalna.com\/index.php?rest_route=%2Fwp%2Fv2%2Fmedia&parent=29571"}],"wp:term":[{"taxonomy":"category","embeddable":true,"href":"https:\/\/gazetaregionalna.com\/index.php?rest_route=%2Fwp%2Fv2%2Fcategories&post=29571"},{"taxonomy":"post_tag","embeddable":true,"href":"https:\/\/gazetaregionalna.com\/index.php?rest_route=%2Fwp%2Fv2%2Ftags&post=29571"}],"curies":[{"name":"wp","href":"https:\/\/api.w.org\/{rel}","templated":true}]}}