{"id":29567,"date":"2020-12-18T12:25:39","date_gmt":"2020-12-18T12:25:39","guid":{"rendered":"https:\/\/gazetaregionalna.com\/?p=29567"},"modified":"2020-12-18T12:25:41","modified_gmt":"2020-12-18T12:25:41","slug":"aleksandry","status":"publish","type":"post","link":"https:\/\/gazetaregionalna.com\/?p=29567","title":{"rendered":"Pierwsze miejsce Aleksandry Piszcza\u0142y w konkursie \u015al\u0105skiego ZOO"},"content":{"rendered":"\n<p>Ma\u0142a Ala z Cz\u0119stochowy zdoby\u0142a pierwsze miejsce w konkursie plastycznym organizowanym przez \u015al\u0105skie ZOO w Chorzowie. Jej praca znajdzie si\u0119 w\u015br\u00f3d \u015bwi\u0105tecznych dekoracji, kt\u00f3re b\u0119dzie mo\u017cna ogl\u0105da\u0107 w ZOO.<strong> <\/strong><\/p>\n\n\n\n<p>W ramach kampanii edukacyjnej \u201e<strong>Which Fish? \u2013 Jaka ryba?\u201d<\/strong> Chorzowskie ZOO zorganizowa\u0142o konkurs plastyczny na ozdob\u0119 choinkow\u0105. Prace mo\u017cna by\u0142o zg\u0142asza\u0107 w dw\u00f3ch kategoriach wiekowych:<\/p>\n\n\n\n<ul class=\"wp-block-list\"><li>Dzieci od 4 do 7\nlat;<\/li><li>Dzieci od 7 do 10\nlat.<\/li><\/ul>\n\n\n\n<p>Najwi\u0119ksze uznanie juror\u00f3w w wojew\u00f3dzkim konkursie zdoby\u0142a cz\u0119stochowianka\u00a0<strong>Aleksandra Piszcza\u0142a <\/strong>z Przedszkola nr 10 w <a href=\"https:\/\/www.facebook.com\/sp47cz\" class=\"rank-math-link\" target=\"_blank\" rel=\"noopener\">Zespole Szkolno-Przedszkolnym nr 6<\/a> z grupy 4-latk\u00f3w.<\/p>\n\n\n\n<p>Jury \u015al\u0105skiego Ogrodu Zoologicznego w ocenie nades\u0142anych prac kierowa\u0142o si\u0119 przede wszystkim zgodno\u015bci\u0105 z tematyk\u0105 konkursu oraz pomys\u0142owo\u015bci\u0105 wykonania. Doceniano te\u017c wykorzystanie opakowa\u0144 i innych element\u00f3w recyklingowych bowiem konkurs mia\u0142 kszta\u0142towa\u0107 \u015bwiadomo\u015b\u0107 ekologiczn\u0105 dzieci, promowa\u0107 ochron\u0119 m\u00f3rz, ocean\u00f3w i zamieszkuj\u0105cych je zwierz\u0105t. <\/p>\n\n\n\n<p>Wszystkie konkursowe prace \u2013 w tym praca cz\u0119stochowskiej przedszkolaczki \u2013 udekoruj\u0105 \u017cyw\u0105 szopk\u0119 na terenie chorzowskiego ZOO. Mo\u017cna je te\u017c zobaczy\u0107\u00a0<a href=\"http:\/\/zoo.silesia.pl\/konkursy\/konkurs-plastyczny-na-ozdobe-choinkowa-wyniki\" class=\"rank-math-link\" target=\"_blank\" rel=\"noopener\"><strong>TUTAJ<\/strong><\/a>.<\/p>\n\n\n\n<p>Gratulujemy!<\/p>\n","protected":false},"excerpt":{"rendered":"<p>Ma\u0142a Ala z Cz\u0119stochowy zdoby\u0142a pierwsze miejsce w konkursie plastycznym organizowanym przez \u015al\u0105skie ZOO w Chorzowie. Jej praca znajdzie si\u0119 w\u015br\u00f3d \u015bwi\u0105tecznych dekoracji, kt\u00f3re<\/p>\n","protected":false},"author":12,"featured_media":29569,"comment_status":"open","ping_status":"open","sticky":false,"template":"","format":"standard","meta":{"_monsterinsights_skip_tracking":false,"_monsterinsights_sitenote_active":false,"_monsterinsights_sitenote_note":"","_monsterinsights_sitenote_category":0,"_uf_show_specific_survey":0,"_uf_disable_surveys":false,"footnotes":""},"categories":[94,3,2],"tags":[],"class_list":["post-29567","post","type-post","status-publish","format-standard","has-post-thumbnail","hentry","category-polecane","category-czestochowa-informacje","category-wiadomosci"],"_links":{"self":[{"href":"https:\/\/gazetaregionalna.com\/index.php?rest_route=\/wp\/v2\/posts\/29567","targetHints":{"allow":["GET"]}}],"collection":[{"href":"https:\/\/gazetaregionalna.com\/index.php?rest_route=\/wp\/v2\/posts"}],"about":[{"href":"https:\/\/gazetaregionalna.com\/index.php?rest_route=\/wp\/v2\/types\/post"}],"author":[{"embeddable":true,"href":"https:\/\/gazetaregionalna.com\/index.php?rest_route=\/wp\/v2\/users\/12"}],"replies":[{"embeddable":true,"href":"https:\/\/gazetaregionalna.com\/index.php?rest_route=%2Fwp%2Fv2%2Fcomments&post=29567"}],"version-history":[{"count":2,"href":"https:\/\/gazetaregionalna.com\/index.php?rest_route=\/wp\/v2\/posts\/29567\/revisions"}],"predecessor-version":[{"id":29570,"href":"https:\/\/gazetaregionalna.com\/index.php?rest_route=\/wp\/v2\/posts\/29567\/revisions\/29570"}],"wp:featuredmedia":[{"embeddable":true,"href":"https:\/\/gazetaregionalna.com\/index.php?rest_route=\/wp\/v2\/media\/29569"}],"wp:attachment":[{"href":"https:\/\/gazetaregionalna.com\/index.php?rest_route=%2Fwp%2Fv2%2Fmedia&parent=29567"}],"wp:term":[{"taxonomy":"category","embeddable":true,"href":"https:\/\/gazetaregionalna.com\/index.php?rest_route=%2Fwp%2Fv2%2Fcategories&post=29567"},{"taxonomy":"post_tag","embeddable":true,"href":"https:\/\/gazetaregionalna.com\/index.php?rest_route=%2Fwp%2Fv2%2Ftags&post=29567"}],"curies":[{"name":"wp","href":"https:\/\/api.w.org\/{rel}","templated":true}]}}