{"id":29562,"date":"2020-12-18T11:58:54","date_gmt":"2020-12-18T11:58:54","guid":{"rendered":"https:\/\/gazetaregionalna.com\/?p=29562"},"modified":"2020-12-18T12:00:03","modified_gmt":"2020-12-18T12:00:03","slug":"teatr-imienia-adama-mickiewicza-zegna-piotra-machalice-prezentujac-na-swoim-kanale-youtube-koncert-z-jego-udzialem","status":"publish","type":"post","link":"https:\/\/gazetaregionalna.com\/?p=29562","title":{"rendered":"Teatr imienia Adama Mickiewicza \u017cegna Piotra Machalic\u0119 prezentuj\u0105c na swoim kanale YouTube koncert z Jego udzia\u0142em."},"content":{"rendered":"\n<h2 class=\"wp-block-heading\">Teatr imienia Adama Mickiewicza \u017cegna Piotra Machalic\u0119 prezentuj\u0105c na swoim kanale YouTube koncert z Jego udzia\u0142em. <\/h2>\n\n\n\n<p>Od jutra, 19 grudnia, od godziny 19 na kanale YouTube <\/p>\n\n\n\n<p><a href=\"https:\/\/www.youtube.com\/channel\/UCW-FIavGv1XC5VSpydZiqnQ\" target=\"_blank\" rel=\"noopener\">https:\/\/www.youtube.com\/channel\/UCW-FIavGv1XC5VSpydZiqnQ<\/a><\/p>\n\n\n\n<p>cz\u0119stochowskiej sceny obejrze\u0107 b\u0119dzie mo\u017cna koncert pt. &#8222;MachaLista przeboj\u00f3w&#8221; . Przedstawienie b\u0119dzie dost\u0119pne dla widz\u00f3w przez dob\u0119, czyli do niedzieli 20 grudnia do godz. 19. <\/p>\n\n\n\n<p>By\u0142a to ostatnia premiera za dyrekcji Piotra Machalicy zrealizowana przed jego odej\u015bciem z teatru.  Na koncert &#8222;MachaLista przeboj\u00f3w&#8221; sk\u0142adaj\u0105 si\u0119 utwory najwi\u0119kszych mistrz\u00f3w minionego stulecia: Bu\u0142ata Okud\u017cawy, Jana Wo\u0142ka, Wojciecha M\u0142ynarskiego, Georgesa Brassensa, Edwarda Stachury, Agnieszki Osieckiej, Jonasza Kofty. W programie koncertu m.in. \u201eBal na Gnojnej\u201d, \u201eAlkoholicy z mojej dzielnicy\u201d, \u201eModlitwa\u201d, \u201e\u017bycie to nie teatr\u201d, \u201eCzerwony Kapturek 62\u201d oraz inne dobrze znane piosenki i ballady.<\/p>\n\n\n\n<p><br> Scenariusz i re\u017cyseria: Piotr Machalica, Robert Doros\u0142awski            <br> Wyst\u0119puj\u0105: Piotr Machalica, Adam Machalica, Robert Doros\u0142awski<br> Arty\u015bcie akompaniuje Taj Maha Lisa Trio w sk\u0142adzie:<br> Micha\u0142 Walczak (gitara, tamburyn), Krzysztof Nied\u017awiecki (gitara, stopa), Andrzej Zielak (bas), Pawe\u0142 Surman (tr\u0105bka, akordeon, instrumenty perkusyjne).<\/p>\n\n\n\n<p><br> Premiera tego muzycznego spektaklu mia\u0142a miejsce 29 kwietnia 2018 roku.<\/p>\n\n\n\n<p>(fot. Materia\u0142y Teatru im. Adama Mickiewicza w Cz\u0119stochowie)<\/p>\n\n\n\n<p><br><\/p>\n","protected":false},"excerpt":{"rendered":"<p>Teatr imienia Adama Mickiewicza \u017cegna Piotra Machalic\u0119 prezentuj\u0105c na swoim kanale YouTube koncert z Jego udzia\u0142em. Od jutra, 19 grudnia, od godziny 19 na<\/p>\n","protected":false},"author":7,"featured_media":29564,"comment_status":"open","ping_status":"open","sticky":false,"template":"","format":"standard","meta":{"_monsterinsights_skip_tracking":false,"_monsterinsights_sitenote_active":false,"_monsterinsights_sitenote_note":"","_monsterinsights_sitenote_category":0,"_uf_show_specific_survey":0,"_uf_disable_surveys":false,"footnotes":""},"categories":[94,3,2],"tags":[],"class_list":["post-29562","post","type-post","status-publish","format-standard","has-post-thumbnail","hentry","category-polecane","category-czestochowa-informacje","category-wiadomosci"],"_links":{"self":[{"href":"https:\/\/gazetaregionalna.com\/index.php?rest_route=\/wp\/v2\/posts\/29562","targetHints":{"allow":["GET"]}}],"collection":[{"href":"https:\/\/gazetaregionalna.com\/index.php?rest_route=\/wp\/v2\/posts"}],"about":[{"href":"https:\/\/gazetaregionalna.com\/index.php?rest_route=\/wp\/v2\/types\/post"}],"author":[{"embeddable":true,"href":"https:\/\/gazetaregionalna.com\/index.php?rest_route=\/wp\/v2\/users\/7"}],"replies":[{"embeddable":true,"href":"https:\/\/gazetaregionalna.com\/index.php?rest_route=%2Fwp%2Fv2%2Fcomments&post=29562"}],"version-history":[{"count":3,"href":"https:\/\/gazetaregionalna.com\/index.php?rest_route=\/wp\/v2\/posts\/29562\/revisions"}],"predecessor-version":[{"id":29566,"href":"https:\/\/gazetaregionalna.com\/index.php?rest_route=\/wp\/v2\/posts\/29562\/revisions\/29566"}],"wp:featuredmedia":[{"embeddable":true,"href":"https:\/\/gazetaregionalna.com\/index.php?rest_route=\/wp\/v2\/media\/29564"}],"wp:attachment":[{"href":"https:\/\/gazetaregionalna.com\/index.php?rest_route=%2Fwp%2Fv2%2Fmedia&parent=29562"}],"wp:term":[{"taxonomy":"category","embeddable":true,"href":"https:\/\/gazetaregionalna.com\/index.php?rest_route=%2Fwp%2Fv2%2Fcategories&post=29562"},{"taxonomy":"post_tag","embeddable":true,"href":"https:\/\/gazetaregionalna.com\/index.php?rest_route=%2Fwp%2Fv2%2Ftags&post=29562"}],"curies":[{"name":"wp","href":"https:\/\/api.w.org\/{rel}","templated":true}]}}