{"id":29492,"date":"2020-12-18T09:19:06","date_gmt":"2020-12-18T09:19:06","guid":{"rendered":"https:\/\/gazetaregionalna.com\/?p=29492"},"modified":"2020-12-18T09:19:10","modified_gmt":"2020-12-18T09:19:10","slug":"nowy-woz","status":"publish","type":"post","link":"https:\/\/gazetaregionalna.com\/?p=29492","title":{"rendered":"OSP z Lelowa otrzyma\u0142a nowy w\u00f3z stra\u017cacki"},"content":{"rendered":"\n<h2 class=\"wp-block-heading\">Ochotnicza Stra\u017c Po\u017carna z Gminy Lel\u00f3w otrzyma\u0142a nowy w\u00f3z\nstra\u017cacki marki Volvo, kt\u00f3ry jeszcze bardziej usprawni prac\u0119 stra\u017cak\u00f3w.<\/h2>\n\n\n\n<figure class=\"wp-block-image size-large\"><img decoding=\"async\" width=\"733\" height=\"498\" data-src=\"https:\/\/gazetaregionalna.com\/wp-content\/uploads\/2020\/12\/nowy-w\u00f3z-stra\u017cacki.png\" alt=\"\" class=\"wp-image-29515 lazyload\" data-srcset=\"https:\/\/gazetaregionalna.com\/wp-content\/uploads\/2020\/12\/nowy-w\u00f3z-stra\u017cacki.png 733w, https:\/\/gazetaregionalna.com\/wp-content\/uploads\/2020\/12\/nowy-w\u00f3z-stra\u017cacki-300x204.png 300w, https:\/\/gazetaregionalna.com\/wp-content\/uploads\/2020\/12\/nowy-w\u00f3z-stra\u017cacki-696x473.png 696w, https:\/\/gazetaregionalna.com\/wp-content\/uploads\/2020\/12\/nowy-w\u00f3z-stra\u017cacki-618x420.png 618w\" data-sizes=\"(max-width: 733px) 100vw, 733px\" src=\"data:image\/svg+xml;base64,PHN2ZyB3aWR0aD0iMSIgaGVpZ2h0PSIxIiB4bWxucz0iaHR0cDovL3d3dy53My5vcmcvMjAwMC9zdmciPjwvc3ZnPg==\" style=\"--smush-placeholder-width: 733px; --smush-placeholder-aspect-ratio: 733\/498;\" \/><figcaption>Fot: Gmina Lel\u00f3w<\/figcaption><\/figure>\n\n\n\n<p>We wtorek 15 grudnia 2020 roku druhowie z jednostki Ochotniczej Stra\u017cy\nPo\u017carnej Lel\u00f3w II Zbyczyce powitali przyby\u0142y do nich nowy w\u00f3z\nratowniczo-ga\u015bniczy w uroczystej asy\u015bcie dw\u00f3ch innych pojazd\u00f3w, przy d\u017awi\u0119ku\nsyreny stra\u017cackiej. Samoch\u00f3d zosta\u0142 wcze\u015bniej odebrany przez przedstawicieli\njednostki prosto z siedziby producenta.<\/p>\n\n\n\n<p>Na\nmiejscu powitali go Druhowie z jednostki, W\u00f3jt Gminy Lel\u00f3w Krzysztof Molenda,\nasystentka Pana Wiceministra Rolnictwa i Rozwoju Wsi Pos\u0142a na Sejm RP Szymona\nGi\u017cy\u0144skiego Dominika Szajnoga, So\u0142tys Zbyczyc Teresa Kaczy\u0144ska oraz mieszka\u0144cy.<\/p>\n\n\n\n<figure class=\"wp-block-image size-large\"><img decoding=\"async\" width=\"689\" height=\"561\" data-src=\"https:\/\/gazetaregionalna.com\/wp-content\/uploads\/2020\/12\/nowy-w\u00f3z-stra\u017cacki-12.png\" alt=\"\" class=\"wp-image-29513 lazyload\" data-srcset=\"https:\/\/gazetaregionalna.com\/wp-content\/uploads\/2020\/12\/nowy-w\u00f3z-stra\u017cacki-12.png 689w, https:\/\/gazetaregionalna.com\/wp-content\/uploads\/2020\/12\/nowy-w\u00f3z-stra\u017cacki-12-300x244.png 300w, https:\/\/gazetaregionalna.com\/wp-content\/uploads\/2020\/12\/nowy-w\u00f3z-stra\u017cacki-12-516x420.png 516w\" data-sizes=\"(max-width: 689px) 100vw, 689px\" src=\"data:image\/svg+xml;base64,PHN2ZyB3aWR0aD0iMSIgaGVpZ2h0PSIxIiB4bWxucz0iaHR0cDovL3d3dy53My5vcmcvMjAwMC9zdmciPjwvc3ZnPg==\" style=\"--smush-placeholder-width: 689px; --smush-placeholder-aspect-ratio: 689\/561;\" \/><figcaption>Fot: Gmina Lel\u00f3w<\/figcaption><\/figure>\n\n\n\n<p>Nowy w\u00f3z z nap\u0119dem 4&#215;4 zosta\u0142 sfinansowany dzi\u0119ki \u015brodkom z Wojew\u00f3dzkiego Funduszu Ochrony\n\u015arodowiska i Gospodarki Wodnej w Katowicach, Ministerstwa Spraw Wewn\u0119trznych i\nAdministracji oraz ze \u015brodk\u00f3w w\u0142asnych Gminy Lel\u00f3w. Koszt wozu to 779&nbsp;820,00\nz\u0142.<\/p>\n\n\n\n<p>OSP Lel\u00f3w II Zbyczyce b\u0119d\u0105ca w Krajowym Systemie Ratowniczo Ga\u015bniczym dzi\u0119ki nowemu wozowi stra\u017cackiemu zwi\u0119kszy gwarancj\u0119 bezpiecze\u0144stwa mieszka\u0144c\u00f3w gminy Lel\u00f3w.<\/p>\n\n\n\n<p>[post_gallery]<\/p>\n\n\n\n<p>Fot: Gmina Lel\u00f3w<\/p>\n","protected":false},"excerpt":{"rendered":"<p>Ochotnicza Stra\u017c Po\u017carna z Gminy Lel\u00f3w otrzyma\u0142a nowy w\u00f3z stra\u017cacki marki Volvo, kt\u00f3ry jeszcze bardziej usprawni prac\u0119 stra\u017cak\u00f3w. We wtorek 15 grudnia 2020 roku<\/p>\n","protected":false},"author":12,"featured_media":29507,"comment_status":"open","ping_status":"open","sticky":false,"template":"","format":"standard","meta":{"_monsterinsights_skip_tracking":false,"_monsterinsights_sitenote_active":false,"_monsterinsights_sitenote_note":"","_monsterinsights_sitenote_category":0,"_uf_show_specific_survey":0,"_uf_disable_surveys":false,"footnotes":""},"categories":[94,4,2],"tags":[],"class_list":["post-29492","post","type-post","status-publish","format-standard","has-post-thumbnail","hentry","category-polecane","category-region","category-wiadomosci"],"_links":{"self":[{"href":"https:\/\/gazetaregionalna.com\/index.php?rest_route=\/wp\/v2\/posts\/29492","targetHints":{"allow":["GET"]}}],"collection":[{"href":"https:\/\/gazetaregionalna.com\/index.php?rest_route=\/wp\/v2\/posts"}],"about":[{"href":"https:\/\/gazetaregionalna.com\/index.php?rest_route=\/wp\/v2\/types\/post"}],"author":[{"embeddable":true,"href":"https:\/\/gazetaregionalna.com\/index.php?rest_route=\/wp\/v2\/users\/12"}],"replies":[{"embeddable":true,"href":"https:\/\/gazetaregionalna.com\/index.php?rest_route=%2Fwp%2Fv2%2Fcomments&post=29492"}],"version-history":[{"count":2,"href":"https:\/\/gazetaregionalna.com\/index.php?rest_route=\/wp\/v2\/posts\/29492\/revisions"}],"predecessor-version":[{"id":29517,"href":"https:\/\/gazetaregionalna.com\/index.php?rest_route=\/wp\/v2\/posts\/29492\/revisions\/29517"}],"wp:featuredmedia":[{"embeddable":true,"href":"https:\/\/gazetaregionalna.com\/index.php?rest_route=\/wp\/v2\/media\/29507"}],"wp:attachment":[{"href":"https:\/\/gazetaregionalna.com\/index.php?rest_route=%2Fwp%2Fv2%2Fmedia&parent=29492"}],"wp:term":[{"taxonomy":"category","embeddable":true,"href":"https:\/\/gazetaregionalna.com\/index.php?rest_route=%2Fwp%2Fv2%2Fcategories&post=29492"},{"taxonomy":"post_tag","embeddable":true,"href":"https:\/\/gazetaregionalna.com\/index.php?rest_route=%2Fwp%2Fv2%2Ftags&post=29492"}],"curies":[{"name":"wp","href":"https:\/\/api.w.org\/{rel}","templated":true}]}}