{"id":29226,"date":"2020-12-15T21:08:58","date_gmt":"2020-12-15T21:08:58","guid":{"rendered":"https:\/\/gazetaregionalna.com\/?p=29226"},"modified":"2020-12-15T21:09:22","modified_gmt":"2020-12-15T21:09:22","slug":"eltrox-wlokniarz-39","status":"publish","type":"post","link":"https:\/\/gazetaregionalna.com\/?p=29226","title":{"rendered":"\u017bu\u017clowcy Eltrox W\u0142\u00f3kniarz nowy sezon 2021 w Ekstralidze rozpoczn\u0105 3 kwietnia w Lublinie. A p\u00f3\u017aniej Leszno&#8230;"},"content":{"rendered":"\n<p>Nowy sezon w \u017cu\u017clowej Ekstralidze\nEltrox W\u0142\u00f3kniarz Cz\u0119stochowa rozpocznie 3 kwietnia 2021 roku w\nLublinie. Kolejny mecz bia\u0142o-zieloni pojad\u0105 u siebie z mistrzem\nPolski Uni\u0105 Leszno!<\/p>\n\n\n\n<p>PGE Ekstraliga opublikowa\u0142a ju\u017c\nterminarz \u017cu\u017clowej Ekstraligi na sezon 2021. \u017bu\u017clowcy Eltrox\nW\u0142\u00f3kniarza pocz\u0105tek sezonu b\u0119d\u0105 mie\u0107 bardzo trudny. W\ninauguracyjnej kolejce cz\u0119stochowscy \u017cu\u017clowcy zmierz\u0105 si\u0119 w\nLublinie z Motorem. W drugiej kolejce na torze w Cz\u0119stochowie\nzago\u015bci najlepsza dru\u017cyna ostatnich lat w polskim \u017cu\u017clu Fogo Unia\nLeszno. \n<\/p>\n\n\n\n<p>Runda zasadnicza rozgrywek ma si\u0119 zako\u0144czy\u0107 22 sierpnia. Rudna play-off potrwa od 5 do 26 wrze\u015bnia 2021.  <\/p>\n\n\n\n<p>Foto: Gazeta Regionalna <\/p>\n","protected":false},"excerpt":{"rendered":"<p>Nowy sezon w \u017cu\u017clowej Ekstralidze Eltrox W\u0142\u00f3kniarz Cz\u0119stochowa rozpocznie 3 kwietnia 2021 roku w Lublinie. Kolejny mecz bia\u0142o-zieloni pojad\u0105 u siebie z mistrzem Polski<\/p>\n","protected":false},"author":15,"featured_media":16086,"comment_status":"open","ping_status":"open","sticky":false,"template":"","format":"standard","meta":{"_monsterinsights_skip_tracking":false,"_monsterinsights_sitenote_active":false,"_monsterinsights_sitenote_note":"","_monsterinsights_sitenote_category":0,"_uf_show_specific_survey":0,"_uf_disable_surveys":false,"footnotes":""},"categories":[94,3,5,2,7],"tags":[],"class_list":["post-29226","post","type-post","status-publish","format-standard","has-post-thumbnail","hentry","category-polecane","category-czestochowa-informacje","category-sport","category-wiadomosci","category-zuzel"],"_links":{"self":[{"href":"https:\/\/gazetaregionalna.com\/index.php?rest_route=\/wp\/v2\/posts\/29226","targetHints":{"allow":["GET"]}}],"collection":[{"href":"https:\/\/gazetaregionalna.com\/index.php?rest_route=\/wp\/v2\/posts"}],"about":[{"href":"https:\/\/gazetaregionalna.com\/index.php?rest_route=\/wp\/v2\/types\/post"}],"author":[{"embeddable":true,"href":"https:\/\/gazetaregionalna.com\/index.php?rest_route=\/wp\/v2\/users\/15"}],"replies":[{"embeddable":true,"href":"https:\/\/gazetaregionalna.com\/index.php?rest_route=%2Fwp%2Fv2%2Fcomments&post=29226"}],"version-history":[{"count":2,"href":"https:\/\/gazetaregionalna.com\/index.php?rest_route=\/wp\/v2\/posts\/29226\/revisions"}],"predecessor-version":[{"id":29228,"href":"https:\/\/gazetaregionalna.com\/index.php?rest_route=\/wp\/v2\/posts\/29226\/revisions\/29228"}],"wp:featuredmedia":[{"embeddable":true,"href":"https:\/\/gazetaregionalna.com\/index.php?rest_route=\/wp\/v2\/media\/16086"}],"wp:attachment":[{"href":"https:\/\/gazetaregionalna.com\/index.php?rest_route=%2Fwp%2Fv2%2Fmedia&parent=29226"}],"wp:term":[{"taxonomy":"category","embeddable":true,"href":"https:\/\/gazetaregionalna.com\/index.php?rest_route=%2Fwp%2Fv2%2Fcategories&post=29226"},{"taxonomy":"post_tag","embeddable":true,"href":"https:\/\/gazetaregionalna.com\/index.php?rest_route=%2Fwp%2Fv2%2Ftags&post=29226"}],"curies":[{"name":"wp","href":"https:\/\/api.w.org\/{rel}","templated":true}]}}