{"id":29217,"date":"2020-12-15T13:51:21","date_gmt":"2020-12-15T13:51:21","guid":{"rendered":"https:\/\/gazetaregionalna.com\/?p=29217"},"modified":"2020-12-15T13:51:23","modified_gmt":"2020-12-15T13:51:23","slug":"czestochowska-policja-zatrzymala-kierowce-ktory-brutalnie-pobil-pieszego","status":"publish","type":"post","link":"https:\/\/gazetaregionalna.com\/?p=29217","title":{"rendered":"Cz\u0119stochowska policja zatrzyma\u0142a kierowc\u0119, kt\u00f3ry brutalnie pobi\u0142 pieszego"},"content":{"rendered":"\n<h2 class=\"wp-block-heading\">Cz\u0119stochowska policja zatrzyma\u0142a kierowc\u0119, kt\u00f3ry brutalnie pobi\u0142 pieszego. 27-latek zaatakowa\u0142 51-letniego m\u0119\u017cczyzn\u0119, bo ten zwr\u00f3ci\u0142 mu uwag\u0119, \u017ce niebezpiecznie prowadzi samoch\u00f3d.<\/h2>\n\n\n\n<p>Do zdarzenia, kt\u00f3re poprzedzi\u0142o aresztowanie brutalnego 27-latka dosz\u0142o w minion\u0105 sobot\u0119. Kieruj\u0105c clio, 27-letni m\u0119\u017cczyzna rozp\u0119dzonym samochodem uderzy\u0142 w kraw\u0119\u017cnik chodnika w al. Niepodleg\u0142o\u015bci. Gdy wyszed\u0142 z auta, aby zobaczy\u0107, czy nie uszkodzi\u0142 pojazdu, uwag\u0119 zwr\u00f3ci\u0142 mu id\u0105cy chodnikiem 51-letni cz\u0119stochowianin. <\/p>\n\n\n\n<p>Stwierdzi\u0142 on, \u017ce kierowca je\u017adzi za szybko w mie\u015bcie, co mo\u017ce si\u0119 sko\u0144czy\u0107 tragedi\u0105. Na jego s\u0142owa kierowca zareagowa\u0142 agresj\u0105. Rzuci\u0142 si\u0119 na przechodnia. Najpierw u\u017cy\u0142 gazu, a nast\u0119pnie przewr\u00f3ci\u0142 51-latka. Le\u017c\u0105cego ju\u017c na ziemi m\u0119\u017cczyzn\u0119 uderza\u0142 oraz kopa\u0142 po ca\u0142ym ciele.  Ofiara napa\u015bci z obra\u017ceniami klatki piersiowej i g\u0142owy trafi\u0142a do szpitala.  <\/p>\n\n\n\n<p>Jak si\u0119 okaza\u0142o, napastnik obj\u0119ty by\u0142 Systemem Dozoru Elektronicznego, ponadto by\u0142 te\u017c poszukiwany celem doprowadzenia do aresztu i odbycia kary 60 dni pozbawienia wolno\u015bci.<\/p>\n\n\n\n<p> Dzisiaj, jak poda\u0142a Komenda Miejska Policji w Cz\u0119stochowie, decyzj\u0105 s\u0105du, za sw\u00f3j wybryk 27-latek  trafi\u0142 na trzy miesi\u0105ce do aresztu. Grozi mu do pi\u0119ciu lat wi\u0119zienia.  <\/p>\n","protected":false},"excerpt":{"rendered":"<p>Cz\u0119stochowska policja zatrzyma\u0142a kierowc\u0119, kt\u00f3ry brutalnie pobi\u0142 pieszego. 27-latek zaatakowa\u0142 51-letniego m\u0119\u017cczyzn\u0119, bo ten zwr\u00f3ci\u0142 mu uwag\u0119, \u017ce niebezpiecznie prowadzi samoch\u00f3d. Do zdarzenia, kt\u00f3re<\/p>\n","protected":false},"author":7,"featured_media":29220,"comment_status":"open","ping_status":"open","sticky":false,"template":"","format":"standard","meta":{"_monsterinsights_skip_tracking":false,"_monsterinsights_sitenote_active":false,"_monsterinsights_sitenote_note":"","_monsterinsights_sitenote_category":0,"_uf_show_specific_survey":0,"_uf_disable_surveys":false,"footnotes":""},"categories":[94,3,2],"tags":[],"class_list":["post-29217","post","type-post","status-publish","format-standard","has-post-thumbnail","hentry","category-polecane","category-czestochowa-informacje","category-wiadomosci"],"_links":{"self":[{"href":"https:\/\/gazetaregionalna.com\/index.php?rest_route=\/wp\/v2\/posts\/29217","targetHints":{"allow":["GET"]}}],"collection":[{"href":"https:\/\/gazetaregionalna.com\/index.php?rest_route=\/wp\/v2\/posts"}],"about":[{"href":"https:\/\/gazetaregionalna.com\/index.php?rest_route=\/wp\/v2\/types\/post"}],"author":[{"embeddable":true,"href":"https:\/\/gazetaregionalna.com\/index.php?rest_route=\/wp\/v2\/users\/7"}],"replies":[{"embeddable":true,"href":"https:\/\/gazetaregionalna.com\/index.php?rest_route=%2Fwp%2Fv2%2Fcomments&post=29217"}],"version-history":[{"count":2,"href":"https:\/\/gazetaregionalna.com\/index.php?rest_route=\/wp\/v2\/posts\/29217\/revisions"}],"predecessor-version":[{"id":29219,"href":"https:\/\/gazetaregionalna.com\/index.php?rest_route=\/wp\/v2\/posts\/29217\/revisions\/29219"}],"wp:featuredmedia":[{"embeddable":true,"href":"https:\/\/gazetaregionalna.com\/index.php?rest_route=\/wp\/v2\/media\/29220"}],"wp:attachment":[{"href":"https:\/\/gazetaregionalna.com\/index.php?rest_route=%2Fwp%2Fv2%2Fmedia&parent=29217"}],"wp:term":[{"taxonomy":"category","embeddable":true,"href":"https:\/\/gazetaregionalna.com\/index.php?rest_route=%2Fwp%2Fv2%2Fcategories&post=29217"},{"taxonomy":"post_tag","embeddable":true,"href":"https:\/\/gazetaregionalna.com\/index.php?rest_route=%2Fwp%2Fv2%2Ftags&post=29217"}],"curies":[{"name":"wp","href":"https:\/\/api.w.org\/{rel}","templated":true}]}}