{"id":29199,"date":"2020-12-15T12:11:49","date_gmt":"2020-12-15T12:11:49","guid":{"rendered":"https:\/\/gazetaregionalna.com\/?p=29199"},"modified":"2020-12-15T12:16:44","modified_gmt":"2020-12-15T12:16:44","slug":"otrzymala-odblaski","status":"publish","type":"post","link":"https:\/\/gazetaregionalna.com\/?p=29199","title":{"rendered":"KPP w K\u0142obucku otrzyma\u0142a odblaski, kt\u00f3re przeka\u017ce mieszka\u0144com Gminy Wr\u0119czyca Wielka"},"content":{"rendered":"\n<h2 class=\"wp-block-heading\">Komenda Powiatowa Policji w K\u0142obucku otrzyma\u0142a od w\u00f3jta Gminy\nWr\u0119czyca Wielka zakupione odblaski. Opaski odblaskowe zostan\u0105 przekazane\nmieszka\u0144com jego gminy.<\/h2>\n\n\n\n<figure class=\"wp-block-image size-large\"><img decoding=\"async\" width=\"800\" height=\"534\" data-src=\"https:\/\/gazetaregionalna.com\/wp-content\/uploads\/2020\/12\/odblaski-1.jpg\" alt=\"\" class=\"wp-image-29201 lazyload\" data-srcset=\"https:\/\/gazetaregionalna.com\/wp-content\/uploads\/2020\/12\/odblaski-1.jpg 800w, https:\/\/gazetaregionalna.com\/wp-content\/uploads\/2020\/12\/odblaski-1-300x200.jpg 300w, https:\/\/gazetaregionalna.com\/wp-content\/uploads\/2020\/12\/odblaski-1-768x513.jpg 768w, https:\/\/gazetaregionalna.com\/wp-content\/uploads\/2020\/12\/odblaski-1-696x465.jpg 696w, https:\/\/gazetaregionalna.com\/wp-content\/uploads\/2020\/12\/odblaski-1-629x420.jpg 629w\" data-sizes=\"(max-width: 800px) 100vw, 800px\" src=\"data:image\/svg+xml;base64,PHN2ZyB3aWR0aD0iMSIgaGVpZ2h0PSIxIiB4bWxucz0iaHR0cDovL3d3dy53My5vcmcvMjAwMC9zdmciPjwvc3ZnPg==\" style=\"--smush-placeholder-width: 800px; --smush-placeholder-aspect-ratio: 800\/534;\" \/><figcaption>Fot: UG Wr\u0119czyca Wielka<\/figcaption><\/figure>\n\n\n\n<p>W zwi\u0105zku z prowadzonymi przez Komend\u0119 Powiatow\u0105 w&nbsp;K\u0142obucku dzia\u0142aniami profilaktycznymi\nna drogach ca\u0142ego powiatu \u201e\u015awie\u0107 przyk\u0142adem-B\u0105d\u017a widoczny!\u201d, w\u00f3jt Gminy Wr\u0119czyca Wielka Tomasz\nOsi\u0144ski postanowi\u0142 wesprze\u0107 policjant\u00f3w i przekaza\u0107 im zakupionych 1000 opasek\nodblaskowych promuj\u0105cych bezpieczne zachowania.<\/p>\n\n\n\n<p>Odbioru\ndokona\u0142 w Urz\u0119dzie Gminy we Wr\u0119czycy Wielkiej, Komendant Powiatowy\nPolicji w K\u0142obucku insp. Tomasz G\u00f3rka z r\u0105k samego w\u00f3jta. Opaski odblaskowe trafi\u0105 do\nmieszka\u0144c\u00f3w gminy poruszaj\u0105cych si\u0119 pieszo po wr\u0119czyckich drogach, szczeg\u00f3lnie tych\nnajm\u0142odszych. W znaczny spos\u00f3b maj\u0105 si\u0119 one przyczyni\u0107 do poprawy &nbsp;bezpiecze\u0144stwa niechronionych uczestnik\u00f3w\nruchu drogowego w okresie jesienno zimowym, kiedy to szybciej zapada zmrok.<\/p>\n\n\n\n<figure class=\"wp-block-image size-large\"><img decoding=\"async\" width=\"600\" height=\"300\" data-src=\"https:\/\/gazetaregionalna.com\/wp-content\/uploads\/2020\/12\/odblaski-3.jpg\" alt=\"\" class=\"wp-image-29203 lazyload\" data-srcset=\"https:\/\/gazetaregionalna.com\/wp-content\/uploads\/2020\/12\/odblaski-3.jpg 600w, https:\/\/gazetaregionalna.com\/wp-content\/uploads\/2020\/12\/odblaski-3-300x150.jpg 300w\" data-sizes=\"(max-width: 600px) 100vw, 600px\" src=\"data:image\/svg+xml;base64,PHN2ZyB3aWR0aD0iMSIgaGVpZ2h0PSIxIiB4bWxucz0iaHR0cDovL3d3dy53My5vcmcvMjAwMC9zdmciPjwvc3ZnPg==\" style=\"--smush-placeholder-width: 600px; --smush-placeholder-aspect-ratio: 600\/300;\" \/><figcaption>Fot: UG Wr\u0119czyca Wielka<\/figcaption><\/figure>\n\n\n\n<p>Dzi\u0119ki\nelementom odblaskowym pieszy mo\u017ce by\u0107 widoczni nawet z&nbsp;150 metr\u00f3w, co\nautomatycznie powoduje, \u017ce kierowcy szybciej go dostrzeg\u0105 i wykonaj\u0105 manewr\nomini\u0119cia w bezpiecznej odleg\u0142o\u015bci. <\/p>\n\n\n\n<p>Pami\u0119tajmy,\nodblask mo\u017ce uratowa\u0107 \u017cycie!<\/p>\n","protected":false},"excerpt":{"rendered":"<p>Komenda Powiatowa Policji w K\u0142obucku otrzyma\u0142a od w\u00f3jta Gminy Wr\u0119czyca Wielka zakupione odblaski. Opaski odblaskowe zostan\u0105 przekazane mieszka\u0144com jego gminy. W zwi\u0105zku z prowadzonymi<\/p>\n","protected":false},"author":12,"featured_media":29203,"comment_status":"open","ping_status":"open","sticky":false,"template":"","format":"standard","meta":{"_monsterinsights_skip_tracking":false,"_monsterinsights_sitenote_active":false,"_monsterinsights_sitenote_note":"","_monsterinsights_sitenote_category":0,"_uf_show_specific_survey":0,"_uf_disable_surveys":false,"footnotes":""},"categories":[44,94,4,2],"tags":[],"class_list":["post-29199","post","type-post","status-publish","format-standard","has-post-thumbnail","hentry","category-bezpieczenstwo","category-polecane","category-region","category-wiadomosci"],"_links":{"self":[{"href":"https:\/\/gazetaregionalna.com\/index.php?rest_route=\/wp\/v2\/posts\/29199","targetHints":{"allow":["GET"]}}],"collection":[{"href":"https:\/\/gazetaregionalna.com\/index.php?rest_route=\/wp\/v2\/posts"}],"about":[{"href":"https:\/\/gazetaregionalna.com\/index.php?rest_route=\/wp\/v2\/types\/post"}],"author":[{"embeddable":true,"href":"https:\/\/gazetaregionalna.com\/index.php?rest_route=\/wp\/v2\/users\/12"}],"replies":[{"embeddable":true,"href":"https:\/\/gazetaregionalna.com\/index.php?rest_route=%2Fwp%2Fv2%2Fcomments&post=29199"}],"version-history":[{"count":3,"href":"https:\/\/gazetaregionalna.com\/index.php?rest_route=\/wp\/v2\/posts\/29199\/revisions"}],"predecessor-version":[{"id":29205,"href":"https:\/\/gazetaregionalna.com\/index.php?rest_route=\/wp\/v2\/posts\/29199\/revisions\/29205"}],"wp:featuredmedia":[{"embeddable":true,"href":"https:\/\/gazetaregionalna.com\/index.php?rest_route=\/wp\/v2\/media\/29203"}],"wp:attachment":[{"href":"https:\/\/gazetaregionalna.com\/index.php?rest_route=%2Fwp%2Fv2%2Fmedia&parent=29199"}],"wp:term":[{"taxonomy":"category","embeddable":true,"href":"https:\/\/gazetaregionalna.com\/index.php?rest_route=%2Fwp%2Fv2%2Fcategories&post=29199"},{"taxonomy":"post_tag","embeddable":true,"href":"https:\/\/gazetaregionalna.com\/index.php?rest_route=%2Fwp%2Fv2%2Ftags&post=29199"}],"curies":[{"name":"wp","href":"https:\/\/api.w.org\/{rel}","templated":true}]}}