{"id":29166,"date":"2020-12-15T08:17:24","date_gmt":"2020-12-15T08:17:24","guid":{"rendered":"https:\/\/gazetaregionalna.com\/?p=29166"},"modified":"2020-12-15T08:17:26","modified_gmt":"2020-12-15T08:17:26","slug":"betlejemskie-swiatlo-pokoju","status":"publish","type":"post","link":"https:\/\/gazetaregionalna.com\/?p=29166","title":{"rendered":"Betlejemskie \u015awiat\u0142o Pokoju jest ju\u017c w Cz\u0119stochowie"},"content":{"rendered":"\n<h2 class=\"wp-block-heading\">Po raz kolejny Betlejemskie \u015awiat\u0142o Pokoju dotar\u0142o do\nCz\u0119stochowy. Prezydentowi miasta 14 grudnia 2020 roku dostarczyli je <strong>harcerze z cz\u0119stochowskiego Hufca ZHP.<\/strong><strong><\/strong><\/h2>\n\n\n\n<figure class=\"wp-block-image size-large\"><img decoding=\"async\" width=\"900\" height=\"599\" data-src=\"https:\/\/gazetaregionalna.com\/wp-content\/uploads\/2020\/12\/b\u015bp-2.jpg\" alt=\"\" class=\"wp-image-29169 lazyload\" data-srcset=\"https:\/\/gazetaregionalna.com\/wp-content\/uploads\/2020\/12\/b\u015bp-2.jpg 900w, https:\/\/gazetaregionalna.com\/wp-content\/uploads\/2020\/12\/b\u015bp-2-300x200.jpg 300w, https:\/\/gazetaregionalna.com\/wp-content\/uploads\/2020\/12\/b\u015bp-2-768x511.jpg 768w, https:\/\/gazetaregionalna.com\/wp-content\/uploads\/2020\/12\/b\u015bp-2-696x463.jpg 696w, https:\/\/gazetaregionalna.com\/wp-content\/uploads\/2020\/12\/b\u015bp-2-631x420.jpg 631w\" data-sizes=\"(max-width: 900px) 100vw, 900px\" src=\"data:image\/svg+xml;base64,PHN2ZyB3aWR0aD0iMSIgaGVpZ2h0PSIxIiB4bWxucz0iaHR0cDovL3d3dy53My5vcmcvMjAwMC9zdmciPjwvc3ZnPg==\" style=\"--smush-placeholder-width: 900px; --smush-placeholder-aspect-ratio: 900\/599;\" \/><figcaption>Fot: UM Cz\u0119stochowa<\/figcaption><\/figure>\n\n\n\n<p>Dla przypomnienia, Betlejemskie \u015awiat\u0142o Pokoju to akcja\nzapocz\u0105tkowana w Betlejem w Autonomii Palesty\u0144skiej. W tamtejszej Grocie\nNarodzenia Pa\u0144skiego p\u0142onie wieczny ogie\u0144, od kt\u00f3rego co roku odpala si\u0119\n\u015bwieczk\u0119, a za po\u015brednictwem skaut\u00f3w p\u0142omie\u0144 obiega ca\u0142y \u015bwiat. \u015awiate\u0142ko to\njest symbolem pokoju, porozumienia i pojednania mi\u0119dzy narodami. <\/p>\n\n\n\n<p>W Polsce akcj\u0119 zacz\u0119to prowadzi\u0107 w 1991 roku przez Zwi\u0105zek Harcerstwa Polskiego. M\u0142odzi druhowie odbieraj\u0105 p\u0142omie\u0144 od skaut\u00f3w s\u0142owackich, najcz\u0119\u015bciej na przej\u015bciu granicznym \u0141ysa Polana w Tatrach, gdzie odbywa si\u0119 msza w Kaplicy Betlejemskiego \u015awiat\u0142a Pokoju, zlokalizowanej na terenie\u00a0<a class=\"rank-math-link\" href=\"https:\/\/pl.wikipedia.org\/wiki\/Schronisko_G%C3%B3rskie_ZHP_%E2%80%9EG%C5%82od%C3%B3wka%E2%80%9D\" target=\"_blank\" rel=\"noopener\">Schroniska G\u00f3rskiego ZHP \u201eG\u0142od\u00f3wka\u201d<\/a>. Po mszy \u015bwiate\u0142ko trafia do wszystkich chor\u0105gwi, hufc\u00f3w\u00a0i\u00a0dru\u017cyn harcerskich, kt\u00f3rzy nios\u0105 zapalone lampiony do parafii, szk\u00f3\u0142, szpitali, urz\u0119d\u00f3w i dom\u00f3w.\u00a0<\/p>\n\n\n\n<p>W tym roku \u015awiat\u0142o dotar\u0142o do Polski w niedziel\u0119 13 grudnia 2020 roku. Jego przekazanie odby\u0142o si\u0119 na \u0141ysej Polanie, sk\u0105d po mszy dalej wyruszy\u0142o w Polsk\u0119 i \u015bwiat.<\/p>\n\n\n\n<p>Jednym z pierwszych przystank\u00f3w, do kt\u00f3rych dotarli harcerze ZHP, by\u0142a Jasna G\u00f3ra. Tu r\u00f3wnie\u017c odby\u0142a si\u0119 powitalna Msza \u015awi\u0119ta, natomiast w poniedzia\u0142ek delegacja cz\u0119stochowskiego ZHP przynios\u0142a p\u0142omie\u0144 do Urz\u0119du Miasta. W tym roku has\u0142em akcji jest \u201e\u015awiat\u0142o s\u0142u\u017cby\u201d, kt\u00f3re zach\u0119ca do wsp\u00f3\u0142dzia\u0142ania i niesienia bezinteresownej pomocy wszystkim tym, kt\u00f3rzy jej potrzebuj\u0105.<\/p>\n\n\n\n<p>[post_gallery]<\/p>\n\n\n\n<p>Fot: UM Cz\u0119stochowa<\/p>\n","protected":false},"excerpt":{"rendered":"<p>Po raz kolejny Betlejemskie \u015awiat\u0142o Pokoju dotar\u0142o do Cz\u0119stochowy. Prezydentowi miasta 14 grudnia 2020 roku dostarczyli je harcerze z cz\u0119stochowskiego Hufca ZHP. Dla przypomnienia,<\/p>\n","protected":false},"author":12,"featured_media":29173,"comment_status":"open","ping_status":"open","sticky":false,"template":"","format":"standard","meta":{"_monsterinsights_skip_tracking":false,"_monsterinsights_sitenote_active":false,"_monsterinsights_sitenote_note":"","_monsterinsights_sitenote_category":0,"_uf_show_specific_survey":0,"_uf_disable_surveys":false,"footnotes":""},"categories":[94,3,2],"tags":[],"class_list":["post-29166","post","type-post","status-publish","format-standard","has-post-thumbnail","hentry","category-polecane","category-czestochowa-informacje","category-wiadomosci"],"_links":{"self":[{"href":"https:\/\/gazetaregionalna.com\/index.php?rest_route=\/wp\/v2\/posts\/29166","targetHints":{"allow":["GET"]}}],"collection":[{"href":"https:\/\/gazetaregionalna.com\/index.php?rest_route=\/wp\/v2\/posts"}],"about":[{"href":"https:\/\/gazetaregionalna.com\/index.php?rest_route=\/wp\/v2\/types\/post"}],"author":[{"embeddable":true,"href":"https:\/\/gazetaregionalna.com\/index.php?rest_route=\/wp\/v2\/users\/12"}],"replies":[{"embeddable":true,"href":"https:\/\/gazetaregionalna.com\/index.php?rest_route=%2Fwp%2Fv2%2Fcomments&post=29166"}],"version-history":[{"count":3,"href":"https:\/\/gazetaregionalna.com\/index.php?rest_route=\/wp\/v2\/posts\/29166\/revisions"}],"predecessor-version":[{"id":29198,"href":"https:\/\/gazetaregionalna.com\/index.php?rest_route=\/wp\/v2\/posts\/29166\/revisions\/29198"}],"wp:featuredmedia":[{"embeddable":true,"href":"https:\/\/gazetaregionalna.com\/index.php?rest_route=\/wp\/v2\/media\/29173"}],"wp:attachment":[{"href":"https:\/\/gazetaregionalna.com\/index.php?rest_route=%2Fwp%2Fv2%2Fmedia&parent=29166"}],"wp:term":[{"taxonomy":"category","embeddable":true,"href":"https:\/\/gazetaregionalna.com\/index.php?rest_route=%2Fwp%2Fv2%2Fcategories&post=29166"},{"taxonomy":"post_tag","embeddable":true,"href":"https:\/\/gazetaregionalna.com\/index.php?rest_route=%2Fwp%2Fv2%2Ftags&post=29166"}],"curies":[{"name":"wp","href":"https:\/\/api.w.org\/{rel}","templated":true}]}}