{"id":29131,"date":"2020-12-14T17:57:09","date_gmt":"2020-12-14T17:57:09","guid":{"rendered":"https:\/\/gazetaregionalna.com\/?p=29131"},"modified":"2020-12-14T17:57:11","modified_gmt":"2020-12-14T17:57:11","slug":"papszun-2","status":"publish","type":"post","link":"https:\/\/gazetaregionalna.com\/?p=29131","title":{"rendered":"Trener Rakowa Marek Papszun: 13 kolejka 13-go by\u0142a dla nas udana"},"content":{"rendered":"\n<p>Pi\u0142karze Rakowa po niedzielnej wygranej z Jagielloni\u0105 Bia\u0142ystok przygotowuj\u0105 si\u0119 do ostatniego meczu 2020 roku, w kt\u00f3rym ju\u017c w niedziel\u0119 zmierz\u0105 si\u0119 w Gliwicach z Piastem. Cho\u0107 Piast ostatnio znajduje si\u0119 w dobrej formie to trener Rakowa <strong>Marek Papszun<\/strong> zapowiada, \u017ce jego pi\u0142karze ten rok \u201eb\u0119d\u0105 chcieli zamkn\u0105\u0107 zwyci\u0119stwem\u201d.<\/p>\n\n\n\n<p>Cz\u0119stochowski szkoleniowiec cieszy si\u0119 te\u017c z niedzielnej wygranej 3:2 z siln\u0105 Jagielloni\u0105 Bia\u0142ystok. Trener <strong>Papszun<\/strong> podkre\u015bli\u0142 na niedzielnej konferencji prasowej, \u017ce 13 grudnia i 13 kolejka spotka\u0144 w PKO BP Ekstraklasie by\u0142y dla pi\u0142karzy Rakowa udane.<\/p>\n\n\n\n<p>&#8211; 13 kolejka 13-go by\u0142a dla nas udana \u2013 m\u00f3wi\u0142 po niedzielnym meczu na konferencji prasowej trener Rakowa <strong>Marek Papszun<\/strong>. &#8211; Wygrywamy ostatni mecz w cudzys\u0142owie u siebie i jeste\u015bmy bardzo zadowoleni. Wygrali\u015bmy z trudnym rywalem, rywalem do\u015bwiadczonym i bardzo mocnym. W ofensywie na pewno nie pozwolili\u015bmy im na wiele. Martwi troch\u0119 utrata tych dw\u00f3ch bramek, ale takie sytuacje si\u0119 czasami zdarzaj\u0105. Z przebiegu meczu my\u015bl\u0119, \u017ce pokazali\u015bmy tak\u0105 z\u0142o\u015b\u0107, o kt\u00f3rej m\u00f3wi\u0142em na ostatniej konferencji we Wroc\u0142awiu. I dzisiaj na boisku widzia\u0142em to co chcia\u0142em. Takiego z\u0119ba, du\u017co pozytywnej energii, ale te\u017c walki. Bo dru\u017cyna z Bia\u0142egostoku tez przyjecha\u0142a pozytywnie nastawiona, ale poza ostatnimi 10-15 minutami my\u015bl\u0119, \u017ce mia\u0142a du\u017co k\u0142opot\u00f3w. I by\u0142a w grze tylko dzi\u0119ki temu, \u017ce dopu\u015bcili\u015bmy do tych sytuacji. Cieszymy si\u0119 bardzo, bo zesp\u00f3\u0142 zareagowa\u0142 mega pozytywnie i to najbardziej cieszy, \u017ce wida\u0107 by\u0142o pewno\u015b\u0107 zwyci\u0119stwa. I 3 punkty, kt\u00f3re s\u0105 bardzo cenne na tym etapie rozgrywek. Wi\u0119c gratulacje dla dru\u017cyny, dla ca\u0142ej szatni za to zwyci\u0119stwo. I c\u00f3\u017c. Przygotowujemy si\u0119 do ostatniego meczu tego roku, bardzo udanego dla nas. I b\u0119dziemy chcieli ten rok r\u00f3wnie\u017c zamkn\u0105\u0107 zwyci\u0119stwem.<\/p>\n\n\n\n<figure class=\"wp-block-image size-large\"><img decoding=\"async\" width=\"1024\" height=\"754\" data-src=\"https:\/\/gazetaregionalna.com\/wp-content\/uploads\/2020\/12\/Rakow-Jaga-21-1024x754.jpg\" alt=\"\" class=\"wp-image-29005 lazyload\" data-srcset=\"https:\/\/gazetaregionalna.com\/wp-content\/uploads\/2020\/12\/Rakow-Jaga-21-1024x754.jpg 1024w, https:\/\/gazetaregionalna.com\/wp-content\/uploads\/2020\/12\/Rakow-Jaga-21-300x221.jpg 300w, https:\/\/gazetaregionalna.com\/wp-content\/uploads\/2020\/12\/Rakow-Jaga-21-768x565.jpg 768w, https:\/\/gazetaregionalna.com\/wp-content\/uploads\/2020\/12\/Rakow-Jaga-21-1536x1130.jpg 1536w, https:\/\/gazetaregionalna.com\/wp-content\/uploads\/2020\/12\/Rakow-Jaga-21-80x60.jpg 80w, https:\/\/gazetaregionalna.com\/wp-content\/uploads\/2020\/12\/Rakow-Jaga-21-696x512.jpg 696w, https:\/\/gazetaregionalna.com\/wp-content\/uploads\/2020\/12\/Rakow-Jaga-21-1068x786.jpg 1068w, https:\/\/gazetaregionalna.com\/wp-content\/uploads\/2020\/12\/Rakow-Jaga-21-571x420.jpg 571w, https:\/\/gazetaregionalna.com\/wp-content\/uploads\/2020\/12\/Rakow-Jaga-21.jpg 1200w\" data-sizes=\"(max-width: 1024px) 100vw, 1024px\" src=\"data:image\/svg+xml;base64,PHN2ZyB3aWR0aD0iMSIgaGVpZ2h0PSIxIiB4bWxucz0iaHR0cDovL3d3dy53My5vcmcvMjAwMC9zdmciPjwvc3ZnPg==\" style=\"--smush-placeholder-width: 1024px; --smush-placeholder-aspect-ratio: 1024\/754;\" \/><\/figure>\n\n\n\n<p>Foto: Gazeta Regionalna <\/p>\n","protected":false},"excerpt":{"rendered":"<p>Pi\u0142karze Rakowa po niedzielnej wygranej z Jagielloni\u0105 Bia\u0142ystok przygotowuj\u0105 si\u0119 do ostatniego meczu 2020 roku, w kt\u00f3rym ju\u017c w niedziel\u0119 zmierz\u0105 si\u0119 w Gliwicach<\/p>\n","protected":false},"author":15,"featured_media":28987,"comment_status":"open","ping_status":"open","sticky":false,"template":"","format":"standard","meta":{"_monsterinsights_skip_tracking":false,"_monsterinsights_sitenote_active":false,"_monsterinsights_sitenote_note":"","_monsterinsights_sitenote_category":0,"_uf_show_specific_survey":0,"_uf_disable_surveys":false,"footnotes":""},"categories":[5,6],"tags":[],"class_list":["post-29131","post","type-post","status-publish","format-standard","has-post-thumbnail","hentry","category-sport","category-pilka-nozna"],"_links":{"self":[{"href":"https:\/\/gazetaregionalna.com\/index.php?rest_route=\/wp\/v2\/posts\/29131","targetHints":{"allow":["GET"]}}],"collection":[{"href":"https:\/\/gazetaregionalna.com\/index.php?rest_route=\/wp\/v2\/posts"}],"about":[{"href":"https:\/\/gazetaregionalna.com\/index.php?rest_route=\/wp\/v2\/types\/post"}],"author":[{"embeddable":true,"href":"https:\/\/gazetaregionalna.com\/index.php?rest_route=\/wp\/v2\/users\/15"}],"replies":[{"embeddable":true,"href":"https:\/\/gazetaregionalna.com\/index.php?rest_route=%2Fwp%2Fv2%2Fcomments&post=29131"}],"version-history":[{"count":1,"href":"https:\/\/gazetaregionalna.com\/index.php?rest_route=\/wp\/v2\/posts\/29131\/revisions"}],"predecessor-version":[{"id":29132,"href":"https:\/\/gazetaregionalna.com\/index.php?rest_route=\/wp\/v2\/posts\/29131\/revisions\/29132"}],"wp:featuredmedia":[{"embeddable":true,"href":"https:\/\/gazetaregionalna.com\/index.php?rest_route=\/wp\/v2\/media\/28987"}],"wp:attachment":[{"href":"https:\/\/gazetaregionalna.com\/index.php?rest_route=%2Fwp%2Fv2%2Fmedia&parent=29131"}],"wp:term":[{"taxonomy":"category","embeddable":true,"href":"https:\/\/gazetaregionalna.com\/index.php?rest_route=%2Fwp%2Fv2%2Fcategories&post=29131"},{"taxonomy":"post_tag","embeddable":true,"href":"https:\/\/gazetaregionalna.com\/index.php?rest_route=%2Fwp%2Fv2%2Ftags&post=29131"}],"curies":[{"name":"wp","href":"https:\/\/api.w.org\/{rel}","templated":true}]}}