{"id":29127,"date":"2020-12-14T17:39:30","date_gmt":"2020-12-14T17:39:30","guid":{"rendered":"https:\/\/gazetaregionalna.com\/?p=29127"},"modified":"2020-12-14T19:27:59","modified_gmt":"2020-12-14T19:27:59","slug":"kolejarz","status":"publish","type":"post","link":"https:\/\/gazetaregionalna.com\/?p=29127","title":{"rendered":"Chcesz spr\u00f3bowa\u0107 swych si\u0142 w kolarstwie? Zapisz si\u0119 na treningi do Kolejarz Jura Cz\u0119stochowa"},"content":{"rendered":"\n<p>Cz\u0119stochowski Kolarski Klub Sportowy\nKolejarz Jura zaprasza dzieci i m\u0142odzie\u017c na treningi. \n<\/p>\n\n\n\n<p>Kolejarz Jura Cz\u0119stochowa to\nprofesjonalny klub z uznanymi trenerami. Trwa nab\u00f3r do grup dzieci i\nm\u0142odzie\u017cy z rocznik\u00f3w 2007, 2008, 2009, 2010 i 2011. Rodzice i\nopiekunowie zainteresowanych zawodniczek i zawodnik\u00f3w powinni\nkontaktowa\u0107 si\u0119 na numer tel. 502 118 898 w celu uzyskani\ndodatkowych informacji.<\/p>\n\n\n\n<p>Przypomnijmy, \u017ce w sezonie 2020 zawodniczki i zawodnicy Kolejarz Jura Cz\u0119stochowa zdobywali medale w m\u0142odzie\u017cowych mistrzostwach Polski oraz w m\u0142odzie\u017cowych mistrzostwach wojew\u00f3dztwa \u015bl\u0105skiego w kolarstwie.  <\/p>\n\n\n\n<figure class=\"wp-block-image size-large\"><img decoding=\"async\" width=\"1000\" height=\"707\" data-src=\"https:\/\/gazetaregionalna.com\/wp-content\/uploads\/2020\/12\/NaborKolejarz.jpg\" alt=\"\" class=\"wp-image-29128 lazyload\" data-srcset=\"https:\/\/gazetaregionalna.com\/wp-content\/uploads\/2020\/12\/NaborKolejarz.jpg 1000w, https:\/\/gazetaregionalna.com\/wp-content\/uploads\/2020\/12\/NaborKolejarz-300x212.jpg 300w, https:\/\/gazetaregionalna.com\/wp-content\/uploads\/2020\/12\/NaborKolejarz-768x543.jpg 768w, https:\/\/gazetaregionalna.com\/wp-content\/uploads\/2020\/12\/NaborKolejarz-100x70.jpg 100w, https:\/\/gazetaregionalna.com\/wp-content\/uploads\/2020\/12\/NaborKolejarz-696x492.jpg 696w, https:\/\/gazetaregionalna.com\/wp-content\/uploads\/2020\/12\/NaborKolejarz-594x420.jpg 594w\" data-sizes=\"(max-width: 1000px) 100vw, 1000px\" src=\"data:image\/svg+xml;base64,PHN2ZyB3aWR0aD0iMSIgaGVpZ2h0PSIxIiB4bWxucz0iaHR0cDovL3d3dy53My5vcmcvMjAwMC9zdmciPjwvc3ZnPg==\" style=\"--smush-placeholder-width: 1000px; --smush-placeholder-aspect-ratio: 1000\/707;\" \/><\/figure>\n\n\n\n<p>Foto: Materia\u0142y prasowe klubu <\/p>\n","protected":false},"excerpt":{"rendered":"<p>Cz\u0119stochowski Kolarski Klub Sportowy Kolejarz Jura zaprasza dzieci i m\u0142odzie\u017c na treningi. Kolejarz Jura Cz\u0119stochowa to profesjonalny klub z uznanymi trenerami. Trwa nab\u00f3r do<\/p>\n","protected":false},"author":15,"featured_media":29128,"comment_status":"open","ping_status":"open","sticky":false,"template":"","format":"standard","meta":{"_monsterinsights_skip_tracking":false,"_monsterinsights_sitenote_active":false,"_monsterinsights_sitenote_note":"","_monsterinsights_sitenote_category":0,"_uf_show_specific_survey":0,"_uf_disable_surveys":false,"footnotes":""},"categories":[5,11],"tags":[],"class_list":["post-29127","post","type-post","status-publish","format-standard","has-post-thumbnail","hentry","category-sport","category-pozostale"],"_links":{"self":[{"href":"https:\/\/gazetaregionalna.com\/index.php?rest_route=\/wp\/v2\/posts\/29127","targetHints":{"allow":["GET"]}}],"collection":[{"href":"https:\/\/gazetaregionalna.com\/index.php?rest_route=\/wp\/v2\/posts"}],"about":[{"href":"https:\/\/gazetaregionalna.com\/index.php?rest_route=\/wp\/v2\/types\/post"}],"author":[{"embeddable":true,"href":"https:\/\/gazetaregionalna.com\/index.php?rest_route=\/wp\/v2\/users\/15"}],"replies":[{"embeddable":true,"href":"https:\/\/gazetaregionalna.com\/index.php?rest_route=%2Fwp%2Fv2%2Fcomments&post=29127"}],"version-history":[{"count":2,"href":"https:\/\/gazetaregionalna.com\/index.php?rest_route=\/wp\/v2\/posts\/29127\/revisions"}],"predecessor-version":[{"id":29138,"href":"https:\/\/gazetaregionalna.com\/index.php?rest_route=\/wp\/v2\/posts\/29127\/revisions\/29138"}],"wp:featuredmedia":[{"embeddable":true,"href":"https:\/\/gazetaregionalna.com\/index.php?rest_route=\/wp\/v2\/media\/29128"}],"wp:attachment":[{"href":"https:\/\/gazetaregionalna.com\/index.php?rest_route=%2Fwp%2Fv2%2Fmedia&parent=29127"}],"wp:term":[{"taxonomy":"category","embeddable":true,"href":"https:\/\/gazetaregionalna.com\/index.php?rest_route=%2Fwp%2Fv2%2Fcategories&post=29127"},{"taxonomy":"post_tag","embeddable":true,"href":"https:\/\/gazetaregionalna.com\/index.php?rest_route=%2Fwp%2Fv2%2Ftags&post=29127"}],"curies":[{"name":"wp","href":"https:\/\/api.w.org\/{rel}","templated":true}]}}