{"id":29118,"date":"2020-12-14T15:27:37","date_gmt":"2020-12-14T15:27:37","guid":{"rendered":"https:\/\/gazetaregionalna.com\/?p=29118"},"modified":"2020-12-14T15:31:32","modified_gmt":"2020-12-14T15:31:32","slug":"przedstawiciele-samorzadow-ziemi-czestochowskiej-krytykuja-podzial-srodkow-w-ramach-drugiej-transzy-rzadowego-funduszu-inwestycji-lokalnych-uwazaja-ze-rzad-dyskryminuje-niektore-gminy","status":"publish","type":"post","link":"https:\/\/gazetaregionalna.com\/?p=29118","title":{"rendered":"Przedstawiciele samorz\u0105d\u00f3w Ziemi Cz\u0119stochowskiej krytykuj\u0105 podzia\u0142 \u015brodk\u00f3w w ramach drugiej transzy Rz\u0105dowego Funduszu Inwestycji Lokalnych. Uwa\u017caj\u0105, \u017ce rz\u0105d dyskryminuje niekt\u00f3re gminy"},"content":{"rendered":"\n<h2 class=\"wp-block-heading\">Przedstawiciele samorz\u0105d\u00f3w Ziemi Cz\u0119stochowskiej krytykuj\u0105 podzia\u0142 \u015brodk\u00f3w w ramach drugiej transzy Rz\u0105dowego Funduszu Inwestycji Lokalnych. Ich zdaniem decyzje rz\u0105du s\u0105 niezrozumia\u0142e i nie maj\u0105 \u017cadnego rozs\u0105dnego uzasadnienia.  <\/h2>\n\n\n\n<figure class=\"wp-block-image size-large\"><img decoding=\"async\" width=\"900\" height=\"598\" data-src=\"https:\/\/gazetaregionalna.com\/wp-content\/uploads\/2020\/12\/samorzad2.jpg\" alt=\"\" class=\"wp-image-29122 lazyload\" data-srcset=\"https:\/\/gazetaregionalna.com\/wp-content\/uploads\/2020\/12\/samorzad2.jpg 900w, https:\/\/gazetaregionalna.com\/wp-content\/uploads\/2020\/12\/samorzad2-300x199.jpg 300w, https:\/\/gazetaregionalna.com\/wp-content\/uploads\/2020\/12\/samorzad2-768x510.jpg 768w, https:\/\/gazetaregionalna.com\/wp-content\/uploads\/2020\/12\/samorzad2-696x462.jpg 696w, https:\/\/gazetaregionalna.com\/wp-content\/uploads\/2020\/12\/samorzad2-632x420.jpg 632w\" data-sizes=\"(max-width: 900px) 100vw, 900px\" src=\"data:image\/svg+xml;base64,PHN2ZyB3aWR0aD0iMSIgaGVpZ2h0PSIxIiB4bWxucz0iaHR0cDovL3d3dy53My5vcmcvMjAwMC9zdmciPjwvc3ZnPg==\" style=\"--smush-placeholder-width: 900px; --smush-placeholder-aspect-ratio: 900\/598;\" \/><\/figure>\n\n\n\n<p>Spotkali si\u0119 dzisiaj w Cz\u0119stochowie, aby opowiedzie\u0107 o tym, \u017ce rz\u0105d nie traktuje jednakowo wszystkich samorz\u0105d\u00f3w. <br>Jak argumentuj\u0105 samorz\u0105dowcy,  z niezrozumia\u0142ych dla nich powod\u00f3w, w subregionie  p\u00f3\u0142nocnym s\u0105 samorz\u0105dy, kt\u00f3re nie dosta\u0142y nic lub prawie nic. <\/p>\n\n\n\n<p><br>Dzisiejsze spotkanie odby\u0142o si\u0119 z inicjatywy mi\u0119dzy innymi starosty powiatu k\u0142obuckiego Henryka Kiepury oraz starosty cz\u0119stochowskiego powiatu ziemskiego Krzysztofa Smeli. Kierowane przez nich powiaty s\u0105 w\u0142a\u015bnie przyk\u0142adem zaskakuj\u0105cego podzia\u0142u rz\u0105dowych \u015brodk\u00f3w. Jak poinformowa\u0142 starosta Kiepura, powiat k\u0142obucki nie otrzyma\u0142 w tym podziale \u017cadnych pieni\u0119dzy. Niewiele lepsza jest sytuacja powiatu cz\u0119stochowskiego, kt\u00f3remu rz\u0105d przekaza\u0142 wsparcie w wysoko\u015bci 850 tys. z\u0142otych wy\u0142\u0105cznie na jeden projekt. Podobnie jest tak\u017ce w Cz\u0119stochowie. Miasto,  kt\u00f3re wnioskowa\u0142o o fundusze na 21 zada\u0144, a ma otrzyma\u0107 7,5 mln z\u0142otych na trzy projekty inwestycyjne.<br><br>W spotkaniu poza obydwoma starostami uczestniczyli tak\u017ce: prezydent Cz\u0119stochowy Krzysztof Matyjaszczyk oraz cz\u0119\u015b\u0107 w\u0142odarzy gmin i miast regionu cz\u0119stochowskiego, z teren\u00f3w powiat\u00f3w ziemskiego cz\u0119stochowskiego, k\u0142obuckiego i myszkowskiego.<br>Wszyscy wyra\u017cali swoje zastrze\u017cenia co do zasad podzia\u0142u \u015brodk\u00f3w publicznych, pochodz\u0105cych z podatk\u00f3w wszystkich spo\u0142eczno\u015bci lokalnych w kraju.<br><br>Uczestnicy spotkania zdecydowali si\u0119 skierowa\u0107 do Rz\u0105du RP oraz cz\u0119stochowskich parlamentarzyst\u00f3w apel, w kt\u00f3rym czytamy m.in.<br><em>W wyniku niedawnego podzia\u0142u 4,35 mld z\u0142 \u015brodk\u00f3w w skali kraju, w ramach drugiej transzy rz\u0105dowego Funduszu Inwestycji Lokalnych wiele jednostek samorz\u0105du terytorialnego nie otrzyma \u017cadnych pieni\u0119dzy, a inne skorzystaj\u0105 tylko z symbolicznych \u015brodk\u00f3w. Niekt\u00f3re gminy i powiaty b\u0119d\u0105 za to beneficjentami relatywnie du\u017cego wsparcia.<\/em><\/p>\n\n\n\n<p><em>Samorz\u0105dowcy Ziemi Cz\u0119stochowskiej, w imieniu swoich mieszkanek i mieszka\u0144c\u00f3w, zadaj\u0105 wi\u0119c pytanie, jakie kryteria by\u0142y brane pod uwag\u0119 przy ocenie z\u0142o\u017conych wniosk\u00f3w, czy wprowadzono system oceny projekt\u00f3w i jak\u0105kolwiek punktacj\u0119? (\u2026)<br>Jak tego typu decyzje maj\u0105 si\u0119 do zasad partnerstwa i solidarno\u015bci, tak wa\u017cnych w czasie walki z pandemi\u0105 oraz idei zr\u00f3wnowa\u017conego wsparcia jednostek samorz\u0105du terytorialnego, kt\u00f3r\u0105 powinien realizowa\u0107 fundusz COVID-19? (\u2026)<\/em><\/p>\n\n\n\n<p>(fot. UM Cz\u0119stochowa)<\/p>\n","protected":false},"excerpt":{"rendered":"<p>Przedstawiciele samorz\u0105d\u00f3w Ziemi Cz\u0119stochowskiej krytykuj\u0105 podzia\u0142 \u015brodk\u00f3w w ramach drugiej transzy Rz\u0105dowego Funduszu Inwestycji Lokalnych. Ich zdaniem decyzje rz\u0105du s\u0105 niezrozumia\u0142e i nie maj\u0105<\/p>\n","protected":false},"author":7,"featured_media":29123,"comment_status":"open","ping_status":"open","sticky":false,"template":"","format":"standard","meta":{"_monsterinsights_skip_tracking":false,"_monsterinsights_sitenote_active":false,"_monsterinsights_sitenote_note":"","_monsterinsights_sitenote_category":0,"_uf_show_specific_survey":0,"_uf_disable_surveys":false,"footnotes":""},"categories":[94,3,2],"tags":[],"class_list":["post-29118","post","type-post","status-publish","format-standard","has-post-thumbnail","hentry","category-polecane","category-czestochowa-informacje","category-wiadomosci"],"_links":{"self":[{"href":"https:\/\/gazetaregionalna.com\/index.php?rest_route=\/wp\/v2\/posts\/29118","targetHints":{"allow":["GET"]}}],"collection":[{"href":"https:\/\/gazetaregionalna.com\/index.php?rest_route=\/wp\/v2\/posts"}],"about":[{"href":"https:\/\/gazetaregionalna.com\/index.php?rest_route=\/wp\/v2\/types\/post"}],"author":[{"embeddable":true,"href":"https:\/\/gazetaregionalna.com\/index.php?rest_route=\/wp\/v2\/users\/7"}],"replies":[{"embeddable":true,"href":"https:\/\/gazetaregionalna.com\/index.php?rest_route=%2Fwp%2Fv2%2Fcomments&post=29118"}],"version-history":[{"count":6,"href":"https:\/\/gazetaregionalna.com\/index.php?rest_route=\/wp\/v2\/posts\/29118\/revisions"}],"predecessor-version":[{"id":29126,"href":"https:\/\/gazetaregionalna.com\/index.php?rest_route=\/wp\/v2\/posts\/29118\/revisions\/29126"}],"wp:featuredmedia":[{"embeddable":true,"href":"https:\/\/gazetaregionalna.com\/index.php?rest_route=\/wp\/v2\/media\/29123"}],"wp:attachment":[{"href":"https:\/\/gazetaregionalna.com\/index.php?rest_route=%2Fwp%2Fv2%2Fmedia&parent=29118"}],"wp:term":[{"taxonomy":"category","embeddable":true,"href":"https:\/\/gazetaregionalna.com\/index.php?rest_route=%2Fwp%2Fv2%2Fcategories&post=29118"},{"taxonomy":"post_tag","embeddable":true,"href":"https:\/\/gazetaregionalna.com\/index.php?rest_route=%2Fwp%2Fv2%2Ftags&post=29118"}],"curies":[{"name":"wp","href":"https:\/\/api.w.org\/{rel}","templated":true}]}}