{"id":29082,"date":"2020-12-14T13:35:47","date_gmt":"2020-12-14T13:35:47","guid":{"rendered":"https:\/\/gazetaregionalna.com\/?p=29082"},"modified":"2020-12-14T13:35:49","modified_gmt":"2020-12-14T13:35:49","slug":"przed-swietami-nie-zapomnij-o-bezdomnych-zwierzetach-apeluje-mlodziezowa-rada-miasta-czestochowy-wraz-z-zespolem-szkol-technicznych-ruszyla-zbiorka-darow","status":"publish","type":"post","link":"https:\/\/gazetaregionalna.com\/?p=29082","title":{"rendered":"Przed \u015bwi\u0119tami nie zapomnij o bezdomnych zwierz\u0119tach \u2013 apeluje M\u0142odzie\u017cowa Rada Miasta Cz\u0119stochowy wraz z Zespo\u0142em Szk\u00f3\u0142 Technicznych. Ruszy\u0142a zbi\u00f3rka dar\u00f3w"},"content":{"rendered":"\n<h2 class=\"wp-block-heading\">Przed \u015bwi\u0119tami nie zapomnij o bezdomnych zwierz\u0119tach \u2013 apeluje M\u0142odzie\u017cowa Rada Miasta Cz\u0119stochowy wraz z Zespo\u0142em Szk\u00f3\u0142 Technicznych. Ruszy\u0142a zbi\u00f3rka dar\u00f3w.<\/h2>\n\n\n\n<figure class=\"wp-block-image size-large\"><img decoding=\"async\" width=\"1024\" height=\"683\" data-src=\"https:\/\/gazetaregionalna.com\/wp-content\/uploads\/2020\/12\/Oda1-1024x683.jpg\" alt=\"\" class=\"wp-image-28739 lazyload\" data-srcset=\"https:\/\/gazetaregionalna.com\/wp-content\/uploads\/2020\/12\/Oda1-1024x683.jpg 1024w, https:\/\/gazetaregionalna.com\/wp-content\/uploads\/2020\/12\/Oda1-300x200.jpg 300w, https:\/\/gazetaregionalna.com\/wp-content\/uploads\/2020\/12\/Oda1-768x512.jpg 768w, https:\/\/gazetaregionalna.com\/wp-content\/uploads\/2020\/12\/Oda1-696x464.jpg 696w, https:\/\/gazetaregionalna.com\/wp-content\/uploads\/2020\/12\/Oda1-1068x712.jpg 1068w, https:\/\/gazetaregionalna.com\/wp-content\/uploads\/2020\/12\/Oda1-630x420.jpg 630w, https:\/\/gazetaregionalna.com\/wp-content\/uploads\/2020\/12\/Oda1.jpg 1200w\" data-sizes=\"(max-width: 1024px) 100vw, 1024px\" src=\"data:image\/svg+xml;base64,PHN2ZyB3aWR0aD0iMSIgaGVpZ2h0PSIxIiB4bWxucz0iaHR0cDovL3d3dy53My5vcmcvMjAwMC9zdmciPjwvc3ZnPg==\" style=\"--smush-placeholder-width: 1024px; --smush-placeholder-aspect-ratio: 1024\/683;\" \/><\/figure>\n\n\n\n<p>M\u0142odzi cz\u0119stochowianie rozpocz\u0119li dzisiaj zbi\u00f3rk\u0119 dar\u00f3w dla cz\u0119stochowskiego schroniska oraz organizacji i stowarzysze\u0144 zajmuj\u0105cych si\u0119 niesieniem pomocy bezdomnym czworonogom.<\/p>\n\n\n\n<p>Akcja pod has\u0142em ,,Charytatywnie dla Zwierz\u0105t\u201d potrwa do 21 grudnia.<\/p>\n\n\n\n<p>Pom\u00f3c mo\u017ce ka\u017cdy. Ka\u017cdy tak\u017ce dar si\u0119 liczy. Co mo\u017cna przekaza\u0107? Wszystko, co mo\u017ce si\u0119 przyda\u0107 w opiece nad zwierz\u0119tami, a wi\u0119c koce, poduszki, a tak\u017ce karm\u0119 dla zwierz\u0105t, ale r\u00f3wnie\u017c makarony i inne produkty o d\u0142ugim terminie wa\u017cno\u015bci, kt\u00f3re spo\u017cywa\u0107 mog\u0105 zwierzaki Ch\u0119tnie widziane b\u0119d\u0105 r\u00f3wnie\u017c leki oraz wszelkie akcesoria dla czworonog\u00f3w.<\/p>\n\n\n\n<p>Aby wspom\u00f3c akcj\u0119 ,,Charytatywnie dla\nzwierz\u0105t\u201d, wystarczy odwiedzi\u0107 wydarzenie na Facebooku pod\nlinkiem <a href=\"https:\/\/www.facebook.com\/events\/403528240702222\" target=\"_blank\" rel=\"noreferrer noopener\">https:\/\/www.facebook.com\/events\/403528240702222<\/a>\nb\u0105d\u017a zadzwoni\u0107 pod numer <a href=\"callto:+48%20783%20123%20319\">+48\n783 123 319<\/a> i ustali\u0107 indywidualny termin oraz miejsce odbioru\ndar\u00f3w dla czworonog\u00f3w. Ze wzgl\u0119du na epidemi\u0119 &#8211; produkty b\u0119d\u0105\nodbierane osobi\u015bcie. Akcja potrwa do 21 grudnia.<\/p>\n\n\n\n<p>Zbi\u00f3rk\u0119 dar\u00f3w uruchomiono ponadto w kilku stacjonarnych punktach. W najbli\u017cszy weekend 19 i 20 grudnia w godzinach 10-14 dary mo\u017cna zostawia\u0107 w Centrum Handlowym Jagiello\u0144czycy, obok apteki na parterze oraz 1 pi\u0119trze. Miejsca zbi\u00f3rki wyznaczono r\u00f3wnie\u017c w: Dzielnicowym O\u015brodku Spo\u0142eczno\u015bci Lokalnej, al. Pokoju 13 oraz siedzibie Stowarzyszenia Og\u00f3lnopolskie Niezale\u017cne Stowarzyszenie Mi\u0142o\u015bnik\u00f3w i Hodowc\u00f3w Ps\u00f3w i Kot\u00f3w Rasowych Canis e Catus, al. Pokoju 1.<\/p>\n\n\n\n<p>Organizatorzy akcji licz\u0105 na du\u017cy odzew mieszka\u0144c\u00f3w Cz\u0119stochowy. W trakcie poprzedniej edycji uda\u0142o si\u0119 zebra\u0107 dwie i p\u00f3\u0142 tony karmy oraz oko\u0142o 450 koc\u00f3w, le\u017canek i innych przydatnych artyku\u0142\u00f3w. Oby w tym roku by\u0142o jeszcze lepiej.<\/p>\n","protected":false},"excerpt":{"rendered":"<p>Przed \u015bwi\u0119tami nie zapomnij o bezdomnych zwierz\u0119tach \u2013 apeluje M\u0142odzie\u017cowa Rada Miasta Cz\u0119stochowy wraz z Zespo\u0142em Szk\u00f3\u0142 Technicznych. Ruszy\u0142a zbi\u00f3rka dar\u00f3w. M\u0142odzi cz\u0119stochowianie rozpocz\u0119li<\/p>\n","protected":false},"author":7,"featured_media":29090,"comment_status":"open","ping_status":"open","sticky":false,"template":"","format":"standard","meta":{"_monsterinsights_skip_tracking":false,"_monsterinsights_sitenote_active":false,"_monsterinsights_sitenote_note":"","_monsterinsights_sitenote_category":0,"_uf_show_specific_survey":0,"_uf_disable_surveys":false,"footnotes":""},"categories":[94,3,2],"tags":[],"class_list":["post-29082","post","type-post","status-publish","format-standard","has-post-thumbnail","hentry","category-polecane","category-czestochowa-informacje","category-wiadomosci"],"_links":{"self":[{"href":"https:\/\/gazetaregionalna.com\/index.php?rest_route=\/wp\/v2\/posts\/29082","targetHints":{"allow":["GET"]}}],"collection":[{"href":"https:\/\/gazetaregionalna.com\/index.php?rest_route=\/wp\/v2\/posts"}],"about":[{"href":"https:\/\/gazetaregionalna.com\/index.php?rest_route=\/wp\/v2\/types\/post"}],"author":[{"embeddable":true,"href":"https:\/\/gazetaregionalna.com\/index.php?rest_route=\/wp\/v2\/users\/7"}],"replies":[{"embeddable":true,"href":"https:\/\/gazetaregionalna.com\/index.php?rest_route=%2Fwp%2Fv2%2Fcomments&post=29082"}],"version-history":[{"count":3,"href":"https:\/\/gazetaregionalna.com\/index.php?rest_route=\/wp\/v2\/posts\/29082\/revisions"}],"predecessor-version":[{"id":29089,"href":"https:\/\/gazetaregionalna.com\/index.php?rest_route=\/wp\/v2\/posts\/29082\/revisions\/29089"}],"wp:featuredmedia":[{"embeddable":true,"href":"https:\/\/gazetaregionalna.com\/index.php?rest_route=\/wp\/v2\/media\/29090"}],"wp:attachment":[{"href":"https:\/\/gazetaregionalna.com\/index.php?rest_route=%2Fwp%2Fv2%2Fmedia&parent=29082"}],"wp:term":[{"taxonomy":"category","embeddable":true,"href":"https:\/\/gazetaregionalna.com\/index.php?rest_route=%2Fwp%2Fv2%2Fcategories&post=29082"},{"taxonomy":"post_tag","embeddable":true,"href":"https:\/\/gazetaregionalna.com\/index.php?rest_route=%2Fwp%2Fv2%2Ftags&post=29082"}],"curies":[{"name":"wp","href":"https:\/\/api.w.org\/{rel}","templated":true}]}}