{"id":29040,"date":"2020-12-14T11:33:32","date_gmt":"2020-12-14T11:33:32","guid":{"rendered":"https:\/\/gazetaregionalna.com\/?p=29040"},"modified":"2020-12-14T11:33:34","modified_gmt":"2020-12-14T11:33:34","slug":"magia-swiatecznego-blasku","status":"publish","type":"post","link":"https:\/\/gazetaregionalna.com\/?p=29040","title":{"rendered":"Magia \u015awi\u0105tecznego Blasku w Olsztynie"},"content":{"rendered":"\n<h2 class=\"wp-block-heading\">Magia \u015awi\u0105tecznego Blasku na Rynku w Olsztynie.<\/h2>\n\n\n\n<figure class=\"wp-block-image size-large\"><img decoding=\"async\" width=\"1024\" height=\"768\" data-src=\"https:\/\/gazetaregionalna.com\/wp-content\/uploads\/2020\/12\/\u015bwi\u0105teczne-o\u015bwietlenie-3-1024x768.jpg\" alt=\"\" class=\"wp-image-29044 lazyload\" data-srcset=\"https:\/\/gazetaregionalna.com\/wp-content\/uploads\/2020\/12\/\u015bwi\u0105teczne-o\u015bwietlenie-3-1024x768.jpg 1024w, https:\/\/gazetaregionalna.com\/wp-content\/uploads\/2020\/12\/\u015bwi\u0105teczne-o\u015bwietlenie-3-300x225.jpg 300w, https:\/\/gazetaregionalna.com\/wp-content\/uploads\/2020\/12\/\u015bwi\u0105teczne-o\u015bwietlenie-3-768x576.jpg 768w, https:\/\/gazetaregionalna.com\/wp-content\/uploads\/2020\/12\/\u015bwi\u0105teczne-o\u015bwietlenie-3-1536x1152.jpg 1536w, https:\/\/gazetaregionalna.com\/wp-content\/uploads\/2020\/12\/\u015bwi\u0105teczne-o\u015bwietlenie-3-80x60.jpg 80w, https:\/\/gazetaregionalna.com\/wp-content\/uploads\/2020\/12\/\u015bwi\u0105teczne-o\u015bwietlenie-3-265x198.jpg 265w, https:\/\/gazetaregionalna.com\/wp-content\/uploads\/2020\/12\/\u015bwi\u0105teczne-o\u015bwietlenie-3-696x522.jpg 696w, https:\/\/gazetaregionalna.com\/wp-content\/uploads\/2020\/12\/\u015bwi\u0105teczne-o\u015bwietlenie-3-1068x801.jpg 1068w, https:\/\/gazetaregionalna.com\/wp-content\/uploads\/2020\/12\/\u015bwi\u0105teczne-o\u015bwietlenie-3-560x420.jpg 560w, https:\/\/gazetaregionalna.com\/wp-content\/uploads\/2020\/12\/\u015bwi\u0105teczne-o\u015bwietlenie-3.jpg 1200w\" data-sizes=\"(max-width: 1024px) 100vw, 1024px\" src=\"data:image\/svg+xml;base64,PHN2ZyB3aWR0aD0iMSIgaGVpZ2h0PSIxIiB4bWxucz0iaHR0cDovL3d3dy53My5vcmcvMjAwMC9zdmciPjwvc3ZnPg==\" style=\"--smush-placeholder-width: 1024px; --smush-placeholder-aspect-ratio: 1024\/768;\" \/><figcaption>Fot: Gmina Olsztyn<\/figcaption><\/figure>\n\n\n\n<p>Na Rynku w Gminie Olsztyn pojawi\u0142y si\u0119 \u015bwi\u0105teczne dekoracje i nastrojowe iluminacje, kt\u00f3re wprowadzaj\u0105 mieszka\u0144c\u00f3w oraz odwiedzaj\u0105cych gmin\u0119 w \u015bwi\u0105teczny nastr\u00f3j. <\/p>\n\n\n\n<p>[post_gallery]<\/p>\n\n\n\n<p>Fot: Gmina Olsztyn<\/p>\n","protected":false},"excerpt":{"rendered":"<p>Magia \u015awi\u0105tecznego Blasku na Rynku w Olsztynie. Na Rynku w Gminie Olsztyn pojawi\u0142y si\u0119 \u015bwi\u0105teczne dekoracje i nastrojowe iluminacje, kt\u00f3re wprowadzaj\u0105 mieszka\u0144c\u00f3w oraz odwiedzaj\u0105cych<\/p>\n","protected":false},"author":12,"featured_media":29046,"comment_status":"open","ping_status":"open","sticky":false,"template":"","format":"standard","meta":{"_monsterinsights_skip_tracking":false,"_monsterinsights_sitenote_active":false,"_monsterinsights_sitenote_note":"","_monsterinsights_sitenote_category":0,"_uf_show_specific_survey":0,"_uf_disable_surveys":false,"footnotes":""},"categories":[94,4,2],"tags":[],"class_list":["post-29040","post","type-post","status-publish","format-standard","has-post-thumbnail","hentry","category-polecane","category-region","category-wiadomosci"],"_links":{"self":[{"href":"https:\/\/gazetaregionalna.com\/index.php?rest_route=\/wp\/v2\/posts\/29040","targetHints":{"allow":["GET"]}}],"collection":[{"href":"https:\/\/gazetaregionalna.com\/index.php?rest_route=\/wp\/v2\/posts"}],"about":[{"href":"https:\/\/gazetaregionalna.com\/index.php?rest_route=\/wp\/v2\/types\/post"}],"author":[{"embeddable":true,"href":"https:\/\/gazetaregionalna.com\/index.php?rest_route=\/wp\/v2\/users\/12"}],"replies":[{"embeddable":true,"href":"https:\/\/gazetaregionalna.com\/index.php?rest_route=%2Fwp%2Fv2%2Fcomments&post=29040"}],"version-history":[{"count":2,"href":"https:\/\/gazetaregionalna.com\/index.php?rest_route=\/wp\/v2\/posts\/29040\/revisions"}],"predecessor-version":[{"id":29075,"href":"https:\/\/gazetaregionalna.com\/index.php?rest_route=\/wp\/v2\/posts\/29040\/revisions\/29075"}],"wp:featuredmedia":[{"embeddable":true,"href":"https:\/\/gazetaregionalna.com\/index.php?rest_route=\/wp\/v2\/media\/29046"}],"wp:attachment":[{"href":"https:\/\/gazetaregionalna.com\/index.php?rest_route=%2Fwp%2Fv2%2Fmedia&parent=29040"}],"wp:term":[{"taxonomy":"category","embeddable":true,"href":"https:\/\/gazetaregionalna.com\/index.php?rest_route=%2Fwp%2Fv2%2Fcategories&post=29040"},{"taxonomy":"post_tag","embeddable":true,"href":"https:\/\/gazetaregionalna.com\/index.php?rest_route=%2Fwp%2Fv2%2Ftags&post=29040"}],"curies":[{"name":"wp","href":"https:\/\/api.w.org\/{rel}","templated":true}]}}