{"id":29036,"date":"2020-12-14T10:32:54","date_gmt":"2020-12-14T10:32:54","guid":{"rendered":"https:\/\/gazetaregionalna.com\/?p=29036"},"modified":"2020-12-14T10:32:57","modified_gmt":"2020-12-14T10:32:57","slug":"prawie-4-mln","status":"publish","type":"post","link":"https:\/\/gazetaregionalna.com\/?p=29036","title":{"rendered":"Prawie 4 mln z\u0142 dofinansowania dla Lubli\u0144ca"},"content":{"rendered":"\n<h2 class=\"wp-block-heading\">Lubliniec otrzyma\u0142 3 980 000 mln z\u0142 dofinansowania ze \u015brodk\u00f3w unijnych na realizacj\u0119 programu <strong>\u201eS\u0142oneczny Lubliniec\u201d<\/strong>.<\/h2>\n\n\n\n<p>W ramach Regionalnego Programu Operacyjnego Wojew\u00f3dztwa\n\u015al\u0105skiego z\u0142o\u017cony przez Lubliniec wniosek pn. \u201eProgram S\u0142oneczny Lubliniec &#8211; dostawa i monta\u017c\nkolektor\u00f3w s\u0142onecznych oraz ogniw fotowoltaicznych na terenie Gminy Lubliniec\u201d\nzosta\u0142 pozytywnie oceniony w konkursie. <\/p>\n\n\n\n<p>Decyzj\u0105\nZarz\u0105du Wojew\u00f3dztwa \u015al\u0105skiego z dnia 9 grudnia 2020 roku, a wcze\u015bniej decyzj\u0105\nZarz\u0105du Subregionu Centralnego na 53 z\u0142o\u017cone wnioski, projekt Lubli\u0144ca znalaz\u0142\nsi\u0119 na bardzo wysokiej 3 pozycji.<\/p>\n\n\n\n<p>Otrzymane\ndofinansowanie w ca\u0142o\u015bci przekazane zostanie 280 beneficjentom, kt\u00f3rzy w\nubieg\u0142ych latach z\u0142o\u017cyli wnioski deklaruj\u0105ce ch\u0119\u0107 udzia\u0142u w programie.<\/p>\n\n\n\n<p>Firmy, kt\u00f3re s\u0105 zainteresowane realizacj\u0105 zadania na zlecenie Urz\u0119du Miejskiego, proszone s\u0105 o sk\u0142adanie ofert do 29 stycznie 2021 roku. Wi\u0119cej informacji znajduje si\u0119 na stronie BIP Urz\u0119du Miejskiego w Lubli\u0144cu.\u00a0<\/p>\n\n\n\n<figure class=\"wp-block-image size-large\"><img decoding=\"async\" width=\"801\" height=\"801\" data-src=\"https:\/\/gazetaregionalna.com\/wp-content\/uploads\/2020\/12\/s\u0142oneczny_lubliniec_dofinansowanie.jpg\" alt=\"\" class=\"wp-image-29038 lazyload\" data-srcset=\"https:\/\/gazetaregionalna.com\/wp-content\/uploads\/2020\/12\/s\u0142oneczny_lubliniec_dofinansowanie.jpg 801w, https:\/\/gazetaregionalna.com\/wp-content\/uploads\/2020\/12\/s\u0142oneczny_lubliniec_dofinansowanie-300x300.jpg 300w, https:\/\/gazetaregionalna.com\/wp-content\/uploads\/2020\/12\/s\u0142oneczny_lubliniec_dofinansowanie-150x150.jpg 150w, https:\/\/gazetaregionalna.com\/wp-content\/uploads\/2020\/12\/s\u0142oneczny_lubliniec_dofinansowanie-768x768.jpg 768w, https:\/\/gazetaregionalna.com\/wp-content\/uploads\/2020\/12\/s\u0142oneczny_lubliniec_dofinansowanie-696x696.jpg 696w, https:\/\/gazetaregionalna.com\/wp-content\/uploads\/2020\/12\/s\u0142oneczny_lubliniec_dofinansowanie-420x420.jpg 420w\" data-sizes=\"(max-width: 801px) 100vw, 801px\" src=\"data:image\/svg+xml;base64,PHN2ZyB3aWR0aD0iMSIgaGVpZ2h0PSIxIiB4bWxucz0iaHR0cDovL3d3dy53My5vcmcvMjAwMC9zdmciPjwvc3ZnPg==\" style=\"--smush-placeholder-width: 801px; --smush-placeholder-aspect-ratio: 801\/801;\" \/><figcaption>Fot: UM Lubliniec<\/figcaption><\/figure>\n","protected":false},"excerpt":{"rendered":"<p>Lubliniec otrzyma\u0142 3 980 000 mln z\u0142 dofinansowania ze \u015brodk\u00f3w unijnych na realizacj\u0119 programu \u201eS\u0142oneczny Lubliniec\u201d. W ramach Regionalnego Programu Operacyjnego Wojew\u00f3dztwa \u015al\u0105skiego z\u0142o\u017cony<\/p>\n","protected":false},"author":12,"featured_media":0,"comment_status":"open","ping_status":"open","sticky":false,"template":"","format":"standard","meta":{"_monsterinsights_skip_tracking":false,"_monsterinsights_sitenote_active":false,"_monsterinsights_sitenote_note":"","_monsterinsights_sitenote_category":0,"_uf_show_specific_survey":0,"_uf_disable_surveys":false,"footnotes":""},"categories":[42,25,94,2],"tags":[],"class_list":["post-29036","post","type-post","status-publish","format-standard","hentry","category-finanse","category-lubliniec","category-polecane","category-wiadomosci"],"_links":{"self":[{"href":"https:\/\/gazetaregionalna.com\/index.php?rest_route=\/wp\/v2\/posts\/29036","targetHints":{"allow":["GET"]}}],"collection":[{"href":"https:\/\/gazetaregionalna.com\/index.php?rest_route=\/wp\/v2\/posts"}],"about":[{"href":"https:\/\/gazetaregionalna.com\/index.php?rest_route=\/wp\/v2\/types\/post"}],"author":[{"embeddable":true,"href":"https:\/\/gazetaregionalna.com\/index.php?rest_route=\/wp\/v2\/users\/12"}],"replies":[{"embeddable":true,"href":"https:\/\/gazetaregionalna.com\/index.php?rest_route=%2Fwp%2Fv2%2Fcomments&post=29036"}],"version-history":[{"count":2,"href":"https:\/\/gazetaregionalna.com\/index.php?rest_route=\/wp\/v2\/posts\/29036\/revisions"}],"predecessor-version":[{"id":29039,"href":"https:\/\/gazetaregionalna.com\/index.php?rest_route=\/wp\/v2\/posts\/29036\/revisions\/29039"}],"wp:attachment":[{"href":"https:\/\/gazetaregionalna.com\/index.php?rest_route=%2Fwp%2Fv2%2Fmedia&parent=29036"}],"wp:term":[{"taxonomy":"category","embeddable":true,"href":"https:\/\/gazetaregionalna.com\/index.php?rest_route=%2Fwp%2Fv2%2Fcategories&post=29036"},{"taxonomy":"post_tag","embeddable":true,"href":"https:\/\/gazetaregionalna.com\/index.php?rest_route=%2Fwp%2Fv2%2Ftags&post=29036"}],"curies":[{"name":"wp","href":"https:\/\/api.w.org\/{rel}","templated":true}]}}